{"id":9357,"date":"2011-07-23T11:06:09","date_gmt":"2011-07-23T17:06:09","guid":{"rendered":"https:\/\/eloficiodehistoriar.com.mx\/?p=9357"},"modified":"2011-07-23T11:06:09","modified_gmt":"2011-07-23T17:06:09","slug":"el-vocero-de-la-arquidiocesis-de-mexico-multado-por-el-trife-debido-a-proselitismo-politico","status":"publish","type":"post","link":"http:\/\/eloficiodehistoriar.com.mx\/?p=9357","title":{"rendered":"El vocero de la Arquidi\u00f3cesis de M\u00e9xico multado por el TRIFE debido a proselitismo pol\u00edtico"},"content":{"rendered":"<p>Ciudad de M\u00e9xico: \u201cquieren amordazar a la Iglesia\u201dDel Vatican Insider (ENG) (ITA)<\/p>\n<p>En M\u00e9xico la izquierda pretende amedrentar a la Iglesia. <\/p>\n<p>Quiere callarla, someterla, destruirla. <\/p>\n<p>As\u00ed lo piensa el sacerdote Hugo Valdemar, vocero de la arquidi\u00f3cesis de la capital mexicana quien fue sancionado por las autoridades electorales bajo el delito de \u201cproselitismo pol\u00edtico\u201d.<\/p>\n<p>El pasado 1 de julio el Tribunal Electoral del Poder Judicial de la Federaci\u00f3n ratific\u00f3 la sanci\u00f3n ya impuesta a Valdemar y extendi\u00f3 su responsabilidad al arzobispado de la Ciudad de M\u00e9xico, ampliando el veredicto de culpabilidad a toda la Curia, incluido el cardenal Norberto Rivera Carrera.<\/p>\n<p>Ese fue un cap\u00edtulo m\u00e1s de un \u201cpleito\u201d que lleva meses. \u00bfEl origen? La aprobaci\u00f3n de leyes locales que autorizan las uniones civiles entre homosexuales y la adopci\u00f3n de menores a las parejas del mismo sexo. En agosto de 2010, en una entrevista con un peri\u00f3dico, Hugo Valdemar critic\u00f3 al izquierdista Partido de la Revoluci\u00f3n Democr\u00e1tica (PRD), art\u00edfice de dichas reformas, y sugiri\u00f3 que ning\u00fan cristiano consciente pod\u00eda votar por tal instituto pol\u00edtico.<\/p>\n<p>Los l\u00edderes del PRD se indignaron y denunciaron al sacerdote por \u201cproselitismo pol\u00edtico\u201d. El Instituto Federal Electoral (\u00e1rbitro de las elecciones) lo encontr\u00f3 culpable mientras la Secretar\u00eda de Gobernaci\u00f3n, el ministerio del interior mexicano, lo sancion\u00f3 con una \u201camonestaci\u00f3n p\u00fablica\u201d.<\/p>\n<p>Pero para Valdemar este episodio es uno m\u00e1s de una larga lista. \u00c9l mismo cosecha nueve demandas en su contra mientras el cardenal Rivera Carrera fue denunciado en cinco ocasiones. Adem\u00e1s, grupos ligados a ese partido incursionaron violentamente en la catedral de la Ciudad de M\u00e9xico al menos en 28 ocasiones en los \u00faltimos a\u00f1os, en algunas de las cuales destrozaron bancas, golpearon fieles y hasta rompieron una imagen de la Virgen de Guadalupe.<\/p>\n<p>\u201c(Todo eso) manifiesta un intento por amedrentar a la Iglesia, querer callarla, someterla. El PRD que siempre ha tenido una actitud persecutoria, ahora en forma legal porque no la pueden hacer de manera f\u00edsica y concreta. La manera en como pretenden acallarnos es una persecuci\u00f3n legaloide, que afortunadamente hasta ahora no ha prosperado\u201d, asegur\u00f3 el vocero. En entrevista Valdemar explica sus razones:<br \/>\n\u00bfEs usted culpable de \u201cproselitismo pol\u00edtico\u201d?<\/p>\n<p>Nosotros expresamos nuestra protesta ante esta decisi\u00f3n del tribunal porque no consideramos que tu servidor hizo proselitismo, proselitismo no es una menci\u00f3n aislada en una entrevista a un medio de comunicaci\u00f3n. Para demostrar el proselitismo deber\u00edan comprobarme una reiterada actitud de orientar a la gente para que vaya contra el PRD, cosa que no he hecho.<\/p>\n<p>La Secretar\u00eda de Gobernaci\u00f3n s\u00ed me sancion\u00f3 con una amonestaci\u00f3n. En realidad se trata de un intento violatorio de la libertad de expresi\u00f3n en un esp\u00edritu mas\u00f3nico y anticlerical.<\/p>\n<p>\u00bfConsideran a la sentencia como un atentado contra la libre expresi\u00f3n?<\/p>\n<p>Por supuesto, yo soy un ministro de culto pero antes soy un ciudadano, y como tal tengo derecho a expresarme libremente de las cuestiones sociales que ocurren en mi pa\u00eds. Esta ley es una mordaza contra los ministros de culto que atenta contra los derechos humanos.<\/p>\n<p>Es una aberraci\u00f3n total, una contradicci\u00f3n. El tribunal cometi\u00f3 errores jur\u00eddicos graves lo cual sorprende porque estos personajes son peritos en derecho pero actuaron con una gran ignorancia y una marcada tendencia anticlerical.<\/p>\n<p>\u00bfQu\u00e9 mueve a estas denuncias constantes contra la Iglesia?<\/p>\n<p>Ellos responden a un prejuicio, a\u00fan no superado, contra la Iglesia cat\u00f3lica que viene del Siglo XIX donde creci\u00f3 enormemente la masoner\u00eda y una visi\u00f3n profundamente anticlerical. Quedan resabios muy arraigados de un mal entendido Estado laico donde se entiende que el Estado no convive con la Iglesia, sino que la somete.<\/p>\n<p>Estas personas del PRD provienen de movimientos radicales mao\u00edstas, marxistas y ex guerrilleros, generalmente nutridos por una ideolog\u00eda totalmente anticlerical, anti Iglesia, ven en la Iglesia el enemigo a derrotar, a aniquilar y amordazar. Han pretendido usar las leyes para socavar a la Iglesia, para acabar con ella.<\/p>\n<p>La arquidi\u00f3cesis de M\u00e9xico ha encabezado las cr\u00edticas contra las reformas mientras los dem\u00e1s obispos del pa\u00eds se han mantenido al margen \u00bfustedes se sienten solos?<\/p>\n<p>La problem\u00e1tica se ha dado sobre todo en la capital porque aqu\u00ed se ha aprobado la ley del aborto y las uniones homosexuales que no se han dado en otras partes del pa\u00eds. Evidentemente los otros obispos no han tenido que luchar contra esto, ha sido el cardenal Rivera y la arquidi\u00f3cesis de la Ciudad de M\u00e9xico porque es nuestro deber moral y pastoral.<\/p>\n<p>Nosotros hemos tenido que dar esa batalla de una manera muy ruda porque as\u00ed se nos ha confrontado, en esos t\u00e9rminos. Tratamos siempre de actuar con justicia y caridad. Pero no nos enfrentamos a un enemigo civilizado sino a un opositor anticlerical. Eso muchas veces algunos obispos no lo entienden y lo pueden ver mal, pero tambi\u00e9n es cierto que muchos pastores nos apoyan. Desde hace un a\u00f1o tenemos un abierto respaldo de la Conferencia del Episcopado Mexicano. <\/p>\n<p>Existen s\u00ed algunas cr\u00edticas que son comprensibles porque los se\u00f1ores obispos no est\u00e1n en el ojo del hurac\u00e1n, pueden tener una gran extra\u00f1eza por estas confrontaciones y les pueden parecer exageradas, porque s\u00f3lo quien est\u00e1 en medio de la tormenta sabe la gravedad del problema. Igualmente es mayoritario el apoyo.<\/p>\n<p>Y ahora \u00bfqu\u00e9 procede?<\/p>\n<p>Debemos esperar a ver qu\u00e9 sanci\u00f3n decide poner la Secretar\u00eda de Gobernaci\u00f3n a la arquidi\u00f3cesis, si es que la puede poner porque ellos dicen que no tienen facultades para sancionar. Yo ya estoy sancionado y no puedo ser amonestado dos veces por la misma infracci\u00f3n.<\/p>\n<p>Esto reaviva esa confrontaci\u00f3n que se ha dado con este partido. Una cosa hay que aclarar: nunca hemos buscado nosotros la confrontaci\u00f3n, son ellos los que constantemente han agredido a la Iglesia. Nosotros tenemos derecho a responder.<\/p>\n<p>Derecho a r\u00e9plica en: andresbeltramo@hotmail.com<\/p>\n","protected":false},"excerpt":{"rendered":"<p>Ciudad de M\u00e9xico: \u201cquieren amordazar a la Iglesia\u201dDel Vatican Insider (ENG) (ITA) En M\u00e9xico la izquierda pretende amedrentar a la Iglesia. Quiere callarla, someterla, destruirla. As\u00ed lo piensa el sacerdote Hugo Valdemar, vocero de la arquidi\u00f3cesis de la capital mexicana quien fue sancionado por las autoridades electorales bajo el delito de \u201cproselitismo pol\u00edtico\u201d. El pasado [&hellip;]<\/p>\n","protected":false},"author":249,"featured_media":0,"comment_status":"open","ping_status":"closed","sticky":false,"template":"","format":"standard","meta":{"footnotes":""},"categories":[26],"tags":[],"class_list":["post-9357","post","type-post","status-publish","format-standard","hentry","category-mundo"],"_links":{"self":[{"href":"http:\/\/eloficiodehistoriar.com.mx\/index.php?rest_route=\/wp\/v2\/posts\/9357","targetHints":{"allow":["GET"]}}],"collection":[{"href":"http:\/\/eloficiodehistoriar.com.mx\/index.php?rest_route=\/wp\/v2\/posts"}],"about":[{"href":"http:\/\/eloficiodehistoriar.com.mx\/index.php?rest_route=\/wp\/v2\/types\/post"}],"author":[{"embeddable":true,"href":"http:\/\/eloficiodehistoriar.com.mx\/index.php?rest_route=\/wp\/v2\/users\/249"}],"replies":[{"embeddable":true,"href":"http:\/\/eloficiodehistoriar.com.mx\/index.php?rest_route=%2Fwp%2Fv2%2Fcomments&post=9357"}],"version-history":[{"count":2,"href":"http:\/\/eloficiodehistoriar.com.mx\/index.php?rest_route=\/wp\/v2\/posts\/9357\/revisions"}],"predecessor-version":[{"id":9359,"href":"http:\/\/eloficiodehistoriar.com.mx\/index.php?rest_route=\/wp\/v2\/posts\/9357\/revisions\/9359"}],"wp:attachment":[{"href":"http:\/\/eloficiodehistoriar.com.mx\/index.php?rest_route=%2Fwp%2Fv2%2Fmedia&parent=9357"}],"wp:term":[{"taxonomy":"category","embeddable":true,"href":"http:\/\/eloficiodehistoriar.com.mx\/index.php?rest_route=%2Fwp%2Fv2%2Fcategories&post=9357"},{"taxonomy":"post_tag","embeddable":true,"href":"http:\/\/eloficiodehistoriar.com.mx\/index.php?rest_route=%2Fwp%2Fv2%2Ftags&post=9357"}],"curies":[{"name":"wp","href":"https:\/\/api.w.org\/{rel}","templated":true}]}}