{"id":943,"date":"2008-08-03T09:54:38","date_gmt":"2008-08-03T14:54:38","guid":{"rendered":"https:\/\/eloficiodehistoriar.com.mx\/?p=943"},"modified":"2008-08-03T09:55:57","modified_gmt":"2008-08-03T14:55:57","slug":"943","status":"publish","type":"post","link":"http:\/\/eloficiodehistoriar.com.mx\/?p=943","title":{"rendered":"La tenanchita: Fiesta prehisp\u00e1nica en Quer\u00e9taro"},"content":{"rendered":"<p><a href=\"https:\/\/eloficiodehistoriar.com.mx\/wp-content\/uploads\/2008\/08\/escudo-pagina-118.jpg\" title=\"escudo-pagina-118.jpg\"><img decoding=\"async\" src=\"https:\/\/eloficiodehistoriar.com.mx\/wp-content\/uploads\/2008\/08\/escudo-pagina-118.thumbnail.jpg\" alt=\"escudo-pagina-118.jpg\" \/><\/a><a href=\"https:\/\/eloficiodehistoriar.com.mx\/wp-content\/uploads\/2008\/08\/escudo-pagina-117.jpg\" title=\"escudo-pagina-117.jpg\"><\/a><a href=\"https:\/\/eloficiodehistoriar.com.mx\/wp-content\/uploads\/2008\/08\/escudo-pagina-116.jpg\" title=\"escudo-pagina-116.jpg\"><img decoding=\"async\" src=\"https:\/\/eloficiodehistoriar.com.mx\/wp-content\/uploads\/2008\/08\/escudo-pagina-116.thumbnail.jpg\" alt=\"escudo-pagina-116.jpg\" \/><\/a><a href=\"https:\/\/eloficiodehistoriar.com.mx\/wp-content\/uploads\/2008\/08\/escudo-pagina-119.jpg\" title=\"escudo-pagina-119.jpg\"><img decoding=\"async\" src=\"https:\/\/eloficiodehistoriar.com.mx\/wp-content\/uploads\/2008\/08\/escudo-pagina-119.thumbnail.jpg\" alt=\"escudo-pagina-119.jpg\" \/><\/a><a href=\"https:\/\/eloficiodehistoriar.com.mx\/wp-content\/uploads\/2008\/08\/escudo-pagina-115.jpg\" title=\"escudo-pagina-115.jpg\"><img decoding=\"async\" src=\"https:\/\/eloficiodehistoriar.com.mx\/wp-content\/uploads\/2008\/08\/escudo-pagina-115.thumbnail.jpg\" alt=\"escudo-pagina-115.jpg\" \/><\/a><\/p>\n<h3 style=\"margin: 0cm 0cm 0pt\"><span style=\"font-size: 11pt\" lang=\"ES-TRAD\"><font face=\"Arial\"><span>\u00a0\u00a0\u00a0\u00a0\u00a0\u00a0\u00a0\u00a0 <\/span><st1:personname ProductID=\"La Tenanchita\" w:st=\"on\">La Tenanchita<\/st1:personname><o:p><\/o:p><\/font><\/span><\/h3>\n<p><span lang=\"ES-TRAD\"><o:p><font face=\"Arial\">\u00a0<\/font><\/o:p><\/span><\/p>\n<h4 style=\"margin: 0cm 0cm 0pt\"><span style=\"font-size: 11pt\" lang=\"ES-TRAD\"><font face=\"Arial\"><span>\u00a0\u00a0\u00a0\u00a0\u00a0\u00a0\u00a0\u00a0\u00a0\u00a0\u00a0\u00a0\u00a0\u00a0\u00a0\u00a0\u00a0\u00a0\u00a0\u00a0\u00a0\u00a0\u00a0\u00a0\u00a0\u00a0\u00a0\u00a0\u00a0\u00a0\u00a0\u00a0\u00a0\u00a0\u00a0\u00a0 <\/span><\/font><\/span><\/h4>\n<h4 style=\"margin: 0cm 0cm 0pt\"><span style=\"font-size: 11pt\" lang=\"ES-TRAD\"><font face=\"Arial\"><span><\/span><\/font><\/span><\/h4>\n<h4 style=\"margin: 0cm 0cm 0pt\"><span style=\"font-size: 11pt\" lang=\"ES-TRAD\"><font face=\"Arial\"><span><\/span>Jos\u00e9 F\u00e9lix Zavala<o:p><\/o:p><\/font><\/span><\/h4>\n<p><span lang=\"ES-TRAD\"><o:p><font face=\"Arial\">\u00a0<\/font><\/o:p><\/span><\/p>\n<p style=\"margin: 0cm 0cm 0pt; text-align: justify\" class=\"MsoNormal\"><span lang=\"ES-TRAD\"><\/span><\/p>\n<p style=\"margin: 0cm 0cm 0pt; text-align: justify\" class=\"MsoNormal\"><span lang=\"ES-TRAD\"><\/span><\/p>\n<p><span lang=\"ES-TRAD\"><font face=\"Arial\">Otontecutli preside en Tlachco. Desde hace m\u00e1s de mil quinientos a\u00f1os, la vida de este valle de Quer\u00e9taro, donde los teotihuacanos primero y luego los toltecas dejaron sus huellas, los unos obsidianas y conchas marinas, los otros atlantes y chacmoles.<o:p><\/o:p><\/font><\/span><span lang=\"ES-TRAD\"><o:p><font face=\"Arial\">\u00a0<\/font><\/o:p><\/span><\/p>\n<p style=\"margin: 0cm 0cm 0pt; text-align: justify\" class=\"MsoNormal\"><span lang=\"ES-TRAD\"><\/span><\/p>\n<p><span lang=\"ES-TRAD\"><font face=\"Arial\">Uehueteotl y Amatecutli, han cuidado de este lugar permanentemente y el hombre a cambio levant\u00f3 un monte, con sus propias manos, para de all\u00ed alcanzar los nueve cielos y tener un altar donde ofrecer los frutos de la guerra.<o:p><\/o:p><\/font><\/span><span lang=\"ES-TRAD\"><o:p><font face=\"Arial\">\u00a0<\/font><\/o:p><\/span><\/p>\n<p style=\"margin: 0cm 0cm 0pt; text-align: justify\" class=\"MsoNormal\"><span lang=\"ES-TRAD\"><\/span><\/p>\n<p><span lang=\"ES-TRAD\"><font face=\"Arial\">Los dioses<span>\u00a0 <\/span>encargaron a Cihuacoatl, que permaneciera en silencio junto a su pueblo, mientras ellos se reun\u00edan a discutir la forma de resistir al nuevo dios venido de lejos, el monte levantado por los hombres del lugar, se llen\u00f3 de follaje, tratando de pasar desapercibido.<o:p><\/o:p><\/font><\/span><span lang=\"ES-TRAD\"><o:p><font face=\"Arial\">\u00a0<\/font><\/o:p><\/span><\/p>\n<p style=\"margin: 0cm 0cm 0pt; text-align: justify\" class=\"MsoNormal\"><span lang=\"ES-TRAD\"><\/span><\/p>\n<p><span lang=\"ES-TRAD\"><font face=\"Arial\">En el sitio donde se encuentra la gran pir\u00e1mide o el llamado cerro pel\u00f3n, el cerrito, existe un pueblo que antes de la invasi\u00f3n espa\u00f1ola se le nombraba Tlachco, luego se le llam\u00f3 San Francisco Galileo y finalmente El Pueblito.<o:p><\/o:p><\/font><\/span><span lang=\"ES-TRAD\"><o:p><font face=\"Arial\">\u00a0<\/font><\/o:p><\/span><\/p>\n<p style=\"margin: 0cm 0cm 0pt; text-align: justify\" class=\"MsoNormal\"><span lang=\"ES-TRAD\"><\/span><\/p>\n<p><span lang=\"ES-TRAD\"><font face=\"Arial\">Existe este lugar desde hace muchos a\u00f1os, antes de la llegada del invasor europeo y sobre sus habitantes, residentes inmemoriales del lugar,<span>\u00a0 <\/span>ha reca\u00eddo la responsabilidad de permanecer como pueblo y como cultura, pero sobre todo preservar <st1:personname ProductID=\"La Costumbre\" w:st=\"on\">La Costumbre<\/st1:personname>, volcada principalmente en las fiestas de febrero, donde los tenanches festejan a <st1:personname ProductID=\"la Virgen\" w:st=\"on\">la Virgen<\/st1:personname> y los naturales las fiestas del Tascame.<o:p><\/o:p><\/font><\/span><span lang=\"ES-TRAD\"><o:p><font face=\"Arial\">\u00a0<\/font><\/o:p><\/span><\/p>\n<p style=\"margin: 0cm 0cm 0pt; text-align: justify\" class=\"MsoNormal\"><span lang=\"ES-TRAD\"><\/span><\/p>\n<p><span lang=\"ES-TRAD\"><font face=\"Arial\">La cultura de Chup\u00edcuaro, por el a\u00f1o <st1:metricconverter ProductID=\"300 a\" w:st=\"on\">300 a<\/st1:metricconverter>. C., la teotihuacana, hacia el a\u00f1o 300 d.C.,<span>\u00a0 <\/span>la tolteca, hacia el a\u00f1o 850 d.C., y<span>\u00a0 <\/span>la cultura Pur\u00e9pecha y Otom\u00ed, contempor\u00e1nea<span>\u00a0 <\/span>a la llegada de los invasores, le han dado a esta poblaci\u00f3n una continuidad de habitaci\u00f3n de cerca de los dos mil a\u00f1os.<o:p><\/o:p><\/font><\/span><span lang=\"ES-TRAD\"><o:p><font face=\"Arial\">\u00a0<\/font><\/o:p><\/span><\/p>\n<p style=\"margin: 0cm 0cm 0pt; text-align: justify\" class=\"MsoNormal\"><span lang=\"ES-TRAD\"><\/span><\/p>\n<p><span lang=\"ES-TRAD\"><font face=\"Arial\">Han tenido estas culturas, como com\u00fan denominador, la veneraci\u00f3n por la figura femenina, cuyas deidades han jugado un papel predominante en los pueblos mesoamericanos.<o:p><\/o:p><\/font><\/span><span lang=\"ES-TRAD\"><o:p><font face=\"Arial\">\u00a0<\/font><\/o:p><\/span><\/p>\n<p style=\"margin: 0cm 0cm 0pt; text-align: justify\" class=\"MsoNormal\"><span lang=\"ES-TRAD\"><\/span><\/p>\n<p><span lang=\"ES-TRAD\"><font face=\"Arial\">La pir\u00e1mide que se encuentra all\u00ed levantada junto con la zona de <st1:personname ProductID=\"la Negreta\" w:st=\"on\">la Negreta<\/st1:personname>, formaron un cruce de caminos <span>\u00a0<\/span>de intercambio entre mesoamerica,<span>\u00a0 <\/span>la gran chichimeca y el pac\u00edfico, cre\u00e1ndose all\u00ed un centro ceremonial de gran esplendor, alrededor del los a\u00f1os <st1:metricconverter ProductID=\"800 a\" w:st=\"on\">800 a<\/st1:metricconverter> 1100 d.C. y formado parte ya en el siglo XlV de la frontera entre el pueblo Azteca y el Puer\u00e9pecha.<o:p><\/o:p><\/font><\/span><span lang=\"ES-TRAD\"><o:p><font face=\"Arial\">\u00a0<\/font><\/o:p><\/span><\/p>\n<p style=\"margin: 0cm 0cm 0pt; text-align: justify\" class=\"MsoNormal\"><span lang=\"ES-TRAD\"><\/span><\/p>\n<p><span lang=\"ES-TRAD\"><font face=\"Arial\">\u201cIgn\u00f3rase la fecha de su fundaci\u00f3n en tiempos de la gentilidad, solo consta que esta poblaci\u00f3n ya exist\u00eda cuando Quer\u00e9taro fue conquistado en 1531, por los caciques, Don Fernando De Tapia y Don Nicol\u00e1s De San Luis de Monta\u00f1\u00e9s y que era un pueblo tributario del imperio Azteca\u201d.<o:p><\/o:p><\/font><\/span><span lang=\"ES-TRAD\"><o:p><font face=\"Arial\">\u00a0<\/font><\/o:p><\/span><\/p>\n<p style=\"margin: 0cm 0cm 0pt; text-align: justify\" class=\"MsoNormal\"><span lang=\"ES-TRAD\"><\/span><\/p>\n<p><span lang=\"ES-TRAD\"><font face=\"Arial\">\u201cA la parte norte y muy cerca de la poblaci\u00f3n se yergue una pir\u00e1mide monumental constru\u00edda a mano por los id\u00f3latras abor\u00edgenes, a donde acud\u00edan a ofrecer sacrificios y a consultar sus or\u00e1culos\u201d.<o:p><\/o:p><\/font><\/span><span lang=\"ES-TRAD\"><o:p><font face=\"Arial\">\u00a0<\/font><\/o:p><\/span><\/p>\n<p style=\"margin: 0cm 0cm 0pt; text-align: justify\" class=\"MsoNormal\"><span lang=\"ES-TRAD\"><\/span><\/p>\n<p><span lang=\"ES-TRAD\"><font face=\"Arial\">Lo anterior lo dijo el can\u00f3nigo Ces\u00e1reo Mungu\u00eda, sobre El Pueblito y sus habitantes, a\u00f1adiendo: \u201cSon estos ind\u00edgenas profundamente religiosos\u201d. Su decir apoya lo que los antrop\u00f3logos han encontrado sobre el comportamiento de los habitantes del lugar y la arqueolog\u00eda<span>\u00a0 <\/span>ha encontrado en los vestigios encontrados en la zona. <o:p><\/o:p><\/font><\/span><span lang=\"ES-TRAD\"><o:p><font face=\"Arial\">\u00a0<\/font><\/o:p><\/span><\/p>\n<p style=\"margin: 0cm 0cm 0pt; text-align: justify\" class=\"MsoNormal\"><span lang=\"ES-TRAD\"><\/span><\/p>\n<p><span lang=\"ES-TRAD\"><font face=\"Arial\">La pir\u00e1mide monumental que all\u00ed se encuentra, demuestra la importancia del intercambio y el asiento de dominio que sobre una extensa zona de la regi\u00f3n se daba, debido a su f\u00e9rtil valle y a la sustentada actividad econ\u00f3mica y social.<o:p><\/o:p><\/font><\/span><span lang=\"ES-TRAD\"><o:p><font face=\"Arial\">\u00a0<\/font><\/o:p><\/span><\/p>\n<p style=\"margin: 0cm 0cm 0pt; text-align: justify\" class=\"MsoNormal\"><span lang=\"ES-TRAD\"><\/span><\/p>\n<p><span lang=\"ES-TRAD\"><font face=\"Arial\">Esta pir\u00e1mide tuvo dos \u00e8pocas de esplendor, una de ascendencia teotihuacana, por los siglos V, Vl, y Vll de la era cristiana y otra tolteca, por los siglos lX y X de la misma era.<o:p><\/o:p><\/font><\/span><span lang=\"ES-TRAD\"><o:p><font face=\"Arial\">\u00a0<\/font><\/o:p><\/span><\/p>\n<p style=\"margin: 0cm 0cm 0pt; text-align: justify\" class=\"MsoNormal\"><span lang=\"ES-TRAD\"><\/span><\/p>\n<p><span lang=\"ES-TRAD\"><font face=\"Arial\">Este pueblo que durante la \u00e9poca pre hisp\u00e1nica se le conoci\u00f3 como Tlachco, durante la colonia su nombre fue el de San Francisco Galileo y desde 1830 se le conoce como El Pueblito. Aqu\u00ed se da un fen\u00f3meno especial con el culto, que desde ni\u00f1o se aprende a dar muy devocionalmente a <st1:personname ProductID=\"la Virgen\" w:st=\"on\">la Virgen<\/st1:personname> de los naturales.<o:p><\/o:p><\/font><\/span><span lang=\"ES-TRAD\"><o:p><font face=\"Arial\">\u00a0<\/font><\/o:p><\/span><\/p>\n<p style=\"margin: 0cm 0cm 0pt; text-align: justify\" class=\"MsoNormal\"><span lang=\"ES-TRAD\"><\/span><\/p>\n<p><span lang=\"ES-TRAD\"><font face=\"Arial\">Para esta poblaci\u00f3n, el culto es de una importancia decisiva, alguien dijo \u201cpor Ti principalmente es por quien Quer\u00e9taro vale algo en presencia de los dem\u00e1s pueblos\u201d.<span>\u00a0 <\/span><o:p><\/o:p><\/font><\/span><span lang=\"ES-TRAD\"><o:p><font face=\"Arial\">\u00a0<\/font><\/o:p><\/span><\/p>\n<p style=\"margin: 0cm 0cm 0pt; text-align: justify\" class=\"MsoNormal\"><span lang=\"ES-TRAD\"><\/span><\/p>\n<p><span lang=\"ES-TRAD\"><font face=\"Arial\">La cumbre de este rito es en el mes de febrero, mas exactamente en el mes del calendario mesoamericano anthaxm\u00e9, son las fiestas del tascame y de Xocotl Uetzi, concordando, como fue la costumbre durante la conquista espiritual, con la pascua cat\u00f3lica.<o:p><\/o:p><\/font><\/span><span lang=\"ES-TRAD\"><o:p><font face=\"Arial\">\u00a0<\/font><\/o:p><\/span><\/p>\n<p style=\"margin: 0cm 0cm 0pt; text-align: justify\" class=\"MsoNormal\"><span lang=\"ES-TRAD\"><\/span><\/p>\n<p><span lang=\"ES-TRAD\"><font face=\"Arial\">\u201cLos ind\u00edgenas de San Francisco Galileo, permanec\u00edan fieles a sus creencias tradicionales, a\u00fan los que hab\u00edan sido bautizados y asist\u00edan al catecismo, al santo sacrificio de la misa y otras pr\u00e1cticas cristianas. Sub\u00edan a la pir\u00e1mide, llamada el gran cue a adorar sus dioses. Esta mezcla de costumbres religiosas se hallaba fuertemente arraigada en la poblaci\u00f3n&#8230;\u201d<o:p><\/o:p><\/font><\/span><span lang=\"ES-TRAD\"><o:p><font face=\"Arial\">\u00a0<\/font><\/o:p><\/span><\/p>\n<p style=\"margin: 0cm 0cm 0pt; text-align: justify\" class=\"MsoNormal\"><span lang=\"ES-TRAD\"><\/span><\/p>\n<p><span lang=\"ES-TRAD\"><font face=\"Arial\">\u201cLos otom\u00edes ten\u00edan tres sacerdotes, los cuales en algunos bosques espesos y desviados del pueblo, se juntaban de noche con sus disc\u00edpulos y secuaces en tres jacales de paja o helechos, para celebrar las fiestas de los meses. Para estos d\u00edas aderezaban las chozas, con juncia, ramos verdes, flores, ramilletes y esteras pintadas,<span>\u00a0 <\/span>en medio pon\u00edan una mesilla que se cubr\u00eda con pa\u00f1os de algod\u00f3n, un bracero con brazas, dos vasos en que echaban su bebida, adem\u00e1s incienso y el papel, hecho de esteras muy pintadas&#8230;\u201d. Dice Esteban Garc\u00eda.<o:p><\/o:p><\/font><\/span><span lang=\"ES-TRAD\"><o:p><font face=\"Arial\">\u00a0<\/font><\/o:p><\/span><\/p>\n<p style=\"margin: 0cm 0cm 0pt; text-align: justify\" class=\"MsoNormal\"><span lang=\"ES-TRAD\"><\/span><\/p>\n<p><span lang=\"ES-TRAD\"><font face=\"Arial\">El fraile Franciscano Sebasti\u00e1n Gallegos, realiz\u00f3 en los albores del siglo XVll una imagen de <st1:personname ProductID=\"la Pur\u00edsima Concepci\u00f3n\" w:st=\"on\">la Pur\u00edsima Concepci\u00f3n<\/st1:personname>, en pasta de ca\u00f1a, al puro estilo tarasco de P\u00e1tzcuaro y la obsequi\u00f3 al cura de Quer\u00e9taro Nicol\u00e1s Zamora. <o:p><\/o:p><\/font><\/span><span lang=\"ES-TRAD\"><o:p><font face=\"Arial\">\u00a0<\/font><\/o:p><\/span><\/p>\n<p style=\"margin: 0cm 0cm 0pt; text-align: justify\" class=\"MsoNormal\"><span lang=\"ES-TRAD\"><\/span><\/p>\n<p><span lang=\"ES-TRAD\"><font face=\"Arial\">Cuenta los que saben. \u201cHab\u00eda llegado ya en aquel a\u00f1o casi a lo sumo el desconsuelo de su cura, el venerable padre fray Nicol\u00e1s Zamora por no encontrar el remedio eficaz a tan grave da\u00f1o, cuando entr\u00f3 por la puerta el reverendo y virtuoso padre fray Sebasti\u00e1n Gallegos, hijo de la provincia de San Pedro y San Pablo de Michoac\u00e1n y especialmente diestro en el arte de la escultura, con una imagen formada de su mano, de <st1:personname ProductID=\"la Pur\u00edsima Concepci\u00f3n\" w:st=\"on\">la Pur\u00edsima Concepci\u00f3n<\/st1:personname> de Nuestra Se\u00f1ora&#8230;\u201d, cita de Jos\u00e9 Manuel Rodr\u00edguez, 1769.<o:p><\/o:p><\/font><\/span><span lang=\"ES-TRAD\"><o:p><font face=\"Arial\">\u00a0<\/font><\/o:p><\/span><\/p>\n<p style=\"margin: 0cm 0cm 0pt; text-align: justify\" class=\"MsoNormal\"><span lang=\"ES-TRAD\"><\/span><\/p>\n<p><span lang=\"ES-TRAD\"><font face=\"Arial\">El fraile Hermenegildo Vilaplana nos<span>\u00a0 <\/span>cuenta: \u201cQue por los a\u00f1os de 1632 a\u00fan se hallaba aquel partido del Pueblito en tan infeliz estado, que permanec\u00edan inflexibles a sus idolatr\u00edas, manantial lastimoso de supersticiones y muladar abominable de \u00eddolos. Frecuent\u00edsimas eran all\u00ed las congregaciones de los indios, en un cerrito fabricado a mano, que a\u00fan hoy en d\u00eda se conserva, a consultar sus or\u00e1culos y a tributar incienso al demonio, conservando por este medio el tirano imperio del pr\u00edncipe de las tinieblas y estorbando la dilataci\u00f3n del reino de Jesucristo&#8230;\u201d.<o:p><\/o:p><\/font><\/span><span lang=\"ES-TRAD\"><o:p><font face=\"Arial\">\u00a0<\/font><\/o:p><\/span><\/p>\n<p style=\"margin: 0cm 0cm 0pt; text-align: justify\" class=\"MsoNormal\"><span lang=\"ES-TRAD\"><\/span><\/p>\n<p><span lang=\"ES-TRAD\"><font face=\"Arial\">\u201cVe\u00eda con tristeza que el Pueblito de San Francisco Galileo, ten\u00eda m\u00e1s de id\u00f3latra que de cristiano y con todo y su apost\u00f3lico celo no hab\u00eda logrado mayor fruto en esos ind\u00f3mitos otom\u00edes, pues s\u00ed es verdad que ten\u00edan una capilla levantada por los religiosos, en honor a su santo patriarca San Francisco de As\u00eds, pero ten\u00edan tambi\u00e9n, de tiempo atr\u00e1s, un montecillo con una cueva, \u00fanico templo de los otom\u00edes, centro de sus cultos idol\u00e1tricos&#8230;\u201d. Nos narra Jes\u00fas Garc\u00eda.<o:p><\/o:p><\/font><\/span><span lang=\"ES-TRAD\"><o:p><font face=\"Arial\">\u00a0<\/font><\/o:p><\/span><\/p>\n<p style=\"margin: 0cm 0cm 0pt; text-align: justify\" class=\"MsoNormal\"><span lang=\"ES-TRAD\"><\/span><\/p>\n<p><span lang=\"ES-TRAD\"><font face=\"Arial\">\u201c&#8230; Converg\u00edan al gran cue, por una calzada que los comunicaba con otros centros de poblaci\u00f3n&#8230;\u201d.<o:p><\/o:p><\/font><\/span><span lang=\"ES-TRAD\"><o:p><font face=\"Arial\">\u00a0<\/font><\/o:p><\/span><\/p>\n<p style=\"margin: 0cm 0cm 0pt; text-align: justify\" class=\"MsoNormal\"><span lang=\"ES-TRAD\"><\/span><\/p>\n<p><span lang=\"ES-TRAD\"><font face=\"Arial\">Para el a\u00f1o de 1632 el cura doctrinero de Quer\u00e9taro coloc\u00f3 en las proximidades del gran cue la imagen de <st1:personname ProductID=\"la Virgen\" w:st=\"on\">la Virgen<\/st1:personname><span>\u00a0 <\/span>logrando con este acto \u201cla conversi\u00f3n\u201d al catolicismo de los indios de San Francisco Galileo y con la construcci\u00f3n de una ermita en el lugar y el asentamiento de personas alrededor de ella comienza el culto a <st1:personname ProductID=\"la Virgen\" w:st=\"on\">la Virgen<\/st1:personname> de los Naturales.<o:p><\/o:p><\/font><\/span><span lang=\"ES-TRAD\"><o:p><font face=\"Arial\">\u00a0<\/font><\/o:p><\/span><\/p>\n<p style=\"margin: 0cm 0cm 0pt; text-align: justify\" class=\"MsoNormal\"><span lang=\"ES-TRAD\"><\/span><\/p>\n<p><span lang=\"ES-TRAD\"><font face=\"Arial\">El 18 de febrero de 1686 se funda la cofrad\u00eda de indios, con la autorizaci\u00f3n del entonces Arzobispo de M\u00e9xico Francisco de Aguiar y Seijas. Esta organizaci\u00f3n social implantada por los invasores les sirve a los indios para mantener cohesi\u00f3n y control sobre su cultura y permanencia.<o:p><\/o:p><\/font><\/span><span lang=\"ES-TRAD\"><o:p><font face=\"Arial\">\u00a0<\/font><\/o:p><\/span><\/p>\n<p style=\"margin: 0cm 0cm 0pt; text-align: justify\" class=\"MsoNormal\"><span lang=\"ES-TRAD\"><\/span><\/p>\n<p><span lang=\"ES-TRAD\"><font face=\"Arial\">La imagen de <st1:personname ProductID=\"la Virgen Madre\" w:st=\"on\">la Virgen Madre<\/st1:personname>, Cihuacoatl y el Tepostecatl, el hijo de una virgen, permanecieron al paso del gran cue, donde se levant\u00f3 una ermita que durante 82 a\u00f1os estuvo en el lugar, esperando la sincretizaci\u00f3n o apropiaci\u00f3n ind\u00edgena de la imagen, su culto y su rito.<o:p><\/o:p><\/font><\/span><span lang=\"ES-TRAD\"><o:p><font face=\"Arial\">\u00a0<\/font><\/o:p><\/span><\/p>\n<p style=\"margin: 0cm 0cm 0pt; text-align: justify\" class=\"MsoNormal\"><span lang=\"ES-TRAD\"><\/span><\/p>\n<p><span lang=\"ES-TRAD\"><font face=\"Arial\">En el a\u00f1o de 1714 fue trasladada a una ermita, levantada ex profeso en el pante\u00f3n, donde dur\u00f3 22 a\u00f1os a la veneraci\u00f3n del pueblo, lugar escogido probablemente debido al gran culto mesoamericano a los antepasados y de gran ascendiente en la poblaci\u00f3n y mientras se constru\u00eda el templo, en el lugar donde se iniciara la veneraci\u00f3n a <st1:personname ProductID=\"la Virgen\" w:st=\"on\">la Virgen<\/st1:personname> de los naturales.<o:p><\/o:p><\/font><\/span><span lang=\"ES-TRAD\"><o:p><font face=\"Arial\">\u00a0<\/font><\/o:p><\/span><\/p>\n<p style=\"margin: 0cm 0cm 0pt; text-align: justify\" class=\"MsoNormal\"><span lang=\"ES-TRAD\"><\/span><\/p>\n<p><span lang=\"ES-TRAD\"><font face=\"Arial\">En el a\u00f1o de 1736 se inaugura el templo dedicado a <st1:personname ProductID=\"la Virgen\" w:st=\"on\">la Virgen<\/st1:personname> del Pueblito, en el mismo sitio de la primera ermita, gracias a la promesa realizada por<span>\u00a0 <\/span>el coronel y alf\u00e9rez real Pedro De Urtiaga, de construirlo a su costa y realizado por su hijo, Jos\u00e9 De Urtiaga, traslad\u00e1ndose la imagen el 5 de febrero de ese a\u00f1o.<o:p><\/o:p><\/font><\/span><span lang=\"ES-TRAD\"><o:p><font face=\"Arial\">\u00a0<\/font><\/o:p><\/span><\/p>\n<p style=\"margin: 0cm 0cm 0pt; text-align: justify\" class=\"MsoNormal\"><span lang=\"ES-TRAD\"><\/span><\/p>\n<p><span lang=\"ES-TRAD\"><font face=\"Arial\">\u201cLos padres franciscanos aprovecharon esta oportunidad para tomar por completo control en el culto que se tributaba a la sant\u00edsima se\u00f1ora, ya que los naturales ten\u00edan una gran injerencia en \u00e9l, al considerar la imagen como algo propio\u201d.<o:p><\/o:p><\/font><\/span><span lang=\"ES-TRAD\"><o:p><font face=\"Arial\">\u00a0<\/font><\/o:p><\/span><\/p>\n<p style=\"margin: 0cm 0cm 0pt; text-align: justify\" class=\"MsoNormal\"><span lang=\"ES-TRAD\"><\/span><\/p>\n<p><span lang=\"ES-TRAD\"><font face=\"Arial\">\u201cPara esto los frailes ofrecieron una r\u00e9plica que fue aceptada con cierta resistencia, aunque posteriormente le tomaron un gran cari\u00f1o\u201d.<o:p><\/o:p><\/font><\/span><span lang=\"ES-TRAD\"><font face=\"Arial\"><span>\u00a0<\/span><o:p><\/o:p><\/font><\/span><\/p>\n<p style=\"margin: 0cm 0cm 0pt; text-align: justify\" class=\"MsoNormal\"><span lang=\"ES-TRAD\"><\/span><\/p>\n<p><span lang=\"ES-TRAD\"><font face=\"Arial\">Estas citas de Esteban L\u00f3pez F.<span>\u00a0 <\/span>Se unen<span>\u00a0 <\/span>a los muchos testimonios que sobre los dos cultos o cultos paralelos, se han venido dando desde que los frailes tomaron control sobre la veneraci\u00f3n a <st1:personname ProductID=\"la Virgen\" w:st=\"on\">la Virgen<\/st1:personname> del Pueblito, culto y control ampliados por el ejercido por la sociedad criolla de la ciudad de Quer\u00e9taro.<o:p><\/o:p><\/font><\/span><span lang=\"ES-TRAD\"><o:p><font face=\"Arial\">\u00a0<\/font><\/o:p><\/span><\/p>\n<p style=\"margin: 0cm 0cm 0pt; text-align: justify\" class=\"MsoNormal\"><span lang=\"ES-TRAD\"><\/span><\/p>\n<p><span lang=\"ES-TRAD\"><font face=\"Arial\">Los indios retomaron su costumbre y siguieron sus tradiciones teniendo como objeto de su devoci\u00f3n la nueva imagen, donde ellos pueden tener dominio, de tal suerte que permanece en la casa del presidente de la mayordom\u00eda de cada a\u00f1o, quien a su vez le improvisa una capilla en su domicilio y se preparan las fiestas que celebrar\u00e1n durante el a\u00f1o.<o:p><\/o:p><\/font><\/span><span lang=\"ES-TRAD\"><o:p><font face=\"Arial\">\u00a0<\/font><\/o:p><\/span><\/p>\n<p style=\"margin: 0cm 0cm 0pt; text-align: justify\" class=\"MsoNormal\"><span lang=\"ES-TRAD\"><\/span><\/p>\n<p><span lang=\"ES-TRAD\"><font face=\"Arial\">En la \u201cRelaci\u00f3n de Quer\u00e9taro\u201d, de Hernando de Vargas dice refiri\u00e9ndose a los indios del Pueblito: \u201cOtras de sus fiestas principales era el inicio del a\u00f1o, correspondiente al mes de febrero de nuestro calendario. Por \u00faltimo ten\u00edan una fiesta principal que se llamaba del Tascame o del Pan Blanco, era muy antigua y de gran solemnidad, todos ofrec\u00edan en esta fiesta a la madre de los dioses, el diezmo de los frutos que cosechaban&#8230;\u201d.<o:p><\/o:p><\/font><\/span><span lang=\"ES-TRAD\"><o:p><font face=\"Arial\">\u00a0<\/font><\/o:p><\/span><\/p>\n<p style=\"margin: 0cm 0cm 0pt; text-align: justify\" class=\"MsoNormal\"><span lang=\"ES-TRAD\"><\/span><\/p>\n<p><span lang=\"ES-TRAD\"><font face=\"Arial\">\u201cEste duplicado es el que se conoce como <st1:personname ProductID=\"la Virgen\" w:st=\"on\">la Virgen<\/st1:personname> de los naturales o Virgen de la mayordom\u00eda o <st1:personname ProductID=\"La Tenanchita\" w:st=\"on\">La Tenanchita<\/st1:personname> (tenanche quiere decir en pur\u00e9pecha, servidora del pueblo). Es probable que en esta \u00e9poca se pueda considerar la formaci\u00f3n de la corporaci\u00f3n de la mayordom\u00eda\u201d.<o:p><\/o:p><\/font><\/span><span lang=\"ES-TRAD\"><o:p><font face=\"Arial\">\u00a0<\/font><\/o:p><\/span><\/p>\n<p style=\"margin: 0cm 0cm 0pt; text-align: justify\" class=\"MsoNormal\"><span lang=\"ES-TRAD\"><\/span><\/p>\n<p><span lang=\"ES-TRAD\"><font face=\"Arial\">\u201cTambi\u00e9n por esta \u00e9poca (1732), <st1:personname ProductID=\"la Virgen\" w:st=\"on\">la Virgen<\/st1:personname> de la mayordom\u00eda comienza a recibir el culto de los naturales en forma independiente, con una m\u00ednima influencia de los padres franciscanos, por tanto, con una mezcla de muchas de sus antiguas costumbres\u201d.<o:p><\/o:p><\/font><\/span><span lang=\"ES-TRAD\"><o:p><font face=\"Arial\">\u00a0<\/font><\/o:p><\/span><\/p>\n<p style=\"margin: 0cm 0cm 0pt; text-align: justify\" class=\"MsoNormal\"><span lang=\"ES-TRAD\"><\/span><\/p>\n<p><span lang=\"ES-TRAD\"><font face=\"Arial\">Las citas anteriores que corresponden a Esteban L\u00f3pez, han sido confirmadas por los indios del lugar, lament\u00e1ndose de que a partir de la coronaci\u00f3n pontificia de <st1:personname ProductID=\"la Virgen\" w:st=\"on\">la Virgen<\/st1:personname> del Pueblito en 1946, se admiti\u00f3 a <st1:personname ProductID=\"la Corporaci\u00f3n\" w:st=\"on\">la Corporaci\u00f3n<\/st1:personname> de la mayordom\u00eda a \u201cgente de raz\u00f3n\u201d, pero tambi\u00e9n se\u00f1alan el triunfo obtenido, ya que la imagen ha recibido nuevamente<span>\u00a0 <\/span>culto en la pir\u00e1mide, despu\u00e9s de trescientos a\u00f1os de no tenerlo a partir de 1939.<span>\u00a0 <\/span><o:p><\/o:p><\/font><\/span><span lang=\"ES-TRAD\"><o:p><font face=\"Arial\">\u00a0<\/font><\/o:p><\/span><\/p>\n<p style=\"margin: 0cm 0cm 0pt; text-align: justify\" class=\"MsoNormal\"><span lang=\"ES-TRAD\"><\/span><\/p>\n<p><span lang=\"ES-TRAD\"><font face=\"Arial\">El pueblo otom\u00ed, ten\u00eda varias fiestas principales, las fiestas ordinarias, eran cada veinte d\u00edas, de acuerdo al calendario mesoamericano. Otra de sus fiestas importantes era la correspondiente al mes de febrero del calendario juliano y la del Tascame o fiesta del pan blanco, muy antigua y de gran solemnidad, dedicada a <st1:personname ProductID=\"la Madre\" w:st=\"on\">la Madre<\/st1:personname> de los dioses o Madre Vieja.<o:p><\/o:p><\/font><\/span><span lang=\"ES-TRAD\"><o:p><font face=\"Arial\">\u00a0<\/font><\/o:p><\/span><\/p>\n<p style=\"margin: 0cm 0cm 0pt; text-align: justify\" class=\"MsoNormal\"><span lang=\"ES-TRAD\"><\/span><\/p>\n<p><span lang=\"ES-TRAD\"><font face=\"Arial\">Las fiestas principales de los indios actuales del Pueblito, siguen siendo en el mes de febrero y tienen una gran solemnidad y trascendencia social.<o:p><\/o:p><\/font><\/span><span lang=\"ES-TRAD\"><o:p><font face=\"Arial\">\u00a0<\/font><\/o:p><\/span><\/p>\n<p style=\"margin: 0cm 0cm 0pt\" class=\"MsoBodyText\"><span style=\"font-size: 11pt\" lang=\"ES-TRAD\"><\/span><\/p>\n<p><span style=\"font-size: 11pt\" lang=\"ES-TRAD\"><em><font face=\"Arial\">Los habitantes de Tlachco<span>\u00a0 <\/span>o el Pueblito celebran la entrada de la primavera con toda la riqueza cultural de sus antepasados, es la fiesta de la madre Vieja.<o:p><\/o:p><\/font><\/em><\/span><span lang=\"ES-TRAD\"><o:p><font face=\"Arial\">\u00a0<\/font><\/o:p><\/span><\/p>\n<p style=\"margin: 0cm 0cm 0pt; text-align: justify\" class=\"MsoNormal\"><span lang=\"ES-TRAD\"><\/span><\/p>\n<p><span lang=\"ES-TRAD\"><font face=\"Arial\">Se inicia con <st1:personname ProductID=\"la Velaci\u00f3n\" w:st=\"on\">la Velaci\u00f3n<\/st1:personname>, como toda fiesta importante entre el pueblo mesoamericano, es la noche de la purificaci\u00f3n, donde las flores,<span>\u00a0 <\/span>nube, hinojo, clavel y las velas,<span>\u00a0 <\/span>m\u00e1s el sahumador, son los utensilios para \u201cla limpia\u201d.<o:p><\/o:p><\/font><\/span><span lang=\"ES-TRAD\"><o:p><font face=\"Arial\">\u00a0<\/font><\/o:p><\/span><\/p>\n<p style=\"margin: 0cm 0cm 0pt; text-align: justify\" class=\"MsoNormal\"><span lang=\"ES-TRAD\"><\/span><\/p>\n<p><span lang=\"ES-TRAD\"><font face=\"Arial\">Se prepara una Paranda o mesa hexagonal, con figuras de az\u00facar y bulbos de orqu\u00eddeas, simulando vasos de chocolate y rebanadas de fruta, mel\u00f3n, sand\u00eda, ca\u00f1a. Que. Ser\u00e1 entregada a la mayordom\u00eda entrante. Este es uno de los momentos importantes de la celebraci\u00f3n<o:p><\/o:p><\/font><\/span><span lang=\"ES-TRAD\"><o:p><font face=\"Arial\">\u00a0<\/font><\/o:p><\/span><\/p>\n<p style=\"margin: 0cm 0cm 0pt; text-align: justify\" class=\"MsoNormal\"><span lang=\"ES-TRAD\"><\/span><\/p>\n<p><span lang=\"ES-TRAD\"><font face=\"Arial\">Existe dentro de las fiestas de febrero, una ceremonia llamada Tratoli, consistente en llamar a la puerta, tres veces, por parte del mayordomo saliente al mayordomo entrante, lo sah\u00fama, mientras la banda de m\u00fasica toca y los cohetes, son lanzados al cielo.<o:p><\/o:p><\/font><\/span><span lang=\"ES-TRAD\"><o:p><font face=\"Arial\">\u00a0<\/font><\/o:p><\/span><\/p>\n<p style=\"margin: 0cm 0cm 0pt; text-align: justify\" class=\"MsoNormal\"><span lang=\"ES-TRAD\"><\/span><\/p>\n<p><span lang=\"ES-TRAD\"><font face=\"Arial\">A la ceremonia de cambio de mayordom\u00eda se le conoce como <st1:personname ProductID=\"La Remuda\" w:st=\"on\">La Remuda<\/st1:personname>, donde se coloca sobre la cabeza de cada tenanche, un paliacate, un sombrero de az\u00facar y se le entrega un plat\u00f3n con figuras de dulce, son doce los tenanches que dejan el cargo y doce los que lo reciben.<o:p><\/o:p><\/font><\/span><span lang=\"ES-TRAD\"><o:p><font face=\"Arial\">\u00a0<\/font><\/o:p><\/span><\/p>\n<p style=\"margin: 0cm 0cm 0pt; text-align: justify\" class=\"MsoNormal\"><span lang=\"ES-TRAD\"><\/span><\/p>\n<p><span lang=\"ES-TRAD\"><font face=\"Arial\">Para la preparaci\u00f3n de la fiesta existe un d\u00eda llamado \u201cPaseo del buey\u201d, donde dos bueyes adornados con verdura, zanahoria, coles, ajos, cebolla y tortillas de colores, es paseado por<span>\u00a0 <\/span>el pueblo y despu\u00e9s sacrificado para alimento de los festejados.<o:p><\/o:p><\/font><\/span><span lang=\"ES-TRAD\"><o:p><font face=\"Arial\">\u00a0<\/font><\/o:p><\/span><\/p>\n<p style=\"margin: 0cm 0cm 0pt; text-align: justify\" class=\"MsoNormal\"><span lang=\"ES-TRAD\"><\/span><\/p>\n<p><span lang=\"ES-TRAD\"><font face=\"Arial\">Todas estas ceremonias narradas sucintamente, forman parte de otras muchas<span>\u00a0 <\/span>ceremonias ya espa\u00f1olizadas o adheridas en los \u00faltimos tiempos, para celebrar las milenarias fiestas de febrero o del Pan Blanco o de <st1:personname ProductID=\"la Madre\" w:st=\"on\">la Madre<\/st1:personname> de los dioses en el Pueblito.<o:p><\/o:p><\/font><\/span><span lang=\"ES-TRAD\"><o:p><font face=\"Arial\">\u00a0<\/font><\/o:p><\/span><\/p>\n<p style=\"margin: 0cm 0cm 0pt; text-align: justify\" class=\"MsoNormal\"><span lang=\"ES-TRAD\"><\/span><\/p>\n<p><span lang=\"ES-TRAD\"><font face=\"Arial\">Ahora son dedicadas a <st1:personname ProductID=\"la Virgen\" w:st=\"on\">la Virgen<\/st1:personname> esculpida por un fraile franciscano y puesta en la pir\u00e1mide por el cura de Quer\u00e9taro y retomada como una devoci\u00f3n ind\u00edgena sincr\u00e9tica, mientras los frailes crearon en la ciudad la devoci\u00f3n castellana u occidental de la misma imagen llamada cari\u00f1osamente, <st1:personname ProductID=\"La Virgen Del\" w:st=\"on\">La Virgen Del<\/st1:personname> Pueblito.<o:p><\/o:p><\/font><\/span><span lang=\"ES-TRAD\"><o:p><font face=\"Arial\">\u00a0<\/font><\/o:p><\/span><\/p>\n<p style=\"margin: 0cm 0cm 0pt\" class=\"MsoBodyText2\"><span style=\"font-size: 11pt\" lang=\"ES-TRAD\"><\/span><\/p>\n<p><span style=\"font-size: 11pt\" lang=\"ES-TRAD\"><font face=\"Arial\">Puede considerarse al Pueblito o Tlachco, como s\u00edntesis de las manifestaciones culturales de la regi\u00f3n, desarrolladas por la poblaci\u00f3n regional vinculados a los grupos naturales de Am\u00e9rica antes de la llegada de los invasores.<o:p><\/o:p><\/font><\/span><em><span lang=\"ES-TRAD\"><o:p><font face=\"Arial\">\u00a0<\/font><\/o:p><\/span><\/em><\/p>\n<p style=\"margin: 0cm 0cm 0pt; text-align: justify\" class=\"MsoNormal\"><em><span lang=\"ES-TRAD\"><\/span><\/em><\/p>\n<p><em><span lang=\"ES-TRAD\"><font face=\"Arial\">Todo aquel espacio sobre la tierra que hab\u00eda m\u00e1s all\u00e1 de aquella provincia, estaba ocupada por los b\u00e1rbaros otom\u00edes y chichimecas, los cuales no ten\u00edan ocupaci\u00f3n, ni obedec\u00edan soberano alguno.<o:p><\/o:p><\/font><\/span><\/em><span lang=\"ES-TRAD\"><o:p><font face=\"Arial\">\u00a0<\/font><\/o:p><\/span><span lang=\"ES-TRAD\"><o:p><font face=\"Arial\">\u00a0<\/font><\/o:p><\/span><span lang=\"ES-TRAD\"><font face=\"Arial\"><span>\u00a0<\/span><o:p><\/o:p><\/font><\/span><span lang=\"ES-TRAD\"><o:p><font face=\"Arial\">\u00a0<\/font><\/o:p><\/span><span lang=\"ES-TRAD\"><o:p><font face=\"Arial\">\u00a0<\/font><\/o:p><\/span><\/p>\n","protected":false},"excerpt":{"rendered":"<p>\u00a0\u00a0\u00a0\u00a0\u00a0\u00a0\u00a0\u00a0 La Tenanchita \u00a0 \u00a0\u00a0\u00a0\u00a0\u00a0\u00a0\u00a0\u00a0\u00a0\u00a0\u00a0\u00a0\u00a0\u00a0\u00a0\u00a0\u00a0\u00a0\u00a0\u00a0\u00a0\u00a0\u00a0\u00a0\u00a0\u00a0\u00a0\u00a0\u00a0\u00a0\u00a0\u00a0\u00a0\u00a0\u00a0\u00a0 Jos\u00e9 F\u00e9lix Zavala \u00a0 Otontecutli preside en Tlachco. Desde hace m\u00e1s de mil quinientos a\u00f1os, la vida de este valle de Quer\u00e9taro, donde los teotihuacanos primero y luego los toltecas dejaron sus huellas, los unos obsidianas y conchas marinas, los otros atlantes y chacmoles.\u00a0 Uehueteotl y Amatecutli, han cuidado de [&hellip;]<\/p>\n","protected":false},"author":249,"featured_media":0,"comment_status":"open","ping_status":"closed","sticky":false,"template":"","format":"standard","meta":{"footnotes":""},"categories":[8,11,9,7],"tags":[],"class_list":["post-943","post","type-post","status-publish","format-standard","hentry","category-ciudad-de-queretaro","category-fotografia","category-otros-lugares","category-queretaro-pre-hispanico"],"_links":{"self":[{"href":"http:\/\/eloficiodehistoriar.com.mx\/index.php?rest_route=\/wp\/v2\/posts\/943","targetHints":{"allow":["GET"]}}],"collection":[{"href":"http:\/\/eloficiodehistoriar.com.mx\/index.php?rest_route=\/wp\/v2\/posts"}],"about":[{"href":"http:\/\/eloficiodehistoriar.com.mx\/index.php?rest_route=\/wp\/v2\/types\/post"}],"author":[{"embeddable":true,"href":"http:\/\/eloficiodehistoriar.com.mx\/index.php?rest_route=\/wp\/v2\/users\/249"}],"replies":[{"embeddable":true,"href":"http:\/\/eloficiodehistoriar.com.mx\/index.php?rest_route=%2Fwp%2Fv2%2Fcomments&post=943"}],"version-history":[{"count":0,"href":"http:\/\/eloficiodehistoriar.com.mx\/index.php?rest_route=\/wp\/v2\/posts\/943\/revisions"}],"wp:attachment":[{"href":"http:\/\/eloficiodehistoriar.com.mx\/index.php?rest_route=%2Fwp%2Fv2%2Fmedia&parent=943"}],"wp:term":[{"taxonomy":"category","embeddable":true,"href":"http:\/\/eloficiodehistoriar.com.mx\/index.php?rest_route=%2Fwp%2Fv2%2Fcategories&post=943"},{"taxonomy":"post_tag","embeddable":true,"href":"http:\/\/eloficiodehistoriar.com.mx\/index.php?rest_route=%2Fwp%2Fv2%2Ftags&post=943"}],"curies":[{"name":"wp","href":"https:\/\/api.w.org\/{rel}","templated":true}]}}