{"id":948,"date":"2008-08-03T10:53:50","date_gmt":"2008-08-03T15:53:50","guid":{"rendered":"https:\/\/eloficiodehistoriar.com.mx\/?p=948"},"modified":"2008-08-03T10:53:50","modified_gmt":"2008-08-03T15:53:50","slug":"oaxaca-encuentro-con-la-musica","status":"publish","type":"post","link":"http:\/\/eloficiodehistoriar.com.mx\/?p=948","title":{"rendered":"Oaxaca: Encuentro con la m\u00fasica"},"content":{"rendered":"<p align=\"justify\">&nbsp;<\/p>\n<p align=\"justify\"><strong>\u00a0Encuentro con la m\u00fasica en Oaxaca<\/strong><\/p>\n<p align=\"justify\">&nbsp;<\/p>\n<p align=\"justify\">&nbsp;<\/p>\n<p align=\"justify\">Con la participaci\u00f3n de 133 j\u00f3venes ejecutantes, provenientes de 15 pa\u00edses, arranc\u00f3 ayer la parte acad\u00e9mica de Instrumenta Verano, columna vertebral de este encuentro en Oaxaca, con cursos de fortalecimiento musical\u00a0<\/p>\n<p align=\"justify\">Para Ignacio Toscano, director del encuentro, \u201cel enfoque acad\u00e9mico representa el eje motor\u201d de Instrumenta. Prestigiosos m\u00fasicos que conforman la planta acad\u00e9mica de esta edici\u00f3n y los alumnos, asistieron a una sencilla ceremonia inaugural, en la que Toscano agradeci\u00f3 la confianza que ha recibido el programa de desarrollo musical y este encuentro acad\u00e9mico-art\u00edstico, en particular a lo largo de los \u00faltimos cinco a\u00f1os.<\/p>\n<p align=\"justify\">As\u00ed, 133 j\u00f3venes m\u00fasicos provenientes de Australia, Europa, Am\u00e9rica del Norte, Latinoam\u00e9rica y M\u00e9xico iniciaron sus cursos, asesorados por una planta especializada de acad\u00e9micos de primer nivel, conformada por 45 maestros de 18 pa\u00edses.<\/p>\n<p align=\"justify\">En el patio central de la Escuela de Bellas Artes de la Universidad Aut\u00f3noma Benito Ju\u00e1rez de Oaxaca, el director de Instrumenta Verano exhort\u00f3 a los j\u00f3venes a aprovechar los cursos de perfeccionamiento.<\/p>\n<p align=\"justify\">En esta edici\u00f3n, que lleva por nombre Los Colores de la Ciudad, en homenaje a un siglo del natalicio del compositor franc\u00e9s Olivier Messiaen (1908-1992), se brindar\u00e1 un programa acad\u00e9mico que versar\u00e1 sobre varios proyectos: \u201cOlivier Messiaen\u201d, \u201cSilvestre Revueltas\u201d, \u201cBarroco cl\u00e1sico\u201d, \u201cRichard Strauss\u201d, \u201cFormaci\u00f3n de formadores\u201d, \u201cT\u00e9cnica general para alientos\u201d y \u201cCuartetos de cuerdas\u201d.<\/p>\n<p align=\"justify\">El tenor espa\u00f1ol Pl\u00e1cido Domingo y la Premio Nobel de la Paz, Rigoberta Mench\u00fa, ser\u00e1n parte de las personalidades que se dar\u00e1n cita en la cuarta edici\u00f3n del Festival Internacional Chihuahua, Encuentro en la Cultura, a realizarse del 4 de septiembre al 1 de octubre del 2008.<\/p>\n","protected":false},"excerpt":{"rendered":"<p>&nbsp; \u00a0Encuentro con la m\u00fasica en Oaxaca &nbsp; &nbsp; Con la participaci\u00f3n de 133 j\u00f3venes ejecutantes, provenientes de 15 pa\u00edses, arranc\u00f3 ayer la parte acad\u00e9mica de Instrumenta Verano, columna vertebral de este encuentro en Oaxaca, con cursos de fortalecimiento musical\u00a0 Para Ignacio Toscano, director del encuentro, \u201cel enfoque acad\u00e9mico representa el eje motor\u201d de Instrumenta. [&hellip;]<\/p>\n","protected":false},"author":249,"featured_media":0,"comment_status":"open","ping_status":"closed","sticky":false,"template":"","format":"standard","meta":{"footnotes":""},"categories":[26],"tags":[],"class_list":["post-948","post","type-post","status-publish","format-standard","hentry","category-mundo"],"_links":{"self":[{"href":"http:\/\/eloficiodehistoriar.com.mx\/index.php?rest_route=\/wp\/v2\/posts\/948","targetHints":{"allow":["GET"]}}],"collection":[{"href":"http:\/\/eloficiodehistoriar.com.mx\/index.php?rest_route=\/wp\/v2\/posts"}],"about":[{"href":"http:\/\/eloficiodehistoriar.com.mx\/index.php?rest_route=\/wp\/v2\/types\/post"}],"author":[{"embeddable":true,"href":"http:\/\/eloficiodehistoriar.com.mx\/index.php?rest_route=\/wp\/v2\/users\/249"}],"replies":[{"embeddable":true,"href":"http:\/\/eloficiodehistoriar.com.mx\/index.php?rest_route=%2Fwp%2Fv2%2Fcomments&post=948"}],"version-history":[{"count":0,"href":"http:\/\/eloficiodehistoriar.com.mx\/index.php?rest_route=\/wp\/v2\/posts\/948\/revisions"}],"wp:attachment":[{"href":"http:\/\/eloficiodehistoriar.com.mx\/index.php?rest_route=%2Fwp%2Fv2%2Fmedia&parent=948"}],"wp:term":[{"taxonomy":"category","embeddable":true,"href":"http:\/\/eloficiodehistoriar.com.mx\/index.php?rest_route=%2Fwp%2Fv2%2Fcategories&post=948"},{"taxonomy":"post_tag","embeddable":true,"href":"http:\/\/eloficiodehistoriar.com.mx\/index.php?rest_route=%2Fwp%2Fv2%2Ftags&post=948"}],"curies":[{"name":"wp","href":"https:\/\/api.w.org\/{rel}","templated":true}]}}