{"id":949,"date":"2008-08-03T10:56:37","date_gmt":"2008-08-03T15:56:37","guid":{"rendered":"https:\/\/eloficiodehistoriar.com.mx\/?p=949"},"modified":"2008-08-03T10:56:37","modified_gmt":"2008-08-03T15:56:37","slug":"festival-internacional-en-chihuahua","status":"publish","type":"post","link":"http:\/\/eloficiodehistoriar.com.mx\/?p=949","title":{"rendered":"Festival Internacional en Chihuahua&#8230;"},"content":{"rendered":"<p id=\"pres_titulo\" class=\"presidencia_subseccion\"><strong>Festival Internacional Chihuahua<\/strong><\/p>\n<p id=\"pres_fecha\" class=\"presidencia_articulos_fecha\">&nbsp;<\/p>\n<p class=\"presidencia_articulos_fecha\">Ricardo Cer\u00f3n\u00a0<\/p>\n<p id=\"pres_contenido\" class=\"presidencia_contenidos_cuerpo\">\n<p align=\"justify\">El tenor espa\u00f1ol Pl\u00e1cido Domingo y la Premio Nobel de la Paz, Rigoberta Mench\u00fa, ser\u00e1n parte de las personalidades que se dar\u00e1n cita en la cuarta edici\u00f3n del Festival Internacional Chihuahua, Encuentro en la Cultura, a realizarse del 4 de septiembre al 1 de octubre del 2008.<\/p>\n<p align=\"justify\">Para esta ocasi\u00f3n, el festival contar\u00e1 con m\u00e1s de 450 actividades culturales, realizadas por artistas provenientes del 21 pa\u00edses, quienes se presentar\u00e1n en 53 diferentes municipios de la entidad.<\/p>\n<p align=\"justify\">En esta edici\u00f3n Brasil ser\u00e1 el pa\u00eds invitado, por lo que ser\u00e1 representado por la agrupaci\u00f3n musical afrocaribe\u00f1a Olodum, el Ballet Amazonia y la cantante Gal Costa.<\/p>\n<p align=\"justify\">En tanto, Sinaloa y Cuauht\u00e9moc ser\u00e1n el estado y el municipio invitados de esta edici\u00f3n, respectivamente, en la cual se contar\u00e1 con la presencia del grupo de percusiones Stomp y la agrupaci\u00f3n musical-danc\u00edstica African Footprint, proveniente de Sud\u00e1frica.<\/p>\n<p align=\"justify\">Luego de que en 2006 se contar\u00e1 con la presencia del tenor espa\u00f1ol Jos\u00e9 Carreras, en este a\u00f1o nuevamente un tenor ib\u00e9rico, Pl\u00e1cido Domingo, ser\u00e1 la mayor atracci\u00f3n del festival, por lo que ser\u00e1 el encargado del concierto-clausura a realizarse el 1 de octubre en el estadio Ol\u00edmpico Universitario de la ciudad de Chihuahua.<\/p>\n<p align=\"justify\">Dentro del Festival tambi\u00e9n se realizar\u00e1 Om\u00e1wari o Encuentro de Naciones Hermanas, donde se busca fomentar el intercambio cultural entre los diversos pueblos nativos del continente, ahora con el tema del ma\u00edz, donde la principal invitada el d\u00eda 7 de septiembre ser\u00e1 la Premio Nobel guatemalteca, Rigoberta Mench\u00fa.<\/p>\n<p align=\"justify\">El premio Gaw\u00ed T\u00f3nara (que significa pilares del mundo, en lengua rar\u00e1muri), ahora ser\u00e1 concedido a Erasmo Palma por la promoci\u00f3n de la m\u00fasica tradicional de la regi\u00f3n.<\/p>\n<p align=\"justify\">En conferencia de prensa, realizada en el Palacio de Bellas Artes, el gobernador de la entidad, Jos\u00e9 Reyes Baeza Terrazas destac\u00f3 el crecimiento de cualitativo y cuantitativo de este festival, que ahora abarcar\u00e1 53 de los 67 municipios del estado, con actividades tanto en espacios cerrados como p\u00fablicos.<\/p>\n<p align=\"justify\">Consider\u00f3 que el desarrollo cultura y art\u00edstico debe ir a la par con el crecimiento econ\u00f3mico que se registra en la entidad.<\/p>\n<p align=\"justify\">El mandatario estatal hizo \u00e9nfasis en que de no incorporar la cultura al desarrollo econ\u00f3mico se estar\u00eda construyendo una sociedad fr\u00eda, mecanizada, por lo que resulta de vital importancia para Chihuahua promover las actividades art\u00edsticas, sobre todo, ahora que es la quinta econom\u00eda del pa\u00eds.<\/p>\n<p align=\"justify\">Seg\u00fan Ra\u00fal Balderrama Montes, coordinador operativo de esta actividad, el gobierno estatal estar\u00e1 destinando un total de 32 millones de pesos para festival, a lo que habr\u00eda que sumarle los recursos que invertir\u00e1 la iniciativa privada y los gobiernos municipales a edici\u00f3n.<\/p>\n<p align=\"justify\">\u00a0\u00a0<\/p>\n","protected":false},"excerpt":{"rendered":"<p>Festival Internacional Chihuahua &nbsp; Ricardo Cer\u00f3n\u00a0 El tenor espa\u00f1ol Pl\u00e1cido Domingo y la Premio Nobel de la Paz, Rigoberta Mench\u00fa, ser\u00e1n parte de las personalidades que se dar\u00e1n cita en la cuarta edici\u00f3n del Festival Internacional Chihuahua, Encuentro en la Cultura, a realizarse del 4 de septiembre al 1 de octubre del 2008. Para esta [&hellip;]<\/p>\n","protected":false},"author":249,"featured_media":0,"comment_status":"open","ping_status":"closed","sticky":false,"template":"","format":"standard","meta":{"footnotes":""},"categories":[26],"tags":[],"class_list":["post-949","post","type-post","status-publish","format-standard","hentry","category-mundo"],"_links":{"self":[{"href":"http:\/\/eloficiodehistoriar.com.mx\/index.php?rest_route=\/wp\/v2\/posts\/949","targetHints":{"allow":["GET"]}}],"collection":[{"href":"http:\/\/eloficiodehistoriar.com.mx\/index.php?rest_route=\/wp\/v2\/posts"}],"about":[{"href":"http:\/\/eloficiodehistoriar.com.mx\/index.php?rest_route=\/wp\/v2\/types\/post"}],"author":[{"embeddable":true,"href":"http:\/\/eloficiodehistoriar.com.mx\/index.php?rest_route=\/wp\/v2\/users\/249"}],"replies":[{"embeddable":true,"href":"http:\/\/eloficiodehistoriar.com.mx\/index.php?rest_route=%2Fwp%2Fv2%2Fcomments&post=949"}],"version-history":[{"count":0,"href":"http:\/\/eloficiodehistoriar.com.mx\/index.php?rest_route=\/wp\/v2\/posts\/949\/revisions"}],"wp:attachment":[{"href":"http:\/\/eloficiodehistoriar.com.mx\/index.php?rest_route=%2Fwp%2Fv2%2Fmedia&parent=949"}],"wp:term":[{"taxonomy":"category","embeddable":true,"href":"http:\/\/eloficiodehistoriar.com.mx\/index.php?rest_route=%2Fwp%2Fv2%2Fcategories&post=949"},{"taxonomy":"post_tag","embeddable":true,"href":"http:\/\/eloficiodehistoriar.com.mx\/index.php?rest_route=%2Fwp%2Fv2%2Ftags&post=949"}],"curies":[{"name":"wp","href":"https:\/\/api.w.org\/{rel}","templated":true}]}}