{"id":9512,"date":"2011-09-22T22:26:56","date_gmt":"2011-09-23T04:26:56","guid":{"rendered":"https:\/\/eloficiodehistoriar.com.mx\/?p=9512"},"modified":"2011-09-22T22:30:33","modified_gmt":"2011-09-23T04:30:33","slug":"expo-440","status":"publish","type":"post","link":"http:\/\/eloficiodehistoriar.com.mx\/?p=9512","title":{"rendered":"Expo 440"},"content":{"rendered":"<p>Imagina un evento en el que participan todos los creativos y medios vinculados con el mundo de la m\u00fasica.<\/p>\n<p>Sorpr\u00e9ndete en un sitio que re\u00fane los equipos m\u00e1s novedosos de audio e iluminaci\u00f3n, instrumentos musicales vanguardistas y las \u00faltimas incursiones cibern\u00e9ticas e interactivas.<\/p>\n<p>Con\u00e9ctate con los consagrados cantantes, grupos, m\u00fasicos, compositores, productores, promotores, disqueras, distribuidores, empresarios y nuevos talentos musicales.<\/p>\n<p>Relaci\u00f3nate con las principales asociaciones de int\u00e9rpretes, m\u00fasicos y autores y con las empresas que a\u00f1o con a\u00f1o otorgan premios al talento musical.<\/p>\n<p>Vibra envuelto en la m\u00fasica viva de los conciertos, performance y presentaciones de los artistas que entrar\u00e1n a tu mundo.<\/p>\n<p>Interact\u00faa con los m\u00e1s importantes medios de comunicaci\u00f3n.<\/p>\n<p>Crea tu negocio, tu carrera, tu m\u00fasica, tu disco y mucho m\u00e1s en 440 Expo. Recuerda que la imaginaci\u00f3n y la creatividad son las herramientas m\u00e1s eficaces y maravillosas solo para aquellos que las saben utilizar.<\/p>\n<p>22, 23 y 24 de Septiembre de 2011, World Trade Center, Ciudad de M\u00e9xico<\/p>\n","protected":false},"excerpt":{"rendered":"<p>Imagina un evento en el que participan todos los creativos y medios vinculados con el mundo de la m\u00fasica. Sorpr\u00e9ndete en un sitio que re\u00fane los equipos m\u00e1s novedosos de audio e iluminaci\u00f3n, instrumentos musicales vanguardistas y las \u00faltimas incursiones cibern\u00e9ticas e interactivas. Con\u00e9ctate con los consagrados cantantes, grupos, m\u00fasicos, compositores, productores, promotores, disqueras, distribuidores, [&hellip;]<\/p>\n","protected":false},"author":249,"featured_media":0,"comment_status":"open","ping_status":"closed","sticky":false,"template":"","format":"standard","meta":{"footnotes":""},"categories":[21],"tags":[],"class_list":["post-9512","post","type-post","status-publish","format-standard","hentry","category-espectaculos"],"_links":{"self":[{"href":"http:\/\/eloficiodehistoriar.com.mx\/index.php?rest_route=\/wp\/v2\/posts\/9512","targetHints":{"allow":["GET"]}}],"collection":[{"href":"http:\/\/eloficiodehistoriar.com.mx\/index.php?rest_route=\/wp\/v2\/posts"}],"about":[{"href":"http:\/\/eloficiodehistoriar.com.mx\/index.php?rest_route=\/wp\/v2\/types\/post"}],"author":[{"embeddable":true,"href":"http:\/\/eloficiodehistoriar.com.mx\/index.php?rest_route=\/wp\/v2\/users\/249"}],"replies":[{"embeddable":true,"href":"http:\/\/eloficiodehistoriar.com.mx\/index.php?rest_route=%2Fwp%2Fv2%2Fcomments&post=9512"}],"version-history":[{"count":3,"href":"http:\/\/eloficiodehistoriar.com.mx\/index.php?rest_route=\/wp\/v2\/posts\/9512\/revisions"}],"predecessor-version":[{"id":9516,"href":"http:\/\/eloficiodehistoriar.com.mx\/index.php?rest_route=\/wp\/v2\/posts\/9512\/revisions\/9516"}],"wp:attachment":[{"href":"http:\/\/eloficiodehistoriar.com.mx\/index.php?rest_route=%2Fwp%2Fv2%2Fmedia&parent=9512"}],"wp:term":[{"taxonomy":"category","embeddable":true,"href":"http:\/\/eloficiodehistoriar.com.mx\/index.php?rest_route=%2Fwp%2Fv2%2Fcategories&post=9512"},{"taxonomy":"post_tag","embeddable":true,"href":"http:\/\/eloficiodehistoriar.com.mx\/index.php?rest_route=%2Fwp%2Fv2%2Ftags&post=9512"}],"curies":[{"name":"wp","href":"https:\/\/api.w.org\/{rel}","templated":true}]}}