{"id":952,"date":"2008-08-03T14:11:38","date_gmt":"2008-08-03T19:11:38","guid":{"rendered":"https:\/\/eloficiodehistoriar.com.mx\/?p=952"},"modified":"2008-08-03T14:11:38","modified_gmt":"2008-08-03T19:11:38","slug":"tula-la-gran-tollan-descrita","status":"publish","type":"post","link":"http:\/\/eloficiodehistoriar.com.mx\/?p=952","title":{"rendered":"Tula, La Gran Tollan descrita&#8230;"},"content":{"rendered":"<p><a href=\"https:\/\/eloficiodehistoriar.com.mx\/wp-content\/uploads\/2008\/08\/escudo-pagina-125.jpg\" title=\"escudo-pagina-125.jpg\"><img decoding=\"async\" src=\"https:\/\/eloficiodehistoriar.com.mx\/wp-content\/uploads\/2008\/08\/escudo-pagina-125.thumbnail.jpg\" alt=\"escudo-pagina-125.jpg\" \/><\/a><a href=\"https:\/\/eloficiodehistoriar.com.mx\/wp-content\/uploads\/2008\/08\/escudo-pagina-121.jpg\" title=\"escudo-pagina-121.jpg\"><img decoding=\"async\" src=\"https:\/\/eloficiodehistoriar.com.mx\/wp-content\/uploads\/2008\/08\/escudo-pagina-121.thumbnail.jpg\" alt=\"escudo-pagina-121.jpg\" \/><\/a><a href=\"https:\/\/eloficiodehistoriar.com.mx\/wp-content\/uploads\/2008\/08\/escudo-pagina-124.jpg\" title=\"escudo-pagina-124.jpg\"><img decoding=\"async\" src=\"https:\/\/eloficiodehistoriar.com.mx\/wp-content\/uploads\/2008\/08\/escudo-pagina-124.thumbnail.jpg\" alt=\"escudo-pagina-124.jpg\" \/><\/a><a href=\"https:\/\/eloficiodehistoriar.com.mx\/wp-content\/uploads\/2008\/08\/escudo-pagina-123.jpg\" title=\"escudo-pagina-123.jpg\"><img decoding=\"async\" src=\"https:\/\/eloficiodehistoriar.com.mx\/wp-content\/uploads\/2008\/08\/escudo-pagina-123.thumbnail.jpg\" alt=\"escudo-pagina-123.jpg\" \/><\/a><a href=\"https:\/\/eloficiodehistoriar.com.mx\/wp-content\/uploads\/2008\/08\/escudo-pagina-120.jpg\" title=\"escudo-pagina-120.jpg\"><img decoding=\"async\" src=\"https:\/\/eloficiodehistoriar.com.mx\/wp-content\/uploads\/2008\/08\/escudo-pagina-120.thumbnail.jpg\" alt=\"escudo-pagina-120.jpg\" \/><\/a><\/p>\n<p>Tula es La Tollan descrita en las cr\u00f3nicas de los pueblos originarios de mesoam\u00e9rica; Una Gran ciudad durante los siglos X y Xl de d.C., con numerosos recfintos y barrios. Ya se conoce tanto la disnast\u00eda de sus gobernantes como el ciclo \u00e9pico de Quetzalcoatl. Sus ruinas se ven en estas fotograf\u00edas.\u00a0<\/p>\n","protected":false},"excerpt":{"rendered":"<p>Tula es La Tollan descrita en las cr\u00f3nicas de los pueblos originarios de mesoam\u00e9rica; Una Gran ciudad durante los siglos X y Xl de d.C., con numerosos recfintos y barrios. Ya se conoce tanto la disnast\u00eda de sus gobernantes como el ciclo \u00e9pico de Quetzalcoatl. Sus ruinas se ven en estas fotograf\u00edas.\u00a0<\/p>\n","protected":false},"author":249,"featured_media":0,"comment_status":"open","ping_status":"closed","sticky":false,"template":"","format":"standard","meta":{"footnotes":""},"categories":[11,10],"tags":[],"class_list":["post-952","post","type-post","status-publish","format-standard","hentry","category-fotografia","category-historia"],"_links":{"self":[{"href":"http:\/\/eloficiodehistoriar.com.mx\/index.php?rest_route=\/wp\/v2\/posts\/952","targetHints":{"allow":["GET"]}}],"collection":[{"href":"http:\/\/eloficiodehistoriar.com.mx\/index.php?rest_route=\/wp\/v2\/posts"}],"about":[{"href":"http:\/\/eloficiodehistoriar.com.mx\/index.php?rest_route=\/wp\/v2\/types\/post"}],"author":[{"embeddable":true,"href":"http:\/\/eloficiodehistoriar.com.mx\/index.php?rest_route=\/wp\/v2\/users\/249"}],"replies":[{"embeddable":true,"href":"http:\/\/eloficiodehistoriar.com.mx\/index.php?rest_route=%2Fwp%2Fv2%2Fcomments&post=952"}],"version-history":[{"count":0,"href":"http:\/\/eloficiodehistoriar.com.mx\/index.php?rest_route=\/wp\/v2\/posts\/952\/revisions"}],"wp:attachment":[{"href":"http:\/\/eloficiodehistoriar.com.mx\/index.php?rest_route=%2Fwp%2Fv2%2Fmedia&parent=952"}],"wp:term":[{"taxonomy":"category","embeddable":true,"href":"http:\/\/eloficiodehistoriar.com.mx\/index.php?rest_route=%2Fwp%2Fv2%2Fcategories&post=952"},{"taxonomy":"post_tag","embeddable":true,"href":"http:\/\/eloficiodehistoriar.com.mx\/index.php?rest_route=%2Fwp%2Fv2%2Ftags&post=952"}],"curies":[{"name":"wp","href":"https:\/\/api.w.org\/{rel}","templated":true}]}}