{"id":957,"date":"2008-08-03T19:43:05","date_gmt":"2008-08-04T00:43:05","guid":{"rendered":"https:\/\/eloficiodehistoriar.com.mx\/?p=957"},"modified":"2008-08-03T19:43:05","modified_gmt":"2008-08-04T00:43:05","slug":"el-laudero-oaxaqueno-telesforo-gonzalez","status":"publish","type":"post","link":"http:\/\/eloficiodehistoriar.com.mx\/?p=957","title":{"rendered":"El laudero oaxaque\u00f1o Tel\u00e9sforo Gonz\u00e1lez"},"content":{"rendered":"<p><span style=\"font-size: 12pt; font-family: Arial\"><img decoding=\"async\" src=\"http:\/\/ts2.images.live.com\/images\/thumbnail.aspx?q=2111910315833&amp;id=048b2c4dec7d62e981c515e51961d6b4\" alt=\"jarana.jpg\" style=\"width: 109px; cursor: pointer; height: 160px\" title=\"jarana.jpg\" class=\"img_thumb\" \/><\/span><\/p>\n<p><span style=\"font-size: 12pt; font-family: Arial\"><\/span><span style=\"font-size: 12pt; font-family: Arial\"><\/p>\n<p align=\"center\" style=\"text-align: center\"><strong><span style=\"font-size: 18pt; font-family: Arial\">Tel\u00e9sforo Gonz\u00e1lez<o:p><\/o:p><\/span><\/strong><\/p>\n<p style=\"text-align: justify\"><span style=\"font-family: Arial\"><\/span><\/p>\n<p><span style=\"font-family: Arial\">\u201cSe percat\u00f3 de c\u00f3mo se rezaba y la gente ped\u00eda perd\u00f3n al \u00e1rbol en beneficio de la m\u00fasica. El \u00e1rbol no mor\u00eda porque tendr\u00eda una prolongaci\u00f3n mediante la m\u00fasica\u201d.<o:p><\/o:p><\/span><\/p>\n<p style=\"text-align: justify\"><span style=\"font-family: Arial\"><\/span><\/p>\n<p><span style=\"font-family: Arial\">Se dijo que el maestro fue testigo durante d\u00e9cadas de los ritos previos a la consumaci\u00f3n de su arte. <o:p><\/o:p><\/span><\/p>\n<p style=\"text-align: justify\"><span style=\"font-family: Arial\"><\/span><\/p>\n<p><span style=\"font-family: Arial\">La iniciativa cultural ciudadana de Oaxaca rindi\u00f3 homenaje al m\u00fasico ind\u00edgena, Tel\u00e9sforo Gonz\u00e1lez, el gran constructor de guitarras, jaranas y otros instrumentos con los que se ha conformado el vasto mural sonoro oaxaque\u00f1o.<o:p><\/o:p><\/span><\/p>\n<p style=\"text-align: justify\"><span style=\"font-family: Arial\"><\/span><\/p>\n<p><span style=\"font-family: Arial\">A sus 87 a\u00f1os de edad y con salud precaria, Tel\u00e9sforo \u2013\u201chombre m\u00edstico\u201d\u2013 recibi\u00f3 el homenaje en ausencia.<o:p><\/o:p><\/span><\/p>\n<p style=\"text-align: justify\"><span style=\"font-family: Arial\"><\/span><\/p>\n<p><span style=\"font-family: Arial\">Ignacio Toscano, ideador y conductor de \u201cInstrumenta\u201d, anunci\u00f3 que ser\u00e1 gestionada m\u00e1s ayuda para que don Tel\u00e9sforo Gonz\u00e1lez mejore su calidad de vida, pues al igual que su esposa, quien funge como su traductora, porque el laudero no habla espa\u00f1ol y est\u00e1 delicado de salud.<o:p><\/o:p><\/span><\/p>\n<p style=\"text-align: justify\"><span style=\"font-family: Arial\"><\/span><\/p>\n<p><span style=\"font-family: Arial\">La ceremonia transcurri\u00f3 en el foro principal de \u201cInstrumenta\u201d, el hermoso teatro Macedonio Alcal\u00e1, en ausencia <span>\u00a0<\/span>Tel\u00e9sforo Gonz\u00e1lez, comparti\u00f3 el homenaje con la maestra Mar\u00eda Antonieta Lozano, docente de varias generaciones de compositores.<o:p><\/o:p><\/span><\/p>\n<p style=\"text-align: justify\"><span style=\"font-family: Arial\"><\/span><\/p>\n<p><span style=\"font-family: Arial\">En el concierto-homenaje se ejecutaron partituras de Olivier Messiaen, Rodolfo Halffter y Jos\u00e9 Pablo Moncayo.<o:p><\/o:p><\/span><\/p>\n<p style=\"text-align: justify\"><span style=\"font-family: Arial\"><\/span><\/p>\n<p><span style=\"font-family: Arial\">La maestra Mar\u00eda Antonieta Lozano, expres\u00f3 a <st1:personname ProductID=\"La Jornada\" w:st=\"on\"><em><span style=\"font-family: Arial\">La Jornada<\/span><\/em><\/st1:personname> su preocupaci\u00f3n por el magro panorama de la ense\u00f1anza musical en M\u00e9xico. <o:p><\/o:p><\/span><\/p>\n<p style=\"text-align: justify\"><span style=\"font-family: Arial\"><\/span><\/p>\n<p><span style=\"font-family: Arial\">\u201cPersiste una ausencia enorme de docentes de m\u00fasica, inclusive hay quienes pretenden difundir los contenidos did\u00e1cticos pero con infinidad de errores. Si el profesor de artes no es artista, no podr\u00e1 comprender lo que hay detr\u00e1s de las partituras y nunca podr\u00e1 guiar a otra persona por los senderos de la composici\u00f3n\u201d.<o:p><\/o:p><\/span><\/p>\n<p style=\"text-align: justify\"><span style=\"font-family: Arial\"><\/span><\/p>\n<p><span style=\"font-family: Arial\">\u201cEl problema es que existe una separaci\u00f3n entre la ense\u00f1anza del arte y la pedagog\u00eda cabal; adem\u00e1s de que no se imponen estudios complementarios que involucran a la sicolog\u00eda, la epistemolog\u00eda, la filosof\u00eda y la anatom\u00eda\u201d.<o:p><\/o:p><\/span><\/p>\n<p style=\"text-align: justify\"><span style=\"font-family: Arial\"><\/span><\/p>\n<p><span style=\"font-family: Arial\">\u201cEs necesario crear un instituto de la educaci\u00f3n aplicada a la ense\u00f1anza de la m\u00fasica y para ello debe existir voluntad pol\u00edtica hacia el arte, lo cual resulta dif\u00edcil porque lo que impera es el desprecio hacia las artes\u201d.<o:p><\/o:p><\/span><o:p><font face=\"Times New Roman\">\u00a0<\/font><\/o:p><\/span><span style=\"font-size: 12pt; font-family: Arial\"><\/span><\/p>\n","protected":false},"excerpt":{"rendered":"<p>Tel\u00e9sforo Gonz\u00e1lez \u201cSe percat\u00f3 de c\u00f3mo se rezaba y la gente ped\u00eda perd\u00f3n al \u00e1rbol en beneficio de la m\u00fasica. El \u00e1rbol no mor\u00eda porque tendr\u00eda una prolongaci\u00f3n mediante la m\u00fasica\u201d. Se dijo que el maestro fue testigo durante d\u00e9cadas de los ritos previos a la consumaci\u00f3n de su arte. La iniciativa cultural ciudadana de [&hellip;]<\/p>\n","protected":false},"author":249,"featured_media":0,"comment_status":"open","ping_status":"closed","sticky":false,"template":"","format":"standard","meta":{"footnotes":""},"categories":[9],"tags":[],"class_list":["post-957","post","type-post","status-publish","format-standard","hentry","category-otros-lugares"],"_links":{"self":[{"href":"http:\/\/eloficiodehistoriar.com.mx\/index.php?rest_route=\/wp\/v2\/posts\/957","targetHints":{"allow":["GET"]}}],"collection":[{"href":"http:\/\/eloficiodehistoriar.com.mx\/index.php?rest_route=\/wp\/v2\/posts"}],"about":[{"href":"http:\/\/eloficiodehistoriar.com.mx\/index.php?rest_route=\/wp\/v2\/types\/post"}],"author":[{"embeddable":true,"href":"http:\/\/eloficiodehistoriar.com.mx\/index.php?rest_route=\/wp\/v2\/users\/249"}],"replies":[{"embeddable":true,"href":"http:\/\/eloficiodehistoriar.com.mx\/index.php?rest_route=%2Fwp%2Fv2%2Fcomments&post=957"}],"version-history":[{"count":0,"href":"http:\/\/eloficiodehistoriar.com.mx\/index.php?rest_route=\/wp\/v2\/posts\/957\/revisions"}],"wp:attachment":[{"href":"http:\/\/eloficiodehistoriar.com.mx\/index.php?rest_route=%2Fwp%2Fv2%2Fmedia&parent=957"}],"wp:term":[{"taxonomy":"category","embeddable":true,"href":"http:\/\/eloficiodehistoriar.com.mx\/index.php?rest_route=%2Fwp%2Fv2%2Fcategories&post=957"},{"taxonomy":"post_tag","embeddable":true,"href":"http:\/\/eloficiodehistoriar.com.mx\/index.php?rest_route=%2Fwp%2Fv2%2Ftags&post=957"}],"curies":[{"name":"wp","href":"https:\/\/api.w.org\/{rel}","templated":true}]}}