{"id":959,"date":"2008-08-04T03:11:58","date_gmt":"2008-08-04T08:11:58","guid":{"rendered":"https:\/\/eloficiodehistoriar.com.mx\/?p=959"},"modified":"2008-08-04T03:12:41","modified_gmt":"2008-08-04T08:12:41","slug":"jaime-septien-se-expresa-del-obispo-mario-gasperin","status":"publish","type":"post","link":"http:\/\/eloficiodehistoriar.com.mx\/?p=959","title":{"rendered":"Jaime Septi\u00e9n se expresa del obispo Mario Gasper\u00edn"},"content":{"rendered":"<p><img loading=\"lazy\" decoding=\"async\" border=\"0\" align=\"left\" width=\"70\" src=\"http:\/\/www.elobservadorenlinea.com\/images\/stories\/jaime_septien2.jpg\" hspace=\"6\" alt=\"Image\" height=\"70\" title=\"Image\" \/><strong>Puesto al frente de la di\u00f3cesis de Tuxpan y de la de Quer\u00e9taro, don Mario De Gasper\u00edn ha sabido desempe\u00f1ar, en nombre de Cristo y en la l\u00ednea de la sucesi\u00f3n apost\u00f3lica, con sabidur\u00eda, silencio y solicitud el encargo confiado por el Papa y la Iglesia.<\/strong><\/p>\n<p>Por Jaime Septi\u00e9n<\/p>\n<p>Nombrado por el Papa Juan Pablo II como segundo obispo de Tuxpan en 1983 y, seis a\u00f1os m\u00e1s tarde, en 1989, como octavo obispo de Quer\u00e9taro, don Mario De Gasper\u00edn Gasper\u00edn cumple sus bodas de plata episcopales el pr\u00f3ximo viernes 8 de agosto, en una celebraci\u00f3n eucar\u00edstica sin precedentes en nuestra historia.<\/p>\n<p>Muy pocos \u2014quiz\u00e1 ninguno\u2014 de los cerca de cinco mil obispos que hay en el mundo en la actualidad, pueden decir, como don Mario, que recibieron el b\u00e1culo episcopal de manos de quien los bautiz\u00f3, o que fueron confirmados por un santo.\u00a0 En efecto, monse\u00f1or De Gasper\u00edn fue bautizado \u2014en 1935\u2014 por don Ignacio Lehonor Arroyo quien, al paso del tiempo, ser\u00eda el primer obispo de Tuxpan.\u00a0 Y fue confirmado en la fe, nada m\u00e1s y nada menos que por San Rafael Guizar y Valencia, el primer obispo santo nativo de Am\u00e9rica&#8230;<\/p>\n<p>Puesto al frente de la di\u00f3cesis de Tuxpan y \u2014por 19 a\u00f1os, dos meses, 26 d\u00edas\u2014de la de Quer\u00e9taro, don Mario ha sabido desempe\u00f1ar, en nombre de Cristo y en la l\u00ednea de la sucesi\u00f3n apost\u00f3lica, con sabidur\u00eda, silencio y solicitud (las tres \u00abs\u00bb de la autoridad que viene de Dios) el encargo confiado por el Papa y la Iglesia: ense\u00f1ar, santificar y gobernar a sus ovejas, como un pastor bueno, como un sacerdote puro, como maestro de la fe.<\/p>\n<p>Los n\u00fameros que arroja el \u00faltimo tramo de su vida pastoral al frente de esta Di\u00f3cesis hablan por s\u00ed solos. S\u00f3lo quisiera resaltar un hecho que, a veces, nos pasa de largo: su insistencia, casi heroica, de que la Iglesia cat\u00f3lica y solamente la Iglesia cat\u00f3lica, es la \u00fanica capaz de darle identidad a nuestros pueblos y la \u00fanica capaz de convertir la divisi\u00f3n, el odio y la violencia en comuni\u00f3n, apertura y di\u00e1logo para construir la civilizaci\u00f3n del amor.\u00a0 Como experto en Biblia, don Mario sabe que el consuelo y la perseverancia en la Palabra de Dios son los caminos que nos conducen a la esperanza.\u00a0 Y que sin ella no hay cultura, sino barbarie.\u00a0 Es la suya la paz de los que anuncian a Cristo.\u00a0 Mil felicidades, querid\u00edsimo don Mario.\u00a0 Muchas gracias por siempre.<\/p>\n","protected":false},"excerpt":{"rendered":"<p>Puesto al frente de la di\u00f3cesis de Tuxpan y de la de Quer\u00e9taro, don Mario De Gasper\u00edn ha sabido desempe\u00f1ar, en nombre de Cristo y en la l\u00ednea de la sucesi\u00f3n apost\u00f3lica, con sabidur\u00eda, silencio y solicitud el encargo confiado por el Papa y la Iglesia. Por Jaime Septi\u00e9n Nombrado por el Papa Juan Pablo [&hellip;]<\/p>\n","protected":false},"author":249,"featured_media":0,"comment_status":"open","ping_status":"closed","sticky":false,"template":"","format":"standard","meta":{"footnotes":""},"categories":[8],"tags":[],"class_list":["post-959","post","type-post","status-publish","format-standard","hentry","category-ciudad-de-queretaro"],"_links":{"self":[{"href":"http:\/\/eloficiodehistoriar.com.mx\/index.php?rest_route=\/wp\/v2\/posts\/959","targetHints":{"allow":["GET"]}}],"collection":[{"href":"http:\/\/eloficiodehistoriar.com.mx\/index.php?rest_route=\/wp\/v2\/posts"}],"about":[{"href":"http:\/\/eloficiodehistoriar.com.mx\/index.php?rest_route=\/wp\/v2\/types\/post"}],"author":[{"embeddable":true,"href":"http:\/\/eloficiodehistoriar.com.mx\/index.php?rest_route=\/wp\/v2\/users\/249"}],"replies":[{"embeddable":true,"href":"http:\/\/eloficiodehistoriar.com.mx\/index.php?rest_route=%2Fwp%2Fv2%2Fcomments&post=959"}],"version-history":[{"count":0,"href":"http:\/\/eloficiodehistoriar.com.mx\/index.php?rest_route=\/wp\/v2\/posts\/959\/revisions"}],"wp:attachment":[{"href":"http:\/\/eloficiodehistoriar.com.mx\/index.php?rest_route=%2Fwp%2Fv2%2Fmedia&parent=959"}],"wp:term":[{"taxonomy":"category","embeddable":true,"href":"http:\/\/eloficiodehistoriar.com.mx\/index.php?rest_route=%2Fwp%2Fv2%2Fcategories&post=959"},{"taxonomy":"post_tag","embeddable":true,"href":"http:\/\/eloficiodehistoriar.com.mx\/index.php?rest_route=%2Fwp%2Fv2%2Ftags&post=959"}],"curies":[{"name":"wp","href":"https:\/\/api.w.org\/{rel}","templated":true}]}}