{"id":960,"date":"2008-08-04T03:39:21","date_gmt":"2008-08-04T08:39:21","guid":{"rendered":"https:\/\/eloficiodehistoriar.com.mx\/?p=960"},"modified":"2008-08-04T03:39:21","modified_gmt":"2008-08-04T08:39:21","slug":"en-el-corregidora-a-las-16-horas-mario-gasperin-25-anos","status":"publish","type":"post","link":"http:\/\/eloficiodehistoriar.com.mx\/?p=960","title":{"rendered":"En El Corregidora a las 16 horas: Mario Gasper\u00edn, 25 a\u00f1os"},"content":{"rendered":"<p><strong><span style=\"font-size: 18pt; color: black; font-family: Arial\">La gloria de Dios es que el hombre viva<\/span><\/strong><span style=\"font-size: 18pt; color: black; font-family: Arial\"><\/p>\n<p><\/span><span style=\"color: black; font-family: Arial\"><o:p><\/o:p><\/span><span style=\"color: black; font-family: Arial\"><o:p>\u00a0<\/o:p><\/span><span style=\"color: black; font-family: Arial\">El Obispo Mario Gasper\u00edn \u00abha conducido con sabidur\u00eda <st1:personname ProductID=\"la Di?cesis\" w:st=\"on\">la Di\u00f3cesis<\/st1:personname> a trav\u00e9s de su magisterio, particularmente con sus diez cartas pastorales, mensajes y homil\u00edas, respondiendo a los grandes retos del cambio de \u00e9poca y del mundo globalizado, incidiendo con su pensamiento en el mundo de la cultura e interpelando al hombre de hoy\u00bb.<\/p>\n<p>Mario de Gasper\u00edn fue nombrado obispo de Tuxpan el 3 de junio de 1983 por el Papa Juan Pablo II, <o:p><\/o:p><\/span><span style=\"color: black; font-family: Arial\"><o:p>\u00a0<\/o:p><\/span><span style=\"color: black; font-family: Arial\">Recibi\u00f3 la ordenaci\u00f3n episcopal el 4 de agosto de ese a\u00f1o de manos del entonces Nuncio Apost\u00f3lico, Girolamo Prigione.<o:p><\/o:p><\/span><span style=\"color: black; font-family: Arial\"><o:p>\u00a0<\/o:p><\/span><span style=\"color: black; font-family: Arial\">M\u00e1s 50 obispos de todo el pa\u00eds y el Nuncio Apost\u00f3lico, Christophe Pierre, estar\u00e1n presentes el pr\u00f3ximo viernes 8 de agosto, en la celebraci\u00f3n de los 25 a\u00f1os de ordenaci\u00f3n episcopal del obispo de Quer\u00e9taro, Mario de Gasper\u00edn Gasper\u00edn, que se llevar\u00e1 a cabo en el Estadio Corregidora, a las 16 horas.<o:p><\/o:p><\/span><span style=\"color: black; font-family: Arial\"><o:p>\u00a0<\/o:p><\/span><span style=\"color: black; font-family: Arial\">En el homenaje al Obispo de Quer\u00e9taro <o:p><\/o:p><\/span><span style=\"color: black; font-family: Arial\"><o:p>\u00a0<\/o:p><\/span><span style=\"color: black; font-family: Arial\">La homil\u00eda estar\u00e1 a cargo del Arzobispo de Tuxtla Guti\u00e9rrez, Chiapas, Rogelio Cabrera L\u00f3pez, quien siendo originario de esta Di\u00f3cesis, en su momento fue promovido como obispo por Mario de Gasper\u00edn, al igual que el Arzobispo de Tulancingo, Domingo D\u00edaz y el obispo de Cuernavaca Florencio Olvera.<span>\u00a0 <\/span><o:p><\/o:p><\/span><span style=\"color: black; font-family: Arial\"><o:p>\u00a0<\/o:p><\/span><span style=\"color: black; font-family: Arial\">La misa ser\u00e1 cantada por el Coro del Conservatorio de M\u00fasica, J. Guadalupe Vel\u00e1squez, cuyo director es el P. Benjam\u00edn Vega.<span>\u00a0 <\/span><o:p><\/o:p><\/span><span style=\"color: black; font-family: Arial\"><o:p>\u00a0<\/o:p><\/span><span style=\"color: black; font-family: Arial\">Despu\u00e9s de seis a\u00f1os como obispo de Tuxpan, Veracruz <o:p><\/o:p><\/span><span style=\"color: black; font-family: Arial\"><o:p>\u00a0<\/o:p><\/span><span style=\"color: black; font-family: Arial\">Recibi\u00f3 la encomienda de <st1:personname ProductID=\"la Di?cesis\" w:st=\"on\">la Di\u00f3cesis<\/st1:personname> de Quer\u00e9taro, cargo que ocup\u00f3 en 1989. <o:p><\/o:p><\/span><span style=\"color: black; font-family: Arial\"><o:p>\u00a0<\/o:p><\/span><span style=\"color: black; font-family: Arial\">En los 19 a\u00f1os que tiene como Obispo de Quer\u00e9taro:<o:p><\/o:p><\/span><span style=\"color: black; font-family: Arial\"><o:p>\u00a0<\/o:p><\/span><span style=\"color: black; font-family: Arial\">Ha ordenado a 143 sacerdotes<span>\u00a0 <\/span><o:p><\/o:p><\/span><span style=\"color: black; font-family: Arial\"><o:p>\u00a0<\/o:p><\/span><span style=\"color: black; font-family: Arial\">Erigido 53 parroquias, <o:p><\/o:p><\/span><span style=\"color: black; font-family: Arial\"><o:p>\u00a0<\/o:p><\/span><span style=\"color: black; font-family: Arial\">De las 105 que existen actualmente.<\/p>\n<p>Su impulso a la liturgia, la vida eucar\u00edstica, la piedad popular y el amor a <st1:personname ProductID=\"la Sant\u00edsima Virgen\" w:st=\"on\">la Sant\u00edsima Virgen<\/st1:personname>, ha sido fundamental en el episcopado; <o:p><\/o:p><\/span><span style=\"color: black; font-family: Arial\"><o:p>\u00a0<\/o:p><\/span><span style=\"color: black; font-family: Arial\">\u201cLa caridad del Obispo ha sido patente en el impulso que ha dado a innumerables obras en favor de los m\u00e1s pobres y necesitados\u00bb.<\/p>\n<p><o:p><\/o:p><\/span><span style=\"color: black; font-family: Arial\">\u00ablas defensa de la vida, de la familia, del matrimonio y de los valores cristianos han sido el eje de su servicio a <st1:personname ProductID=\"la Iglesia.\u201d\" w:st=\"on\">la Iglesia.\u201d<\/st1:personname> <o:p><\/o:p><\/span><span style=\"color: black; font-family: Arial\"><o:p>\u00a0<\/o:p><\/span><span style=\"font-family: Arial\">Los boletos para la entrada se entregar\u00e1n de manera gratuita en las parroquias o bien en las taquillas del estadio el d\u00eda del evento.<\/p>\n<p><o:p><\/o:p><\/span><\/p>\n","protected":false},"excerpt":{"rendered":"<p>La gloria de Dios es que el hombre viva \u00a0El Obispo Mario Gasper\u00edn \u00abha conducido con sabidur\u00eda la Di\u00f3cesis a trav\u00e9s de su magisterio, particularmente con sus diez cartas pastorales, mensajes y homil\u00edas, respondiendo a los grandes retos del cambio de \u00e9poca y del mundo globalizado, incidiendo con su pensamiento en el mundo de la [&hellip;]<\/p>\n","protected":false},"author":249,"featured_media":0,"comment_status":"open","ping_status":"closed","sticky":false,"template":"","format":"standard","meta":{"footnotes":""},"categories":[8],"tags":[],"class_list":["post-960","post","type-post","status-publish","format-standard","hentry","category-ciudad-de-queretaro"],"_links":{"self":[{"href":"http:\/\/eloficiodehistoriar.com.mx\/index.php?rest_route=\/wp\/v2\/posts\/960","targetHints":{"allow":["GET"]}}],"collection":[{"href":"http:\/\/eloficiodehistoriar.com.mx\/index.php?rest_route=\/wp\/v2\/posts"}],"about":[{"href":"http:\/\/eloficiodehistoriar.com.mx\/index.php?rest_route=\/wp\/v2\/types\/post"}],"author":[{"embeddable":true,"href":"http:\/\/eloficiodehistoriar.com.mx\/index.php?rest_route=\/wp\/v2\/users\/249"}],"replies":[{"embeddable":true,"href":"http:\/\/eloficiodehistoriar.com.mx\/index.php?rest_route=%2Fwp%2Fv2%2Fcomments&post=960"}],"version-history":[{"count":0,"href":"http:\/\/eloficiodehistoriar.com.mx\/index.php?rest_route=\/wp\/v2\/posts\/960\/revisions"}],"wp:attachment":[{"href":"http:\/\/eloficiodehistoriar.com.mx\/index.php?rest_route=%2Fwp%2Fv2%2Fmedia&parent=960"}],"wp:term":[{"taxonomy":"category","embeddable":true,"href":"http:\/\/eloficiodehistoriar.com.mx\/index.php?rest_route=%2Fwp%2Fv2%2Fcategories&post=960"},{"taxonomy":"post_tag","embeddable":true,"href":"http:\/\/eloficiodehistoriar.com.mx\/index.php?rest_route=%2Fwp%2Fv2%2Ftags&post=960"}],"curies":[{"name":"wp","href":"https:\/\/api.w.org\/{rel}","templated":true}]}}