{"id":961,"date":"2008-08-04T03:50:52","date_gmt":"2008-08-04T08:50:52","guid":{"rendered":"https:\/\/eloficiodehistoriar.com.mx\/?p=961"},"modified":"2008-08-04T03:50:52","modified_gmt":"2008-08-04T08:50:52","slug":"acambaro-la-encomienda","status":"publish","type":"post","link":"http:\/\/eloficiodehistoriar.com.mx\/?p=961","title":{"rendered":"Acambaro, La encomienda&#8230;"},"content":{"rendered":"<p><img decoding=\"async\" src=\"http:\/\/ts3.images.live.com\/images\/thumbnail.aspx?q=1544386645786&amp;id=2e342c2dfac432d998407f197c5370c4\" alt=\"comonfort_igl.jpg\" style=\"width: 113px; cursor: pointer; height: 160px\" title=\"comonfort_igl.jpg\" class=\"img_thumb\" \/><img decoding=\"async\" src=\"http:\/\/ts1.images.live.com\/images\/thumbnail.aspx?q=1693793847684&amp;id=bc4b57437a83764bbcf292fbac3e84f0\" alt=\"gto.jpg\" style=\"width: 160px; cursor: pointer; height: 145px\" title=\"gto.jpg\" class=\"img_thumb\" \/><img loading=\"lazy\" decoding=\"async\" width=\"160\" src=\"http:\/\/ts3.images.live.com\/images\/thumbnail.aspx?q=1671197957734&amp;id=49694912aa0c4192ca03cf9de0fe5de5\" alt=\"2564128050085791724nDftcG_fs.jpg\" height=\"120\" style=\"visibility: visible; width: 160px; cursor: pointer; height: 120px\" title=\"2564128050085791724nDftcG_fs.jpg\" class=\"img_thumb\" \/><img loading=\"lazy\" decoding=\"async\" width=\"160\" src=\"http:\/\/ts4.images.live.com\/images\/thumbnail.aspx?q=1624111387551&amp;id=5b5c36cd031416e7c6140836c014a973\" alt=\"imagen03.jpg\" height=\"133\" style=\"visibility: visible; width: 160px; cursor: pointer; height: 133px\" title=\"imagen03.jpg\" class=\"img_thumb\" \/><\/p>\n<p><strong><span style=\"font-size: 18pt; color: black; font-family: Arial\">Ac\u00e1mbaro<o:p><\/o:p><\/span><\/strong><strong><span style=\"color: black; font-family: Arial\"><o:p>\u00a0<\/o:p><\/span><\/strong><strong><span style=\"color: black; font-family: Arial\"><o:p>\u00a0<\/o:p><\/span><\/strong><strong><span style=\"color: black; font-family: Arial\">Jos\u00e9 F\u00e9lix Zavala<o:p><\/o:p><\/span><\/strong><\/p>\n<p style=\"text-align: justify\"><span style=\"font-family: Arial\"><\/span><\/p>\n<p><span style=\"font-family: Arial\">Este primer asentamiento prehisp\u00e1nico, se produjo durante el horizonte cl\u00e1sico, en la llamada cultura Chup\u00edcuaro, una de las m\u00e1s estables del centro de M\u00e9xico, se cree que esta cultura precortesiana fue influida por civilizaciones aleda\u00f1as, como la pur\u00e9pecha y la otom\u00ed entre otras. <o:p><\/o:p><\/span><\/p>\n<p style=\"text-align: justify\"><span style=\"font-family: Arial\"><\/span><\/p>\n<p><span style=\"font-family: Arial\">A la llegada de los espa\u00f1oles, en 1519, Ac\u00e1mbaro era una peque\u00f1a aldea pur\u00e9pecha que depend\u00eda del reino de Michoac\u00e1n. <o:p><\/o:p><\/span><\/p>\n<p style=\"text-align: justify\"><span style=\"font-family: Arial\"><\/span><\/p>\n<p><span style=\"font-family: Arial\">Don Fernando de Tapia y don Nicol\u00e1s San Luis de Monta\u00f1\u00e9s, caciques otom\u00edes evangelizados que ayudaron a los espa\u00f1oles a facilitar la conquista, llegaron al valle de Ac\u00e1mbaro despu\u00e9s de haber conquistado Quer\u00e9taro y Apaseo, no les tom\u00f3 mucho esfuerzo apoderarse de esta regi\u00f3n pues casi de inmediato se efectu\u00f3 la conquista, con una sola finalidad: la de establecer una base de operaciones militares que sirviera como punto de abastecimiento para las posteriores incursiones de los conquistadores.\u00a0 <o:p><\/o:p><\/span><\/p>\n<p style=\"text-align: justify\"><span style=\"font-family: Arial\"><\/span><\/p>\n<p><span style=\"font-family: Arial\">La ciudad fue fundada el 19 de septiembre de 1526 por el cacique don Nicol\u00e1s de San Luis Monta\u00f1\u00e9s, con el nombre de San Francisco de Ac\u00e1mbaro, siendo una de las primeras villas que fundaran los espa\u00f1oles en <a href=\"http:\/\/www.e-local.gob.mx\/work\/templates\/enciclo\/guanajuato\/pres.htm\"><span style=\"color: black\">Guanajuato<\/span><\/a>, aunque por supuesto hay vestigios prehisp\u00e1nicos de mayor antig\u00fcedad, el objetivo de tal fundaci\u00f3n fue el de poder controlar mejor los diversos grupos ind\u00edgenas de la regi\u00f3n bajo el mando de autoridades civiles y eclesi\u00e1sticas espa\u00f1olas. <o:p><\/o:p><\/span><\/p>\n<p style=\"margin: 0cm 0cm 0pt; text-align: justify\" class=\"MsoNormal\"><em><span style=\"color: black; font-family: Arial\"><\/span><\/em><\/p>\n<p><em><span style=\"color: black; font-family: Arial\">\u201cCon este van tres pueblos que se han fundado, el primero fue el pueblo de Santiago de Quer\u00e9taro y el pueblo de San Juan de Apaseo y este pueblo que se intitutla San Francisco de Ac\u00e1mbaro, provincia de Michoac\u00e1n\u201d<o:p><\/o:p><\/span><\/em><em><span style=\"color: black; font-family: Arial\"><o:p>\u00a0<\/o:p><\/span><\/em><\/p>\n<p style=\"margin: 0cm 0cm 0pt; text-align: justify\" class=\"MsoNormal\"><em><span style=\"color: black; font-family: Arial\"><\/span><\/em><\/p>\n<p><em><span style=\"color: black; font-family: Arial\">El 19 de septiembre de 1526 mand\u00f3 fija Nicol\u00e1s de Monta\u00f1\u00e9, una cruz de sabino en el mismo lugar donde hoy est\u00e1 construida la parroquia del pueblo:Inmediatamente traz\u00f3 diez calles en el mismo lugar donde se hizo la guerra, al pie del cerro Grande, a cinco calles de donde est\u00e1 el r\u00edo grande hasta la parte del sur donde estan unos cerritos y las otras cinco al pie del cerro Grande por el lado del poniente y se hizo una ermita provisional donde se colocaron las campanas.<o:p><\/o:p><\/span><\/em><em><span style=\"color: black; font-family: Arial\"><o:p>\u00a0<\/o:p><\/span><\/em><\/p>\n<p style=\"margin: 0cm 0cm 0pt; text-align: justify\" class=\"MsoNormal\"><em><span style=\"color: black; font-family: Arial\"><\/span><\/em><\/p>\n<p><em><span style=\"color: black; font-family: Arial\">\u201cVinieron de pobladores seis caciques principales de Jilotepec, que se consideraban del reino de Nuva Galicia, todos ellos j\u00f3venes de veinte a\u00f1os, tuvieron solares seis caciques otom\u00edes y seis tarascos en las esquinas de las calles y cada solar de 50 brazadas de largo\u201d<o:p><\/o:p><\/span><\/em><em><span style=\"color: black; font-family: Arial\"><o:p>\u00a0<\/o:p><\/span><\/em><\/p>\n<p style=\"margin: 0cm 0cm 0pt; text-align: justify\" class=\"MsoNormal\"><em><span style=\"color: black; font-family: Arial\"><\/span><\/em><\/p>\n<p><em><span style=\"color: black; font-family: Arial\">\u201cPor la tarde para impedir el ataque de los chichimecas, que a\u00fan no se alejaban, se pusieron fuera del trazo de la poblaci\u00f3n, dos cuerpos de quinientos indios bautizados y otros tanto de chichimecas amigos, pero que noe eran cristianos, mientras en el pueblo se hac\u00eda un Paseo Solemne\u201d<o:p><\/o:p><\/span><\/em><em><span style=\"color: black; font-family: Arial\"><o:p>\u00a0<\/o:p><\/span><\/em><\/p>\n<p style=\"margin: 0cm 0cm 0pt; text-align: justify\" class=\"MsoNormal\"><span style=\"color: black; font-family: Arial\"><\/span><\/p>\n<p><span style=\"color: black; font-family: Arial\">Para 1532 Nu\u00f1o de Guzm\u00e1n mand\u00f3 hacer de mamposter\u00eda lo que era provisional, el convento y la iglesia parroquial a cargo de los franciscanos y obtuvo del Obispo Fuenleal la autorizaci\u00f3n para fundar un Hospital, que ratific\u00f3 despu\u00e9s Vasco de Quiroga.<o:p><\/o:p><\/span><\/p>\n<p style=\"text-align: justify\"><span style=\"font-family: Arial\"><\/span><\/p>\n<p><span style=\"font-family: Arial\">El siglo XVIII fue de prosperidad en Ac\u00e1mbaro, en esa \u00e9poca se construyeron importantes edificaciones religiosas y civiles. <o:p><\/o:p><\/span><\/p>\n<p style=\"text-align: justify\"><span style=\"font-family: Arial\"><\/span><\/p>\n<p><span style=\"font-family: Arial\">La arquitectura colonial acambarense plasmada en los vistosos templos, fuentes, puentes y casas particulares son un claro ejemplo de la habilidad y la creatividad art\u00edstica de sus art\u00edfices. <o:p><\/o:p><\/span><\/p>\n<p style=\"text-align: justify\"><span style=\"font-family: Arial\"><\/span><\/p>\n<p><span style=\"font-family: Arial\">Durante la guerra de <a href=\"http:\/\/www.yucatan.com.mx\/especiales\/independencia\/causa_general.asp\"><span style=\"color: black\">Independencia<\/span><\/a>, a Mar\u00eda Catalina G\u00f3mez de Larrondo, c\u00e9lebre por su intervenci\u00f3n a favor de los insurgentes, se le reconoce el m\u00e9rito de haber sorprendido y atacado a un destacamento del ej\u00e9rcito realista espa\u00f1ol que viniendo de la capital del virreinato con un cargamento de oro y plata para pagar al ej\u00e9rcito realista, es capturado por esta valiente mujer con la ayuda de un reducido n\u00famero de personas vecinas del lugar. <o:p><\/o:p><\/span><\/p>\n<p style=\"text-align: justify\"><span style=\"font-family: Arial\"><\/span><\/p>\n<p><span style=\"font-family: Arial\">M\u00e1s tarde ella se pone en contacto con don <a href=\"http:\/\/www.e-local.gob.mx\/work\/templates\/enciclo\/guanajuato\/municipios\/11023a.htm#a\"><span style=\"color: black\">Miguel Hidalgo<\/span><\/a> y le informa del acontecimiento, poniendo de inmediato a la disposici\u00f3n del Padre de <st1:personname ProductID=\"la Patria\" w:st=\"on\">la Patria<\/st1:personname>, a los espa\u00f1oles prisioneros de guerra. <o:p><\/o:p><\/span><\/p>\n<p style=\"text-align: justify\"><span style=\"font-family: Arial\"><\/span><\/p>\n<p><span style=\"font-family: Arial\">Don Miguel llega a la ciudad el 13 de octubre de 1810 para agradecer a la hero\u00edna su colaboraci\u00f3n y reestructurar su ej\u00e9rcito que se dirig\u00eda a la ciudad de M\u00e9xico. <o:p><\/o:p><\/span><\/p>\n<p style=\"text-align: justify\"><span style=\"font-family: Arial\"><\/span><\/p>\n<p><span style=\"font-family: Arial\">D\u00edas m\u00e1s tarde, el 22 de octubre, en el Convento de San Francisco de la propia localidad, los dem\u00e1s l\u00edderes del movimiento independentista le dar\u00edan al Cura Hidalgo el grado de General\u00edsimo de las Am\u00e9ricas, poniendo en sus manos toda la responsabilidad militar. <o:p><\/o:p><\/span><\/p>\n<p style=\"margin: 0cm 0cm 0pt; text-align: justify\" class=\"MsoNormal\"><span style=\"color: black; font-family: Arial\"><\/span><\/p>\n<p><span style=\"color: black; font-family: Arial\">Para conmemorar el centenario de la <a href=\"http:\/\/www.yucatan.com.mx\/especiales\/independencia\/causa_general.asp\"><span style=\"color: black\">Independencia<\/span><\/a> de M\u00e9xico, <st1:personname ProductID=\"la Fuente Taurina\" w:st=\"on\">la Fuente Taurina<\/st1:personname> que se localizaba en el jard\u00edn <a href=\"http:\/\/www.yucatan.com.mx\/especiales\/independencia\/causa_general.asp\"><span style=\"color: black\">Independencia<\/span><\/a> fue trasladada al jard\u00edn del Nigromante, en donde actualmente se le puede admirar. <o:p><\/o:p><\/span><\/p>\n<p style=\"margin: 0cm 0cm 0pt; text-align: justify\" class=\"MsoNormal\"><span style=\"color: black; font-family: Arial\"><\/span><\/p>\n<p style=\"margin: 0cm 0cm 0pt; text-align: justify\" class=\"MsoNormal\"><span style=\"color: black; font-family: Arial\"><\/span><\/p>\n<p><span style=\"color: black; font-family: Arial\">Durante la \u00e9poca carrancista se nacionalizan los talleres de los ferrocarriles. <o:p><\/o:p><\/span><span style=\"color: black; font-family: Arial\">Y en la \u00e9poca cardenista se modernizan las instalaciones ferrocarrileras, consigui\u00e9ndose dos m\u00e1quinas de vapor, la 295 en septiembre de 1942 y la 296 (\u00ab<st1:personname ProductID=\"La Fidelita\" w:st=\"on\">La Fidelita<\/st1:personname>\u00ab), en junio 10 de 1944. <o:p><\/o:p><\/span><\/p>\n<p style=\"margin: 0cm 0cm 0pt\" class=\"MsoNormal\"><strong><span style=\"color: black; font-family: Arial\"><\/span><\/strong><\/p>\n<p style=\"margin: 0cm 0cm 0pt\" class=\"MsoNormal\"><strong><span style=\"color: black; font-family: Arial\"><\/span><\/strong><\/p>\n<p style=\"margin: 0cm 0cm 0pt\" class=\"MsoNormal\"><strong><span style=\"color: black; font-family: Arial\"><\/span><\/strong><\/p>\n<p><strong><span style=\"color: black; font-family: Arial\">Personajes Ilustres<\/span><\/strong><span style=\"color: black; font-family: Arial\"> <o:p><\/o:p><\/span><\/p>\n<p style=\"margin: 0cm 0cm 0pt\" class=\"MsoNormal\"><span style=\"color: black; font-family: Arial\"><\/span><\/p>\n<p style=\"margin: 0cm 0cm 0pt\" class=\"MsoNormal\"><span style=\"color: black; font-family: Arial\"><\/span><\/p>\n<p style=\"margin: 0cm 0cm 0pt\" class=\"MsoNormal\"><span style=\"color: black; font-family: Arial\">Mar\u00eda Catalina G\u00f3mez de Larrondo<br \/>\n<\/span><\/p>\n<p><span style=\"color: black; font-family: Arial\">Hero\u00edna de <st1:personname ProductID=\"la Insurgencia.\" w:st=\"on\">la Insurgencia.<\/st1:personname> <o:p><\/o:p><\/span><\/p>\n<p style=\"margin: 0cm 0cm 0pt\" class=\"MsoNormal\"><span style=\"color: black; font-family: Arial\"><\/span><\/p>\n<p style=\"margin: 0cm 0cm 0pt\" class=\"MsoNormal\"><span style=\"color: black; font-family: Arial\">Torero Luna<br \/>\n<\/span><\/p>\n<p style=\"margin: 0cm 0cm 0pt\" class=\"MsoNormal\"><span style=\"color: black; font-family: Arial\"><\/span><\/p>\n<p><span style=\"color: black; font-family: Arial\">Personaje que intervino en la captura de la comitiva realista el 7 de octubre de 1810. <o:p><\/o:p><\/span><\/p>\n<p style=\"margin: 0cm 0cm 0pt\" class=\"MsoNormal\"><span style=\"color: black; font-family: Arial\"><\/span><\/p>\n<p style=\"margin: 0cm 0cm 0pt\" class=\"MsoNormal\"><span style=\"color: black; font-family: Arial\"><\/span><\/p>\n<p style=\"margin: 0cm 0cm 0pt\" class=\"MsoNormal\"><span style=\"color: black; font-family: Arial\">Pedro Cruz<br \/>\n<\/span><\/p>\n<p><span style=\"color: black; font-family: Arial\">Pintor de temas religiosos. <o:p><\/o:p><\/span><\/p>\n<p style=\"margin: 0cm 0cm 0pt\" class=\"MsoNormal\"><span style=\"color: black; font-family: Arial\"><\/span><\/p>\n<p style=\"margin: 0cm 0cm 0pt\" class=\"MsoNormal\"><span style=\"color: black; font-family: Arial\">Francisco S\u00e1mano<br \/>\n<\/span><\/p>\n<p><span style=\"color: black; font-family: Arial\">Benefactor y fil\u00e1ntropo. <o:p><\/o:p><\/span><\/p>\n<p style=\"margin: 0cm 0cm 0pt\" class=\"MsoNormal\"><span style=\"color: black; font-family: Arial\"><\/span><\/p>\n<p style=\"margin: 0cm 0cm 0pt\" class=\"MsoNormal\"><span style=\"color: black; font-family: Arial\">Juan Bautista Carrasco<br \/>\n<\/span><\/p>\n<p><span style=\"color: black; font-family: Arial\">Brigadier del Ej\u00e9rcito Insurgente. <o:p><\/o:p><\/span><\/p>\n<p style=\"margin: 0cm 0cm 0pt\" class=\"MsoNormal\"><strong><span style=\"color: black; font-family: Arial\"><\/span><\/strong><\/p>\n<p style=\"margin: 0cm 0cm 0pt\" class=\"MsoNormal\"><strong><span style=\"color: black; font-family: Arial\"><\/span><\/strong><\/p>\n<p style=\"margin: 0cm 0cm 0pt\" class=\"MsoNormal\"><strong><span style=\"color: black; font-family: Arial\">Fuente Taurina<br \/>\n<\/span><\/strong><span style=\"color: black; font-family: Arial\">\u00a0<\/span><\/p>\n<p style=\"margin: 0cm 0cm 0pt\" class=\"MsoNormal\"><span style=\"color: black; font-family: Arial\"><\/span><\/p>\n<p><span style=\"color: black; font-family: Arial\">Tambi\u00e9n conocida como Pila de Aguila. Fue construida para conmemorar la primera corrida de toros en <st1:personname ProductID=\"la Nueva Espa?a\" w:st=\"on\">la Nueva Espa\u00f1a<\/st1:personname> en siglo XVI, presenta diversas escenas de tauromaquia, su estilo art\u00edstico no est\u00e1 bien definido. Se localiza en <st1:personname ProductID=\"la Plazuela Hidalgo.\" w:st=\"on\">la Plazuela Hidalgo.<\/st1:personname>\u00a0 <o:p><\/o:p><\/span><\/p>\n<p style=\"margin: 0cm 0cm 0pt\" class=\"MsoNormal\"><strong><span style=\"color: black; font-family: Arial\"><\/span><\/strong><\/p>\n<p style=\"margin: 0cm 0cm 0pt\" class=\"MsoNormal\"><strong><span style=\"color: black; font-family: Arial\"><\/span><\/strong><\/p>\n<p style=\"margin: 0cm 0cm 0pt\" class=\"MsoNormal\"><strong><span style=\"color: black; font-family: Arial\"><\/span><\/strong><\/p>\n<p style=\"margin: 0cm 0cm 0pt\" class=\"MsoNormal\"><strong><span style=\"color: black; font-family: Arial\">Templo de San Francisco y su Claustro <\/span><\/strong><span style=\"color: black; font-family: Arial\"><br \/>\n<\/span><\/p>\n<p><span style=\"color: black; font-family: Arial\">Templo que data del siglo XVII, es de un barroco elegante y sobrio, el convento edificado en el siglo XVIII tiene un bello patio con 16 pilares y cuenta con una monumental fuente. <o:p><\/o:p><\/span><\/p>\n<p style=\"margin: 0cm 0cm 0pt\" class=\"MsoNormal\"><strong><span style=\"color: black; font-family: Arial\"><\/span><\/strong><\/p>\n<p style=\"margin: 0cm 0cm 0pt\" class=\"MsoNormal\"><strong><span style=\"color: black; font-family: Arial\"><\/span><\/strong><\/p>\n<p style=\"margin: 0cm 0cm 0pt\" class=\"MsoNormal\"><strong><span style=\"color: black; font-family: Arial\">Templo del Hospital<br \/>\n<\/span><\/strong><span style=\"color: black; font-family: Arial\">\u00a0<\/span><\/p>\n<p><span style=\"color: black; font-family: Arial\">Construido en el siglo XVI, de fachada plateresca, una aut\u00e9ntica joya arquitect\u00f3nica, ubicado en la explanada parroquial. El altar principal lo preside un Cristo hecho con ca\u00f1a de ma\u00edz. <o:p><\/o:p><\/span><\/p>\n<p style=\"margin: 0cm 0cm 0pt\" class=\"MsoNormal\"><span style=\"color: black; font-family: Arial\"><\/span><\/p>\n<p style=\"margin: 0cm 0cm 0pt\" class=\"MsoNormal\"><span style=\"color: black; font-family: Arial\"><\/span><\/p>\n<p style=\"margin: 0cm 0cm 0pt\" class=\"MsoNormal\"><span style=\"color: black; font-family: Arial\">Santuario de Guadalupe<br \/>\n<\/span><\/p>\n<p><span style=\"color: black; font-family: Arial\">Vale la pena contemplar su interior con 4 frescos del pintor Pedro Cruz, en los que detalla como fue el arribo de la orden franciscana a tierras de Am\u00e9rica, as\u00ed como la construcci\u00f3n del Convento de San Francisco, en la sacrist\u00eda se hayan 3 pilastras esculpidas en cantera y una pintura del siglo XVIII, que representa el \u00e1rbol geneal\u00f3gico de <st1:personname ProductID=\"la Virgen\" w:st=\"on\">la Virgen<\/st1:personname> de Guadalupe. Este santuario se localiza entre la avenida Hidalgo y el Andador Ju\u00e1rez.\u00a0 <o:p><\/o:p><\/span><span style=\"color: black; font-family: Arial\"><o:p>\u00a0<\/o:p><\/span><\/p>\n<p style=\"margin: 0cm 0cm 0pt\" class=\"MsoNormal\"><span style=\"color: black; font-family: Arial\"><\/span><\/p>\n<p style=\"margin: 0cm 0cm 0pt\" class=\"MsoNormal\"><span style=\"color: black; font-family: Arial\">Templo Expiatorio o de <st1:personname ProductID=\"la Promesa ?Mandado\" w:st=\"on\"><st1:personname ProductID=\"la Promesa\" w:st=\"on\">la Promesa<\/st1:personname><br \/>\n<\/st1:personname><\/span><\/p>\n<p style=\"margin: 0cm 0cm 0pt\" class=\"MsoNormal\"><span style=\"color: black; font-family: Arial\"><st1:personname ProductID=\"la Promesa ?Mandado\" w:st=\"on\">\u00a0<\/st1:personname><\/span><\/p>\n<p><span style=\"color: black; font-family: Arial\"><st1:personname ProductID=\"la Promesa ?Mandado\" w:st=\"on\">Mandado<\/st1:personname> erigir a mediados del siglo XIX, durante esa \u00e9poca se hab\u00eda desatado una epidemia que comenzaba a diezmar a la poblaci\u00f3n acambarense, por lo que los habitantes prometieron levantar un templo si se terminaba esa calamidad, y as\u00ed fue, y de inmediato se comenz\u00f3 a erigir, concluy\u00e9ndose la obra hasta 1973. Tiene una fachada de estilo neocl\u00e1sico. <o:p><\/o:p><\/span><\/p>\n<p style=\"margin: 0cm 0cm 0pt; text-align: justify\" class=\"MsoNormal\"><span style=\"color: black; font-family: Arial\"><\/span><\/p>\n<p style=\"margin: 0cm 0cm 0pt; text-align: justify\" class=\"MsoNormal\"><span style=\"color: black; font-family: Arial\"><\/span><\/p>\n<p><span style=\"color: black; font-family: Arial\">Se localiza a un costado del templo de San Francisco.\u00a0 <o:p><\/o:p><\/span><\/p>\n<p style=\"margin: 0cm 0cm 0pt; text-align: justify\" class=\"MsoNormal\"><span style=\"color: black; font-family: Arial\"><\/span><\/p>\n<p style=\"margin: 0cm 0cm 0pt; text-align: justify\" class=\"MsoNormal\"><span style=\"color: black; font-family: Arial\"><\/span><\/p>\n<p style=\"margin: 0cm 0cm 0pt; text-align: justify\" class=\"MsoNormal\"><span style=\"color: black; font-family: Arial\">Ermitas<br \/>\n<\/span><\/p>\n<p style=\"margin: 0cm 0cm 0pt; text-align: justify\" class=\"MsoNormal\"><span style=\"color: black; font-family: Arial\"><\/span><\/p>\n<p><span style=\"color: black; font-family: Arial\">Se erigieron con la finalidad de rezar durante el viacrucis de Semana Santa durante el siglo XVIII, a\u00fan se pueden admirar 3 de las 14 que existieron en aqu\u00e9lla \u00e9poca. Ubicaci\u00f3n: Av. Hidalgo s\\n, frente a la plazuela. <o:p><\/o:p><\/span><\/p>\n<p style=\"margin: 0cm 0cm 0pt; text-align: justify\" class=\"MsoNormal\"><span style=\"color: black; font-family: Arial\"><\/span><\/p>\n<p style=\"margin: 0cm 0cm 0pt; text-align: justify\" class=\"MsoNormal\"><span style=\"color: black; font-family: Arial\"><\/span><\/p>\n<p><span style=\"color: black; font-family: Arial\">El Museo:<o:p><\/o:p><\/span><\/p>\n<p style=\"margin: 0cm 0cm 0pt; text-align: justify\" class=\"MsoNormal\"><span style=\"color: black; font-family: Arial\"><\/span><\/p>\n<p style=\"margin: 0cm 0cm 0pt; text-align: justify\" class=\"MsoNormal\"><span style=\"color: black; font-family: Arial\"><\/span><\/p>\n<p><span style=\"color: black; font-family: Arial\">Se haya aqu\u00ed un importante tesoro arqueol\u00f3gico, ya que alberga variadas piezas de la cultura de Chup\u00edcuaro, as\u00ed como artesan\u00edas de la regi\u00f3n y datos hist\u00f3ricos de la ciudad. Ubicaci\u00f3n: Abasolo y Morelos. <o:p><\/o:p><\/span><\/p>\n<p style=\"margin: 0cm 0cm 0pt\" class=\"MsoNormal\"><span style=\"color: black; font-family: Arial\"><\/span><\/p>\n<p style=\"margin: 0cm 0cm 0pt\" class=\"MsoNormal\"><span style=\"color: black; font-family: Arial\"><\/span><\/p>\n<p style=\"margin: 0cm 0cm 0pt\" class=\"MsoNormal\"><span style=\"color: black; font-family: Arial\">Puente sobre el r\u00edo Lerma<br \/>\n<\/span><\/p>\n<p style=\"margin: 0cm 0cm 0pt\" class=\"MsoNormal\"><span style=\"color: black; font-family: Arial\"><\/span><\/p>\n<p><span style=\"color: black; font-family: Arial\">Se comenz\u00f3 a construir en 1786 bajo la direcci\u00f3n del Arquitecto celayense Francisco Eduardo Tresguerras, sus entradas entran rematadas por magnificas esculturas de cantera gris. Su estilo es neocl\u00e1sico. Fue mandado construir por el Obispo de Michoac\u00e1n Fray Antonio de San Miguel. Ubic\u00e1ndose a un costado de la avenida H\u00e9roes de Coraza. <o:p><\/o:p><\/span><\/p>\n<p style=\"margin: 0cm 0cm 0pt\" class=\"MsoNormal\"><span style=\"color: black; font-family: Arial\"><\/span><\/p>\n<p style=\"margin: 0cm 0cm 0pt\" class=\"MsoNormal\"><span style=\"color: black; font-family: Arial\"><\/span><\/p>\n<p style=\"margin: 0cm 0cm 0pt\" class=\"MsoNormal\"><span style=\"color: black; font-family: Arial\">El Acueducto<br \/>\n<\/span><\/p>\n<p style=\"margin: 0cm 0cm 0pt\" class=\"MsoNormal\"><span style=\"color: black; font-family: Arial\"><\/span><\/p>\n<p><span style=\"color: black; font-family: Arial\">Mandado construir por el fraile franciscano Antonio de Bemul en 1528, una de las primeras obras hidr\u00e1ulicas realizadas en M\u00e9xico durante la conquista, tiene 9 arcos, de forma ojival de medio punto, uno de los arcos se encuentra adornado con una escultura del se\u00f1or San Jos\u00e9.\u00a0 Se localiza en la avenida Hidalgo esquina con Leandro Valle. <o:p><\/o:p><\/span><\/p>\n<p style=\"margin: 0cm 0cm 0pt\" class=\"MsoNormal\"><strong><span style=\"color: black; font-family: Arial\"><\/span><\/strong><\/p>\n<p style=\"margin: 0cm 0cm 0pt\" class=\"MsoNormal\"><strong><span style=\"color: black; font-family: Arial\"><\/span><\/strong><\/p>\n<p style=\"margin: 0cm 0cm 0pt\" class=\"MsoNormal\"><strong><span style=\"color: black; font-family: Arial\"><\/span><\/strong><\/p>\n<p><strong><span style=\"color: black; font-family: Arial\">Zona arqueol\u00f3gica de Chup\u00edcuaro <\/span><\/strong><span style=\"color: black; font-family: Arial\"><o:p><\/o:p><\/span><\/p>\n<p style=\"margin: 0cm 0cm 0pt; text-align: justify\" class=\"MsoNormal\"><span style=\"color: black; font-family: Arial\"><\/span><\/p>\n<p style=\"margin: 0cm 0cm 0pt; text-align: justify\" class=\"MsoNormal\"><span style=\"color: black; font-family: Arial\"><\/span><\/p>\n<p><span style=\"color: black; font-family: Arial\">Se localiza al norte de la ciudad rumbo al fraccionamiento de Loma Bonita. <o:p><\/o:p><\/span><\/p>\n<p style=\"margin: 0cm 0cm 0pt\" class=\"MsoNormal\"><span style=\"color: black; font-family: Arial\"><\/span><\/p>\n<p style=\"margin: 0cm 0cm 0pt\" class=\"MsoNormal\"><span style=\"color: black; font-family: Arial\"><\/span><\/p>\n<p style=\"margin: 0cm 0cm 0pt\" class=\"MsoNormal\"><span style=\"color: black; font-family: Arial\">Fuente Morisca<br \/>\n<\/span><\/p>\n<p style=\"margin: 0cm 0cm 0pt\" class=\"MsoNormal\"><span style=\"color: black; font-family: Arial\"><\/span><\/p>\n<p><span style=\"color: black; font-family: Arial\">Construcci\u00f3n que data del siglo XVIII, de estilo mudejar, situada en el interior del mercado Hidalgo. <o:p><\/o:p><\/span><\/p>\n<p style=\"margin: 0cm 0cm 0pt\" class=\"MsoNormal\"><span style=\"color: black; font-family: Arial\"><\/span><\/p>\n<p style=\"margin: 0cm 0cm 0pt\" class=\"MsoNormal\"><span style=\"color: black; font-family: Arial\"><\/span><\/p>\n<p style=\"margin: 0cm 0cm 0pt\" class=\"MsoNormal\"><span style=\"color: black; font-family: Arial\">Templo de San Antonio<br \/>\n<\/span><\/p>\n<p style=\"margin: 0cm 0cm 0pt\" class=\"MsoNormal\"><span style=\"color: black; font-family: Arial\"><\/span><\/p>\n<p><span style=\"color: black; font-family: Arial\">Iglesia construida en el siglo XVIII, en su interior se puede contemplar el retablo central, adornado con vistosas maderas ba\u00f1adas en un tinte plateado, uno de los templos m\u00e1s representativos de la ciudad. Posee una amplia nave y un atrio de atractivo turistico interesante.\u00a0 <o:p><\/o:p><\/span><span style=\"color: black; font-family: Arial\"><o:p>\u00a0<\/o:p><\/span><\/p>\n<p style=\"margin: 0cm 0cm 0pt\" class=\"MsoNormal\"><span style=\"color: black; font-family: Arial\"><\/span><\/p>\n<p style=\"margin: 0cm 0cm 0pt\" class=\"MsoNormal\"><span style=\"color: black; font-family: Arial\"><\/span><\/p>\n<p style=\"margin: 0cm 0cm 0pt\" class=\"MsoNormal\"><span style=\"color: black; font-family: Arial\">Monumento a don Miguel Hidalgo<br \/>\n<\/span><\/p>\n<p style=\"margin: 0cm 0cm 0pt\" class=\"MsoNormal\"><span style=\"color: black; font-family: Arial\"><\/span><\/p>\n<p><span style=\"color: black; font-family: Arial\">Se localiza en la plaza de armas de la cabecera municipal, tiene una altura de casi dos metros, el personaje empu\u00f1a los restos de una cadena que simboliza la libertad del pueblo oprimido, fue ah\u00ed precisamente donde se le reconoce como General\u00edsimo de las Am\u00e9ricas, el 22 de octubre de 1810. <o:p><\/o:p><\/span><span style=\"color: black; font-family: Arial\"><o:p>\u00a0<\/o:p><\/span><\/p>\n<p style=\"margin: 0cm 0cm 0pt\" class=\"MsoNormal\"><span style=\"color: black; font-family: Arial\"><\/span><\/p>\n<p style=\"margin: 0cm 0cm 0pt\" class=\"MsoNormal\"><span style=\"color: black; font-family: Arial\"><\/span><\/p>\n<p style=\"margin: 0cm 0cm 0pt\" class=\"MsoNormal\"><span style=\"color: black; font-family: Arial\">Jard\u00edn Hidalgo<br \/>\n<\/span><\/p>\n<p style=\"margin: 0cm 0cm 0pt\" class=\"MsoNormal\"><span style=\"color: black; font-family: Arial\"><\/span><\/p>\n<p><span style=\"color: black; font-family: Arial\">Se localiza en la plaza principal de la ciudad de Ac\u00e1mbaro, de ambiente agradable por la frondosidad de los laureles de <st1:personname ProductID=\"la India. Tiene\" w:st=\"on\">la India. Tiene<\/st1:personname> un bonito kiosko de fierro barcelon\u00e9s. <o:p><\/o:p><\/span><\/p>\n<p style=\"margin: 0cm 0cm 0pt\" class=\"MsoNormal\"><span style=\"color: black; font-family: Arial\">Templo de <st1:personname ProductID=\"la Soledad ?Bonita\" w:st=\"on\"><st1:personname ProductID=\"la Soledad\" w:st=\"on\">la Soledad<\/st1:personname><br \/>\n<\/st1:personname><\/span><\/p>\n<p style=\"margin: 0cm 0cm 0pt\" class=\"MsoNormal\"><span style=\"color: black; font-family: Arial\"><st1:personname ProductID=\"la Soledad ?Bonita\" w:st=\"on\">\u00a0<\/st1:personname><\/span><\/p>\n<p><span style=\"color: black; font-family: Arial\"><st1:personname ProductID=\"la Soledad ?Bonita\" w:st=\"on\">Bonita<\/st1:personname> construcci\u00f3n que data del siglo pasado, posee una nave central y un hermoso retablo. <o:p><\/o:p><\/span><\/p>\n<p style=\"margin: 0cm 0cm 0pt; text-align: justify\" class=\"MsoNormal\"><strong><span style=\"color: black; font-family: Arial\"><span><\/span><\/span><\/strong><\/p>\n<p style=\"margin: 0cm 0cm 0pt; text-align: justify\" class=\"MsoNormal\"><strong><span style=\"color: black; font-family: Arial\"><span><\/span><\/span><\/strong><\/p>\n<p style=\"margin: 0cm 0cm 0pt; text-align: justify\" class=\"MsoNormal\"><strong><span style=\"color: black; font-family: Arial\"><span><\/span><\/span><\/strong><\/p>\n<p><strong><span style=\"color: black; font-family: Arial\"><span>\u00a0<\/span>Ac\u00e1mbaro: Fiestas, Danzas y Tradiciones<\/span><\/strong><span style=\"color: black; font-family: Arial\"> <o:p><\/o:p><\/span><\/p>\n<p style=\"margin: 0cm 0cm 0pt; text-align: justify\" class=\"MsoNormal\"><span style=\"color: black; font-family: Arial\"><\/span><\/p>\n<p style=\"margin: 0cm 0cm 0pt; text-align: justify\" class=\"MsoNormal\"><span style=\"color: black; font-family: Arial\"><\/span><\/p>\n<p style=\"margin: 0cm 0cm 0pt; text-align: justify\" class=\"MsoNormal\"><span style=\"color: black; font-family: Arial\"><\/span><\/p>\n<p><span style=\"color: black; font-family: Arial\">Coronaci\u00f3n de <st1:personname ProductID=\"la Virgen\" w:st=\"on\">la Virgen<\/st1:personname> del Refugio, 8 de enero. Celebraci\u00f3n religiosa, incluyendo peregrinaciones, danzas aut\u00f3ctonas y juegos pirot\u00e9cnicos.<\/p>\n<p><\/span><span style=\"color: black; font-family: Arial\"><o:p><\/o:p><\/span><span style=\"color: black; font-family: Arial\"><a href=\"http:\/\/mexico.udg.mx\/religion\/semsanta\/\"><span style=\"color: black\">Semana Santa<\/span><\/a>, fecha variable, tradicionales ceremonias acerca de la pasi\u00f3n de Cristo.<\/p>\n<p><o:p><\/o:p><\/span><\/p>\n<p style=\"margin: 0cm 0cm 0pt\" class=\"MsoNormal\"><span style=\"color: black; font-family: Arial\"><\/span><\/p>\n<p style=\"margin: 0cm 0cm 0pt\" class=\"MsoNormal\"><span style=\"color: black; font-family: Arial\"><\/span><\/p>\n<p><span style=\"color: black; font-family: Arial\">Fiestas de <st1:personname ProductID=\"la Santa Cruz\" w:st=\"on\">la Santa Cruz<\/st1:personname>, 3 de mayo, una cruz es bajada del cerro del \u00abToro\u00bb <o:p><\/o:p><\/span><\/p>\n<p style=\"margin: 0cm 0cm 0pt\" class=\"MsoNormal\"><span style=\"color: black; font-family: Arial\"><\/span><\/p>\n<p style=\"margin: 0cm 0cm 0pt\" class=\"MsoNormal\"><span style=\"color: black; font-family: Arial\"><\/span><\/p>\n<p><span style=\"color: black; font-family: Arial\">Hacia la iglesia \u00abEcce-Homo\u00bb.<\/p>\n<p><\/span><span style=\"color: black; font-family: Arial\"><o:p><\/o:p><\/span><\/p>\n<p style=\"margin: 0cm 0cm 0pt; text-align: justify\" class=\"MsoNormal\"><st1:personname ProductID=\"La Feria\" w:st=\"on\"><span style=\"color: black; font-family: Arial\">\u00a0<\/span><\/st1:personname><\/p>\n<p><st1:personname ProductID=\"La Feria\" w:st=\"on\"><span style=\"color: black; font-family: Arial\">La Feria<\/span><\/st1:personname><span style=\"color: black; font-family: Arial\"> anual en honor de <st1:personname ProductID=\"la Virgen\" w:st=\"on\">la Virgen<\/st1:personname> del Refugio, con peleas de gallos, desfiles, danzas aut\u00f3ctonas, juegos pirot\u00e9cnicos y eventos culturales.<\/p>\n<p><\/span><span style=\"color: black; font-family: Arial\"><o:p><\/o:p><\/span><\/p>\n<p style=\"margin: 0cm 0cm 0pt; text-align: justify\" class=\"MsoNormal\"><span style=\"color: black; font-family: Arial\"><\/span><\/p>\n<p><span style=\"color: black; font-family: Arial\">Fundaci\u00f3n de la ciudad, 19 de septiembre, <o:p><\/o:p><\/span><\/p>\n<p style=\"margin: 0cm 0cm 0pt; text-align: justify\" class=\"MsoNormal\"><span style=\"color: black; font-family: Arial\"><\/span><\/p>\n<p style=\"margin: 0cm 0cm 0pt; text-align: justify\" class=\"MsoNormal\"><span style=\"color: black; font-family: Arial\"><\/span><\/p>\n<p><span style=\"color: black; font-family: Arial\">Desfile C\u00edvico-militar, 22 de octubre, se conmemora la designacion de don Miguel Hidalgo como General\u00edsimo de las Am\u00e9ricas del movimiento insurgente. <o:p><\/o:p><\/span><\/p>\n","protected":false},"excerpt":{"rendered":"<p>Ac\u00e1mbaro\u00a0\u00a0Jos\u00e9 F\u00e9lix Zavala Este primer asentamiento prehisp\u00e1nico, se produjo durante el horizonte cl\u00e1sico, en la llamada cultura Chup\u00edcuaro, una de las m\u00e1s estables del centro de M\u00e9xico, se cree que esta cultura precortesiana fue influida por civilizaciones aleda\u00f1as, como la pur\u00e9pecha y la otom\u00ed entre otras. A la llegada de los espa\u00f1oles, en 1519, Ac\u00e1mbaro [&hellip;]<\/p>\n","protected":false},"author":249,"featured_media":0,"comment_status":"open","ping_status":"closed","sticky":false,"template":"","format":"standard","meta":{"footnotes":""},"categories":[11,9],"tags":[],"class_list":["post-961","post","type-post","status-publish","format-standard","hentry","category-fotografia","category-otros-lugares"],"_links":{"self":[{"href":"http:\/\/eloficiodehistoriar.com.mx\/index.php?rest_route=\/wp\/v2\/posts\/961","targetHints":{"allow":["GET"]}}],"collection":[{"href":"http:\/\/eloficiodehistoriar.com.mx\/index.php?rest_route=\/wp\/v2\/posts"}],"about":[{"href":"http:\/\/eloficiodehistoriar.com.mx\/index.php?rest_route=\/wp\/v2\/types\/post"}],"author":[{"embeddable":true,"href":"http:\/\/eloficiodehistoriar.com.mx\/index.php?rest_route=\/wp\/v2\/users\/249"}],"replies":[{"embeddable":true,"href":"http:\/\/eloficiodehistoriar.com.mx\/index.php?rest_route=%2Fwp%2Fv2%2Fcomments&post=961"}],"version-history":[{"count":0,"href":"http:\/\/eloficiodehistoriar.com.mx\/index.php?rest_route=\/wp\/v2\/posts\/961\/revisions"}],"wp:attachment":[{"href":"http:\/\/eloficiodehistoriar.com.mx\/index.php?rest_route=%2Fwp%2Fv2%2Fmedia&parent=961"}],"wp:term":[{"taxonomy":"category","embeddable":true,"href":"http:\/\/eloficiodehistoriar.com.mx\/index.php?rest_route=%2Fwp%2Fv2%2Fcategories&post=961"},{"taxonomy":"post_tag","embeddable":true,"href":"http:\/\/eloficiodehistoriar.com.mx\/index.php?rest_route=%2Fwp%2Fv2%2Ftags&post=961"}],"curies":[{"name":"wp","href":"https:\/\/api.w.org\/{rel}","templated":true}]}}