{"id":963,"date":"2008-08-04T08:19:58","date_gmt":"2008-08-04T13:19:58","guid":{"rendered":"https:\/\/eloficiodehistoriar.com.mx\/?p=963"},"modified":"2008-08-04T08:19:58","modified_gmt":"2008-08-04T13:19:58","slug":"jose-hierro-poeta","status":"publish","type":"post","link":"http:\/\/eloficiodehistoriar.com.mx\/?p=963","title":{"rendered":"Jos\u00e9 Hierro, Poeta&#8230;"},"content":{"rendered":"<p><img decoding=\"async\" src=\"http:\/\/ts4.images.live.com\/images\/thumbnail.aspx?q=1605032351279&amp;id=12c441658241556b01e5f0694ac6a6c6\" alt=\"hierro1.jpg\" style=\"visibility: visible; width: 120px; cursor: pointer; height: 140px\" title=\"hierro1.jpg\" class=\"img_thumb\" \/><\/p>\n<p><strong><span style=\"color: black; font-family: Arial\"><o:p>\u00a0<\/o:p><\/span><\/strong><\/p>\n<p style=\"margin: 0cm 0cm 0pt; text-align: justify\" class=\"MsoNormal\"><strong><span style=\"color: black; font-family: Arial\">El legado po\u00e9tico de Jos\u00e9 Hierro<\/span><\/strong><\/p>\n<p style=\"margin: 0cm 0cm 0pt; text-align: justify\" class=\"MsoNormal\"><strong><span style=\"color: black; font-family: Arial\"><\/span><\/strong><\/p>\n<p><strong><span style=\"color: black; font-family: Arial\"><o:p>\u00a0<\/o:p><\/span><\/strong><strong><span style=\"color: black; font-family: Arial\">Miguel Angel Mu\u00f1oz<o:p><\/o:p><\/span><\/strong><\/p>\n<p style=\"margin: 0cm 0cm 0pt; text-align: justify\" class=\"MsoNormal\"><em><span style=\"color: black; font-family: Arial\"><\/span><\/em><\/p>\n<p style=\"margin: 0cm 0cm 0pt; text-align: justify\" class=\"MsoNormal\"><em><span style=\"color: black; font-family: Arial\"><\/span><\/em><\/p>\n<p style=\"margin: 0cm 0cm 0pt; text-align: justify\" class=\"MsoNormal\"><em><span style=\"color: black; font-family: Arial\"><\/span><\/em><\/p>\n<p><em><span style=\"color: black; font-family: Arial\">Hay poetas que, para desmenuzar y profundizar en su pasi\u00f3n por el mundo, necesitan la exaltaci\u00f3n de la memoria, el espectador del paisaje y la tradici\u00f3n de la cultura. Jos\u00e9 Hierro (Madrid, Espa\u00f1a, 1922-2002), fue uno de estos escritores; \u00e9l, que trasmiti\u00f3 con simplicidad ling\u00fc\u00edstica, como pocos poetas de su generaci\u00f3n, ese lenguaje mediterr\u00e1neo que se resiste a muchos. <o:p><\/o:p><\/span><\/em><\/p>\n<p style=\"margin: 0cm 0cm 0pt; text-align: justify\" class=\"MsoNormal\"><em><span style=\"color: black; font-family: Arial\"><\/span><\/em><\/p>\n<p style=\"margin: 0cm 0cm 0pt; text-align: justify\" class=\"MsoNormal\"><em><span style=\"color: black; font-family: Arial\"><\/span><\/em><\/p>\n<p style=\"margin: 0cm 0cm 0pt; text-align: justify\" class=\"MsoNormal\"><em><span style=\"color: black; font-family: Arial\"><\/span><\/em><\/p>\n<p><em><span style=\"color: black; font-family: Arial\">No es el \u00fanico escritor espa\u00f1ol que, en el siglo pasado, se nutri\u00f3 del paisaje, que con tanta claridad se abandona en el mar, y m\u00e1s all\u00e1, a otras tierras. La obra de Hierro ocupa ya un lugar clave en la poes\u00eda de lengua espa\u00f1ola del \u00faltimo medio siglo.<o:p><\/o:p><\/span><\/em><\/p>\n<p style=\"margin: 0cm 0cm 0pt; text-align: justify\" class=\"MsoNormal\"><em><span style=\"color: black; font-family: Arial\"><span><\/span><\/span><\/em><\/p>\n<p style=\"margin: 0cm 0cm 0pt; text-align: justify\" class=\"MsoNormal\"><em><span style=\"color: black; font-family: Arial\"><span><\/span><\/span><\/em><\/p>\n<p style=\"margin: 0cm 0cm 0pt; text-align: justify\" class=\"MsoNormal\"><em><span style=\"color: black; font-family: Arial\"><span><\/span><\/span><\/em><\/p>\n<p><em><span style=\"color: black; font-family: Arial\"><span>\u00a0<\/span>En 1947 aparece su primer libro, <\/span><\/em><span style=\"color: black; font-family: Arial\">Tierra sin nosotros,<em> y gana el Premio Adon\u00e1is de Poes\u00eda con <\/em>Alegr\u00eda.<em> La aparici\u00f3n en 1964 del <\/em>Libro de las alucinaciones<em>, no s\u00f3lo desdijo esa profec\u00eda, sino que abri\u00f3 las esclusas de un tipo de escritura visionaria de escasas conexiones con el entorno. <o:p><\/o:p><\/em><\/span><\/p>\n<p style=\"margin: 0cm 0cm 0pt; text-align: justify\" class=\"MsoNormal\"><em><span style=\"color: black; font-family: Arial\"><\/span><\/em><\/p>\n<p style=\"margin: 0cm 0cm 0pt; text-align: justify\" class=\"MsoNormal\"><em><span style=\"color: black; font-family: Arial\"><\/span><\/em><\/p>\n<p style=\"margin: 0cm 0cm 0pt; text-align: justify\" class=\"MsoNormal\"><em><span style=\"color: black; font-family: Arial\"><\/span><\/em><\/p>\n<p><em><span style=\"color: black; font-family: Arial\">Su lenguaje, a partir de ese momento, es un continuo proceso de enriquecimiento ling\u00fc\u00edstico y densidad expresiva. Quiz\u00e1 el m\u00e1s claro ejemplo es su poemario <\/span><\/em><span style=\"color: black; font-family: Arial\">Cuaderno de Nueva York <em>(Editorial Hiperi\u00f3n, 1998<\/em>),<em> en el cual establece un di\u00e1logo m\u00faltiple con la ciudad: personajes, calles, h\u00e9roes, pesadillas que se entrelazan en un mismo espacio y tiempo. <o:p><\/o:p><\/em><\/span><\/p>\n<p style=\"margin: 0cm 0cm 0pt; text-align: justify\" class=\"MsoNormal\"><em><span style=\"color: black; font-family: Arial\"><\/span><\/em><\/p>\n<p style=\"margin: 0cm 0cm 0pt; text-align: justify\" class=\"MsoNormal\"><em><span style=\"color: black; font-family: Arial\"><\/span><\/em><\/p>\n<p style=\"margin: 0cm 0cm 0pt; text-align: justify\" class=\"MsoNormal\"><em><span style=\"color: black; font-family: Arial\"><\/span><\/em><\/p>\n<p><em><span style=\"color: black; font-family: Arial\">Cuando se edit\u00f3 este libro, Hierro ten\u00eda setenta y seis a\u00f1os, que, seg\u00fan se dice, es una edad de claudicante retirado para comenzar nuevas aventuras. <o:p><\/o:p><\/span><\/em><\/p>\n<p style=\"margin: 0cm 0cm 0pt; text-align: justify\" class=\"MsoNormal\"><em><span style=\"color: black; font-family: Arial\"><\/span><\/em><\/p>\n<p style=\"margin: 0cm 0cm 0pt; text-align: justify\" class=\"MsoNormal\"><em><span style=\"color: black; font-family: Arial\"><\/span><\/em><\/p>\n<p style=\"margin: 0cm 0cm 0pt; text-align: justify\" class=\"MsoNormal\"><em><span style=\"color: black; font-family: Arial\"><\/span><\/em><\/p>\n<p><em><span style=\"color: black; font-family: Arial\">El t\u00f3pico de que la poes\u00eda se acopla mejor con las exacerbaciones juveniles es detenido en la obra de poetas como t. s. Eliot, Juan Ram\u00f3n Jim\u00e9nez, Wallace Stevens, W. B. Yeats y, desde luego, en Hierro.<o:p><\/o:p><\/span><\/em><\/p>\n<p style=\"margin: 0cm 0cm 0pt; text-align: justify\" class=\"MsoNormal\"><em><span style=\"color: black; font-family: Arial\"><\/span><\/em><\/p>\n<p style=\"margin: 0cm 0cm 0pt; text-align: justify\" class=\"MsoNormal\"><em><span style=\"color: black; font-family: Arial\"><\/span><\/em><\/p>\n<p style=\"margin: 0cm 0cm 0pt; text-align: justify\" class=\"MsoNormal\"><em><span style=\"color: black; font-family: Arial\"><\/span><\/em><\/p>\n<p><em><span style=\"color: black; font-family: Arial\">Lo digo porque <\/span><\/em><span style=\"color: black; font-family: Arial\">Cuaderno de Nueva York<em> es, despu\u00e9s del <\/em>Libro de las alucinaciones,<em> su mejor obra po\u00e9tica, pues ambas suponen una invenci\u00f3n considerable a cuyos derroteros est\u00e9ticos se ha plegado despu\u00e9s en toda su poes\u00eda. <o:p><\/o:p><\/em><\/span><\/p>\n<p style=\"margin: 0cm 0cm 0pt; text-align: justify\" class=\"MsoNormal\"><em><span style=\"color: black; font-family: Arial\"><\/span><\/em><\/p>\n<p style=\"margin: 0cm 0cm 0pt; text-align: justify\" class=\"MsoNormal\"><em><span style=\"color: black; font-family: Arial\"><\/span><\/em><\/p>\n<p style=\"margin: 0cm 0cm 0pt; text-align: justify\" class=\"MsoNormal\"><em><span style=\"color: black; font-family: Arial\"><\/span><\/em><\/p>\n<p><em><span style=\"color: black; font-family: Arial\">Jos\u00e9 Hierro fue puente entre la primera generaci\u00f3n de postguerra y la de los cincuenta, obtuvo todos los premios posibles en el mundo de las letras: el Premio Cervantes de Literatura\u2013, el Nacional de Poes\u00eda en Espa\u00f1a, el de las Letras Espa\u00f1olas, el Reina Sof\u00eda de Poes\u00eda y el Pr\u00edncipe de Asturias, entre muchos otros. Hierro dio su voz. <o:p><\/o:p><\/span><\/em><\/p>\n","protected":false},"excerpt":{"rendered":"<p>\u00a0 El legado po\u00e9tico de Jos\u00e9 Hierro \u00a0Miguel Angel Mu\u00f1oz Hay poetas que, para desmenuzar y profundizar en su pasi\u00f3n por el mundo, necesitan la exaltaci\u00f3n de la memoria, el espectador del paisaje y la tradici\u00f3n de la cultura. Jos\u00e9 Hierro (Madrid, Espa\u00f1a, 1922-2002), fue uno de estos escritores; \u00e9l, que trasmiti\u00f3 con simplicidad ling\u00fc\u00edstica, [&hellip;]<\/p>\n","protected":false},"author":249,"featured_media":0,"comment_status":"open","ping_status":"closed","sticky":false,"template":"","format":"standard","meta":{"footnotes":""},"categories":[26],"tags":[],"class_list":["post-963","post","type-post","status-publish","format-standard","hentry","category-mundo"],"_links":{"self":[{"href":"http:\/\/eloficiodehistoriar.com.mx\/index.php?rest_route=\/wp\/v2\/posts\/963","targetHints":{"allow":["GET"]}}],"collection":[{"href":"http:\/\/eloficiodehistoriar.com.mx\/index.php?rest_route=\/wp\/v2\/posts"}],"about":[{"href":"http:\/\/eloficiodehistoriar.com.mx\/index.php?rest_route=\/wp\/v2\/types\/post"}],"author":[{"embeddable":true,"href":"http:\/\/eloficiodehistoriar.com.mx\/index.php?rest_route=\/wp\/v2\/users\/249"}],"replies":[{"embeddable":true,"href":"http:\/\/eloficiodehistoriar.com.mx\/index.php?rest_route=%2Fwp%2Fv2%2Fcomments&post=963"}],"version-history":[{"count":0,"href":"http:\/\/eloficiodehistoriar.com.mx\/index.php?rest_route=\/wp\/v2\/posts\/963\/revisions"}],"wp:attachment":[{"href":"http:\/\/eloficiodehistoriar.com.mx\/index.php?rest_route=%2Fwp%2Fv2%2Fmedia&parent=963"}],"wp:term":[{"taxonomy":"category","embeddable":true,"href":"http:\/\/eloficiodehistoriar.com.mx\/index.php?rest_route=%2Fwp%2Fv2%2Fcategories&post=963"},{"taxonomy":"post_tag","embeddable":true,"href":"http:\/\/eloficiodehistoriar.com.mx\/index.php?rest_route=%2Fwp%2Fv2%2Ftags&post=963"}],"curies":[{"name":"wp","href":"https:\/\/api.w.org\/{rel}","templated":true}]}}