{"id":964,"date":"2008-08-04T08:29:45","date_gmt":"2008-08-04T13:29:45","guid":{"rendered":"https:\/\/eloficiodehistoriar.com.mx\/?p=964"},"modified":"2008-08-04T08:29:45","modified_gmt":"2008-08-04T13:29:45","slug":"%c2%bfcuanto-debo-ganar","status":"publish","type":"post","link":"http:\/\/eloficiodehistoriar.com.mx\/?p=964","title":{"rendered":"\u00bfCuanto debo ganar?"},"content":{"rendered":"<p><img decoding=\"async\" src=\"http:\/\/ts2.images.live.com\/images\/thumbnail.aspx?q=2110059775881&amp;id=e68f6c115a24113e403f200cba922ee9\" alt=\"pobreza.JPG\" style=\"visibility: visible; width: 96px; cursor: pointer; height: 140px\" title=\"pobreza.JPG\" class=\"img_thumb\" \/><\/p>\n<p style=\"border-right: medium none; border-top: medium none; border-left: medium none; border-bottom: #dddddd 1pt solid; padding: 0cm\">\n<h1 style=\"margin: 0cm 0cm 3pt; text-align: justify\">Ingreso ciudadano universal<\/h1>\n<p style=\"margin: 0cm 0cm 3pt; text-align: justify\">&nbsp;<\/p>\n<p style=\"margin: 0cm 0cm 3pt; text-align: justify\">&nbsp;<\/p>\n<p style=\"text-align: justify\"><span style=\"font-family: Arial\"><\/span><\/p>\n<p><span style=\"font-family: Arial\">Se llev\u00f3 a cabo en el Distrito Federal, bajo los auspicios de <st1:personname ProductID=\"la Universidad Aut\u00f3noma\" w:st=\"on\">la Universidad Aut\u00f3noma<\/st1:personname> de <st1:personname ProductID=\"la Ciudad\" w:st=\"on\">la Ciudad<\/st1:personname> de M\u00e9xico, un importante seminario internacional, con la participaci\u00f3n de expertos como el senador brasile\u00f1o Eduardo Suplicy, Mar\u00eda Julia Bertomeu, Daniel Ravent\u00f3s, David Cassasas, Enrique del Val, Julio Boltvinik y otros, para discutir una de las m\u00e1s significativas propuestas en torno de un orden social distinto al neoliberalismo, desde la perspectiva de los derechos humanos emergentes: el ingreso ciudadano universal, mejor conocido en Europa como renta b\u00e1sica de ciudadan\u00eda o ingreso b\u00e1sico.<o:p><\/o:p><\/span><\/p>\n<p style=\"text-align: justify\"><span style=\"font-family: Arial\"><\/span><\/p>\n<p><span style=\"font-family: Arial\">Es una idea sencilla y poderosa: reconocer el derecho a la existencia y a una vida digna como un derecho humano universal, no condicionado, individual y exigible. Se trata sin lugar a dudas de una propuesta audaz, aunque realizable, si los gobiernos la entienden y los congresos de los pa\u00edses la apoyan. En varios de ellos ya hay comisiones establecidas por los congresos para estudiarla, y ponerla en pr\u00e1ctica alg\u00fan d\u00eda. <o:p><\/o:p><\/span><\/p>\n<p style=\"text-align: justify\"><span style=\"font-family: Arial\"><\/span><\/p>\n<p><span style=\"font-family: Arial\">En algunos lugares como Alaska ya est\u00e1 funcionando. Su materializaci\u00f3n ser\u00eda por medio de una transferencia monetaria garantizada por el Estado a todos los habitantes del pa\u00eds, para satisfacer sus necesidades b\u00e1sicas, ampliar su libertad de decisi\u00f3n y aumentar su autonom\u00eda.<o:p><\/o:p><\/span><\/p>\n<p style=\"text-align: justify\"><span style=\"font-family: Arial\"><\/span><\/p>\n<p><span style=\"font-family: Arial\">Se trata, ni m\u00e1s ni menos, de garantizarle a todas las personas el contar, independientemente de su forma de inserci\u00f3n o no en el mercado laboral, la capacidad de existir y tener una vida digna. La propuesta del ingreso ciudadano universal tiene implicaciones sociales, pol\u00edticas, filos\u00f3ficas, materiales y morales de gran trascendencia. <o:p><\/o:p><\/span><\/p>\n<p style=\"text-align: justify\"><span style=\"font-family: Arial\"><\/span><\/p>\n<p><span style=\"font-family: Arial\">Significa reconocer a la existencia y a la vida humana digna como derechos; significa igualmente el reconocimiento del valor social de todos los tipos de trabajo no remunerados o sin fines de lucro, y reconstruir la responsabilidad y solidaridad colectiva de todos los miembros de la sociedad, para que a nadie, por el simple y trascendente hecho de ser persona, le falte lo indispensable. <o:p><\/o:p><\/span><\/p>\n<p style=\"text-align: justify\"><span style=\"font-family: Arial\"><\/span><\/p>\n<p><span style=\"font-family: Arial\">Representa la posibilidad de crear condiciones materiales para una vida m\u00e1s aut\u00f3noma para las mujeres, las y los j\u00f3venes, las personas adultas mayores y todas aquellas que se encuentran en situaci\u00f3n de discriminaci\u00f3n. <o:p><\/o:p><\/span><\/p>\n<p style=\"text-align: justify\"><span style=\"font-family: Arial\"><\/span><\/p>\n<p><span style=\"font-family: Arial\">No en balde el doctor Luis Villoro habla desde hace muchos a\u00f1os en nuestro pa\u00eds de las libertades de realizaci\u00f3n, adem\u00e1s de las negativas y positivas que ya permiten o consagran las leyes, relacionadas con la igualdad social.<o:p><\/o:p><\/span><\/p>\n<p style=\"text-align: justify\"><span style=\"font-family: Arial\"><\/span><\/p>\n<p><span style=\"font-family: Arial\">Detr\u00e1s del concepto de ingreso ciudadano universal se encuentra tambi\u00e9n el prop\u00f3sito de avanzar en la desmercantilizaci\u00f3n de la existencia. Esto es, asumir el compromiso moral y \u00e9tico de que la sobreviviencia est\u00e9 por encima del mercado, y no deba ser regida por las leyes de la ganancia y el lucro. <o:p><\/o:p><\/span><\/p>\n<p style=\"text-align: justify\"><span style=\"font-family: Arial\"><\/span><\/p>\n<p><span style=\"font-family: Arial\">Asimismo, recupera fundamentos \u00e9ticos profundos, que se pueden rastrear desde los fil\u00f3sofos griegos, en el nacimiento del cristianismo y en los valores de muchas religiones. <o:p><\/o:p><\/span><\/p>\n<p style=\"text-align: justify\"><span style=\"font-family: Arial\"><\/span><\/p>\n<p><span style=\"font-family: Arial\">Representa tambi\u00e9n la posibilidad de dar cauce a una sociedad en la que se complementen la igualdad con la libertad, y la creaci\u00f3n de comunidad se armonice con el despliegue de la autonom\u00eda individual.<o:p><\/o:p><\/span><\/p>\n<p style=\"text-align: justify\"><span style=\"font-family: Arial\"><\/span><\/p>\n<p><span style=\"font-family: Arial\">En M\u00e9xico, donde est\u00e1n tan a la vista la magnitud de la riqueza y el incremento de la desigualdad; donde es falso que falten recursos, sino que est\u00e1n p\u00e9simamente distribuidos; donde nuestro principal problema no es s\u00f3lo el crecimiento de la extrema pobreza, sino tambi\u00e9n de la extrema riqueza; donde desde el punto de vista \u00e9tico, econ\u00f3mico y pol\u00edtico es inaceptable que, seg\u00fan distintas mediciones, entre 50 y 70 millones de compatriotas est\u00e9n en situaci\u00f3n de pobreza, y en donde 20 a\u00f1os de pol\u00edticas sociales neoliberales -ll\u00e1meseles como se les llame, Solidaridad, Progresa u Oportunidades- han demostrado su fracaso para combatir la pobreza y aminorar la desigualdad, es evidente que se requiere un cambio profundo en pol\u00edtica social. <o:p><\/o:p><\/span><\/p>\n<p style=\"text-align: justify\"><span style=\"font-family: Arial\"><\/span><\/p>\n<p><span style=\"font-family: Arial\">Este viraje de fondo pasa por la plena vigencia de los derechos civiles y pol\u00edticos, pero tambi\u00e9n de los derechos econ\u00f3micos, sociales, culturales y ambientales, y por la construcci\u00f3n de nuevas pol\u00edticas sociales, desde la perspectiva de los derechos humanos y, por lo mismo, con objetivos redistributivos expl\u00edcitos, no simplemente compensatorios o asistenciales.<o:p><\/o:p><\/span><\/p>\n<p style=\"text-align: justify\"><span style=\"font-family: Arial\"><\/span><\/p>\n<p><span style=\"font-family: Arial\">En este contexto, la propuesta del ingreso ciudadano universal viene a enriquecer el campo de los nuevos derechos sociales y a convertirse en una perspectiva program\u00e1tica innovadora y con un gran potencial de aceptaci\u00f3n y movilizaci\u00f3n social, porque su instrumentaci\u00f3n significar\u00eda la erradicaci\u00f3n efectiva de la pobreza, el aminoramiento sustantivo de la desigualdad y la ampliaci\u00f3n de la libertad de todos, contribuyendo as\u00ed a una nueva cohesi\u00f3n social, basada en la solidaridad y la reciprocidad. <o:p><\/o:p><\/span><\/p>\n<p style=\"text-align: justify\"><span style=\"font-family: Arial\"><\/span><\/p>\n<p><span style=\"font-family: Arial\">En nuestro pa\u00eds se han comenzado a sentar las bases de una secci\u00f3n mexicana de este movimiento internacional. <o:p><\/o:p><\/span><\/p>\n","protected":false},"excerpt":{"rendered":"<p>Ingreso ciudadano universal &nbsp; &nbsp; Se llev\u00f3 a cabo en el Distrito Federal, bajo los auspicios de la Universidad Aut\u00f3noma de la Ciudad de M\u00e9xico, un importante seminario internacional, con la participaci\u00f3n de expertos como el senador brasile\u00f1o Eduardo Suplicy, Mar\u00eda Julia Bertomeu, Daniel Ravent\u00f3s, David Cassasas, Enrique del Val, Julio Boltvinik y otros, para [&hellip;]<\/p>\n","protected":false},"author":249,"featured_media":0,"comment_status":"open","ping_status":"closed","sticky":false,"template":"","format":"standard","meta":{"footnotes":""},"categories":[26],"tags":[],"class_list":["post-964","post","type-post","status-publish","format-standard","hentry","category-mundo"],"_links":{"self":[{"href":"http:\/\/eloficiodehistoriar.com.mx\/index.php?rest_route=\/wp\/v2\/posts\/964","targetHints":{"allow":["GET"]}}],"collection":[{"href":"http:\/\/eloficiodehistoriar.com.mx\/index.php?rest_route=\/wp\/v2\/posts"}],"about":[{"href":"http:\/\/eloficiodehistoriar.com.mx\/index.php?rest_route=\/wp\/v2\/types\/post"}],"author":[{"embeddable":true,"href":"http:\/\/eloficiodehistoriar.com.mx\/index.php?rest_route=\/wp\/v2\/users\/249"}],"replies":[{"embeddable":true,"href":"http:\/\/eloficiodehistoriar.com.mx\/index.php?rest_route=%2Fwp%2Fv2%2Fcomments&post=964"}],"version-history":[{"count":0,"href":"http:\/\/eloficiodehistoriar.com.mx\/index.php?rest_route=\/wp\/v2\/posts\/964\/revisions"}],"wp:attachment":[{"href":"http:\/\/eloficiodehistoriar.com.mx\/index.php?rest_route=%2Fwp%2Fv2%2Fmedia&parent=964"}],"wp:term":[{"taxonomy":"category","embeddable":true,"href":"http:\/\/eloficiodehistoriar.com.mx\/index.php?rest_route=%2Fwp%2Fv2%2Fcategories&post=964"},{"taxonomy":"post_tag","embeddable":true,"href":"http:\/\/eloficiodehistoriar.com.mx\/index.php?rest_route=%2Fwp%2Fv2%2Ftags&post=964"}],"curies":[{"name":"wp","href":"https:\/\/api.w.org\/{rel}","templated":true}]}}