{"id":97,"date":"2008-05-22T10:24:50","date_gmt":"2008-05-22T15:24:50","guid":{"rendered":"https:\/\/eloficiodehistoriar.com.mx\/?p=97"},"modified":"2008-05-22T10:24:50","modified_gmt":"2008-05-22T15:24:50","slug":"un-intelectual-y-hombre-de-accion-en-queretaro-jaime-septien","status":"publish","type":"post","link":"http:\/\/eloficiodehistoriar.com.mx\/?p=97","title":{"rendered":"Un Intelectual y Hombre de acci\u00f3n en Quer\u00e9taro: Jaime Septi\u00e9n"},"content":{"rendered":"<h2 align=\"center\" style=\"margin: auto 0cm; text-align: center\"><span style=\"font-family: Arial\">Jaime Septi\u00e9n Crespo, un queretano ilustre.<o:p><\/o:p><\/span><\/h2>\n<p style=\"text-align: justify\"><span style=\"font-family: Arial\">El lic. Jaime Septi\u00e9n Crespo, Director General del peri\u00f3dico cat\u00f3lico\u00a0\u201cEl Observador\u201d, se incorpora en el Comit\u00e9 Asesor de <st1:personname ProductID=\"La Gira Mundial\" w:st=\"on\">La Gira Mundial<\/st1:personname> por <st1:personname ProductID=\"la Paz\" w:st=\"on\">la Paz<\/st1:personname> y <st1:personname ProductID=\"la Unidad.\" w:st=\"on\">la Unidad.<\/st1:personname> <\/span><\/p>\n<p><span style=\"font-family: Arial\"><o:p><\/o:p><\/span>\u00a0<\/p>\n<p style=\"text-align: justify\"><span style=\"font-family: Arial\">Fue nombrado\u00a0por el Obispo de Quer\u00e9taro,<span>\u00a0 <\/span>Mario De Gasper\u00edn y Gasper\u00edn y por <st1:personname ProductID=\"la Asociaci?n Valores\" w:st=\"on\">la Asociaci\u00f3n Valores<\/st1:personname> por <st1:personname ProductID=\"la Paz\" w:st=\"on\">la Paz<\/st1:personname>,\u00a0 responsable del evento \u201c100 Ciudades por <st1:personname ProductID=\"la Paz\" w:st=\"on\">la Paz<\/st1:personname>\u201d, que se llevar\u00e1 a cabo el 25 de Julio de 2008\u00a0en <st1:personname ProductID=\"la Ciudad\" w:st=\"on\">la Ciudad<\/st1:personname> de<span>\u00a0 <\/span>de\u00a0Quer\u00e9taro\u00a0en M\u00e9xico, dentro del marco de la celebraci\u00f3n de la fundaci\u00f3n de\u00a0la ciudad.\u00a0<\/span><\/p>\n<p><span style=\"font-family: Arial\"><o:p><\/o:p><\/span>\u00a0<\/p>\n<p style=\"text-align: justify\"><span style=\"font-family: Arial\">El lic. Jaime Septi\u00e9n Crespo es\u00a0Presidente del Consejo Directivo de\u00a0Banco Santa Fe y de Fundaci\u00f3n Merced Quer\u00e9taro as\u00ed como presidente del Consejo de Directores de <st1:personname ProductID=\"la UNIVA\" w:st=\"on\">la UNIVA<\/st1:personname>, <st1:personname ProductID=\"la Universidad Cat?lica\" w:st=\"on\">la Universidad Cat\u00f3lica<\/st1:personname> de Quer\u00e9taro.<\/span><\/p>\n<p><span style=\"font-family: Arial\"><o:p><\/o:p><\/span>\u00a0<\/p>\n<p style=\"text-align: justify\"><span style=\"font-family: Arial\">Licenciado en Comunicaci\u00f3n por <st1:personname ProductID=\"la Universidad Iberoamericana\" w:st=\"on\">la Universidad Iberoamericana<\/st1:personname>, en la ciudad de M\u00e9xico, Corresponsal en M\u00e9xico, Am\u00e9rica Central y \u00e1reas hispanas de EE UU de <st1:personname ProductID=\"la Agencia Informativa\" w:st=\"on\">la Agencia Informativa<\/st1:personname> cat\u00f3lica\u00a0Zenit, con base en Roma.<\/span><\/p>\n<p><span style=\"font-family: Arial\"><o:p><\/o:p><\/span>\u00a0<\/p>\n<p style=\"text-align: justify\"><span style=\"font-family: Arial\">Es Asesor en pol\u00edticas p\u00fablicas y de educaci\u00f3n y cultura en los gobiernos municipal y estatal de Quer\u00e9taro y Autor de libros de ensayo sobre comunicaci\u00f3n, cultura e historia.<\/span><\/p>\n<p><span style=\"font-family: Arial\"><o:p><\/o:p><\/span>\u00a0<\/p>\n","protected":false},"excerpt":{"rendered":"<p>Jaime Septi\u00e9n Crespo, un queretano ilustre. El lic. Jaime Septi\u00e9n Crespo, Director General del peri\u00f3dico cat\u00f3lico\u00a0\u201cEl Observador\u201d, se incorpora en el Comit\u00e9 Asesor de La Gira Mundial por la Paz y la Unidad. \u00a0 Fue nombrado\u00a0por el Obispo de Quer\u00e9taro,\u00a0 Mario De Gasper\u00edn y Gasper\u00edn y por la Asociaci\u00f3n Valores por la Paz,\u00a0 responsable del [&hellip;]<\/p>\n","protected":false},"author":249,"featured_media":0,"comment_status":"open","ping_status":"closed","sticky":false,"template":"","format":"standard","meta":{"footnotes":""},"categories":[26],"tags":[],"class_list":["post-97","post","type-post","status-publish","format-standard","hentry","category-mundo"],"_links":{"self":[{"href":"http:\/\/eloficiodehistoriar.com.mx\/index.php?rest_route=\/wp\/v2\/posts\/97","targetHints":{"allow":["GET"]}}],"collection":[{"href":"http:\/\/eloficiodehistoriar.com.mx\/index.php?rest_route=\/wp\/v2\/posts"}],"about":[{"href":"http:\/\/eloficiodehistoriar.com.mx\/index.php?rest_route=\/wp\/v2\/types\/post"}],"author":[{"embeddable":true,"href":"http:\/\/eloficiodehistoriar.com.mx\/index.php?rest_route=\/wp\/v2\/users\/249"}],"replies":[{"embeddable":true,"href":"http:\/\/eloficiodehistoriar.com.mx\/index.php?rest_route=%2Fwp%2Fv2%2Fcomments&post=97"}],"version-history":[{"count":0,"href":"http:\/\/eloficiodehistoriar.com.mx\/index.php?rest_route=\/wp\/v2\/posts\/97\/revisions"}],"wp:attachment":[{"href":"http:\/\/eloficiodehistoriar.com.mx\/index.php?rest_route=%2Fwp%2Fv2%2Fmedia&parent=97"}],"wp:term":[{"taxonomy":"category","embeddable":true,"href":"http:\/\/eloficiodehistoriar.com.mx\/index.php?rest_route=%2Fwp%2Fv2%2Fcategories&post=97"},{"taxonomy":"post_tag","embeddable":true,"href":"http:\/\/eloficiodehistoriar.com.mx\/index.php?rest_route=%2Fwp%2Fv2%2Ftags&post=97"}],"curies":[{"name":"wp","href":"https:\/\/api.w.org\/{rel}","templated":true}]}}