{"id":970,"date":"2008-08-04T09:30:37","date_gmt":"2008-08-04T14:30:37","guid":{"rendered":"https:\/\/eloficiodehistoriar.com.mx\/?p=970"},"modified":"2008-08-04T09:30:37","modified_gmt":"2008-08-04T14:30:37","slug":"todos-somos-zimapan-informan","status":"publish","type":"post","link":"http:\/\/eloficiodehistoriar.com.mx\/?p=970","title":{"rendered":"Todos somos Zimap\u00e1n, informan&#8230;"},"content":{"rendered":"<p style=\"background: white; margin-left: 70.8pt\"><span style=\"font-size: 10pt; color: #333333; font-family: Verdana\"><strong>BOLET\u00cdN DE PRENSA\u00a0\u00a0\u00a0\u00a0\u00a0\u00a0\u00a0\u00a0\u00a0\u00a0\u00a0\u00a0\u00a0\u00a0\u00a0\u00a0\u00a0\u00a0\u00a0\u00a0\u00a0\u00a0\u00a0\u00a0\u00a0\u00a0\u00a0\u00a0\u00a0\u00a0\u00a0\u00a0\u00a0\u00a0\u00a0\u00a0\u00a0\u00a0\u00a0\u00a0\u00a0\u00a0\u00a0\u00a0\u00a0\u00a0\u00a0\u00a0\u00a0\u00a0\u00a0\u00a0\u00a0\u00a0\u00a0\u00a0\u00a0\u00a0\u00a0\u00a0\u00a0\u00a0\u00a0\u00a0\u00a0\u00a0\u00a0\u00a0\u00a0\u00a0\u00a0\u00a0\u00a0 <\/strong>Quer\u00e9taro, Qro. 5 de agosto, 2008<\/span><\/p>\n<p style=\"background: white; margin-left: 70.8pt\"><span style=\"font-size: 10pt; color: #333333; font-family: Verdana\"><strong>JORNADA DE SOLIDARIDAD INTERNACONAL POR LA VIDA<\/strong><\/span><\/p>\n<p style=\"background: white; margin-left: 70.8pt\"><span style=\"font-size: 10pt; color: #333333; font-family: Verdana\"><strong>\u00abTODOS SOMOS ZIMAP\u00c1N\u00bb<\/strong><\/span><\/p>\n<p style=\"background: white; margin-left: 70.8pt\"><span style=\"font-size: 10pt; color: #333333; font-family: Verdana\"><\/span><\/p>\n<p style=\"background: white; margin-left: 70.8pt\"><span style=\"font-size: 10pt; color: #333333; font-family: Verdana\">A partir de que la empresa espa\u00f1ola BEFESA inici\u00f3 la construcci\u00f3n de un Confinamiento de desechos T\u00f3xicos en Zimap\u00e1n Hidalgo, la poblaci\u00f3n de dicho municipio\u00a0colindante con Quer\u00e9taro,\u00a0ha emprendido una intensa campa\u00f1a en contra de su establecimiento y funcionamiento, debido al grave riesgo que esa obra representa para la salud y la vida misma\u00a0 de los habitantes, no s\u00f3lo del municipio, sino de las poblaciones vecinas.<\/span><\/p>\n<p style=\"background: white; margin-left: 70.8pt\"><span style=\"font-size: 10pt; color: #333333; font-family: Verdana\">Como resultado de su lucha legal, el pasado 15 de julio, la Suprema Corte de Justicia \u00a0otorg\u00f3\u00a0el amparo\u00a0promovido por el movimiento ciudadano <strong>TODOS SOMOS ZIMP\u00c1N <\/strong>y orden\u00f3 la suspensi\u00f3n de los trabajos de construcci\u00f3n; sin embargo, Befesa ha desacatatado dicha<\/span><span style=\"font-size: 10pt; color: #333333; font-family: Verdana\"> orden y continuado con los trabajos.<\/span><\/p>\n<p style=\"background: white; margin-left: 70.8pt\"><span style=\"font-size: 10pt; color: #333333; font-family: Verdana\">Organizaciones no gubernamentales de los estados de M\u00e9<\/span><span style=\"font-size: 10pt; color: #333333; font-family: Verdana\">xico,<\/span><span style=\"font-size: 10pt; color: #333333; font-family: Verdana\"> Hidalgo y Quer\u00e8<\/span><span style=\"font-size: 10pt; color: #333333; font-family: Verdana\">taro exigieron la cancelaci\u00f3<\/span><span style=\"font-size: 10pt; color: #333333; font-family: Verdana\">n del proyecto y enviaron<\/span><span style=\"font-size: 10pt; color: #333333; font-family: Verdana\"> una carta al presidente Felipe Calder\u00f3<\/span><span style=\"font-size: 10pt; color: #333333; font-family: Verdana\">n; al gobernador hidalguense, Miguel A<\/span><span style=\"font-size: 10pt; color: #333333; font-family: Verdana\">ngel<\/span><span style=\"font-size: 10pt; color: #333333; font-family: Verdana\"> Osorio; al alcalde Eusebio Aguilar Francisco y a la Comisi\u00f3<\/span><span style=\"font-size: 10pt; color: #333333; font-family: Verdana\">n Nacional de<\/span><span style=\"font-size: 10pt; color: #333333; font-family: Verdana\"> Derechos Humanos (CNDH).<\/span><\/p>\n<p style=\"background: white; margin-left: 70.8pt\"><span style=\"font-size: 10pt; color: #333333; font-family: Verdana\">Befesa pretende, no obstante el mandato del tribunal federal,\u00a0que el basurero empiece a funcionar este mismo mes\u00a0y que reciba cerca de 4 mil toneladas de residuos t\u00f3<\/span><span style=\"font-size: 10pt; color: #333333; font-family: Verdana\">xicos diarios<\/span><\/p>\n<p style=\"background: white; margin-left: 70.8pt\"><span style=\"font-size: 10pt; color: #333333; font-family: Verdana\">En el documento enviado a autoridades de los tres niveles de gobierno y al <em><span style=\"font-family: Verdana\">ombudsman <\/span><\/em>los activistas exigen aplicar el art\u00ed<\/span><span style=\"font-size: 10pt; color: #333333; font-family: Verdana\">culo cuarto de l<\/span><span style=\"font-size: 10pt; color: #333333; font-family: Verdana\">a Constituci\u00f3<\/span><span style=\"font-size: 10pt; color: #333333; font-family: Verdana\">n, que garantiza \u00ab<\/span><span style=\"font-size: 10pt; color: #333333; font-family: Verdana\">un ambiente limpio,<\/span><span style=\"font-size: 10pt; color: #333333; font-family: Verdana\"> saludable, adecuado para el desarrollo comunitario y el bienestar de los ciudadanos\u00bb, incluyendo a los queretanos<\/span><span style=\"font-size: 10pt; color: #333333; font-family: Verdana\">.<\/span><\/p>\n<p style=\"background: white; margin-left: 70.8pt\"><span style=\"font-size: 10pt; color: #333333; font-family: Verdana\">Las organizaciones civiles aseguraron que Befesa tiene antecedentes de mal manejo de residuos y da\u00f1<\/span><span style=\"font-size: 10pt; color: #333333; font-family: Verdana\">o ambiental en el vertedero de<\/span><span style=\"font-size: 10pt; color: #333333; font-family: Verdana\"> Nerva, ubicado en Huelva, Espa\u00f1<\/span><span style=\"font-size: 10pt; color: #333333; font-family: Verdana\">a, regi\u00f3n con la m\u00e1s alta incidencia de problemas de salud relacionadas con cancer y otros males, del ese pa\u00eds.<\/span><\/p>\n<p style=\"background: white; margin-left: 70.8pt\"><span style=\"font-size: 10pt; color: #333333; font-family: Verdana\">La firma espa\u00f1<\/span><span style=\"font-size: 10pt; color: #333333; font-family: Verdana\">ol<\/span><span style=\"font-size: 10pt; color: #333333; font-family: Verdana\">a carece de capacidad para responder en caso de accidente, pues no tiene camiones de bomberos, personal especializado ni gru<\/span><span style=\"font-size: 10pt; color: #333333; font-family: Verdana\">as para levantar autotanques de 40 o 50<\/span><span style=\"font-size: 10pt; color: #333333; font-family: Verdana\"> toneladas que llegar\u00e1<\/span><span style=\"font-size: 10pt; color: #333333; font-family: Verdana\">n a diario al confinamiento<\/span><span style=\"font-size: 10pt; color: #333333; font-family: Verdana\">.<\/span><\/p>\n<p><span style=\"font-size: 10pt; color: #333333; font-family: Verdana\">\u00c9s de considerarse que el paso para hacer llegar dichos cargamentos ser\u00e1n a trav\u00e9s de <\/span><span style=\"font-size: 10pt; color: #333333; font-family: Verdana\"><\/p>\n<p style=\"text-align: justify\" class=\"EC_EC_MsoNormal\"><span lang=\"ES-MX\"><font size=\"3\"><font color=\"#000000\"><font face=\"Times New Roman\">carreteras sinuosas, de dos carriles y\u00a0sin acotamientos, tales como son las carretras: MEXICO- ZIMAP\u00c1N\u00a0(pasando por Pachuca, Atopan e Ixmiquilpan),<span>\u00a0 <\/span>la carretera CIUDAD VALLES-<span>\u00a0 <\/span>S.L.P.- ZIMAP\u00c1N ( Pasando por Tamazunchale, Chapuluac\u00e1n y Jacala), y la<span>\u00a0 <\/span><strong>QUER\u00c9TARO- ZIMP\u00c1N<\/strong><strong>) (Pasando por Ezequiel Montes, Caderyta, Pueblo Nuevo y la Hidroel\u00e9ctrica Zimap\u00e1n).<\/strong><\/font><\/font><\/font><\/span><\/p>\n<p style=\"text-align: justify\" class=\"EC_EC_MsoNormal\"><span lang=\"ES-MX\"><\/span><span style=\"font-size: 10pt; color: #333333; font-family: Verdana\">Por si fuera poco, el municipio de Zimap\u00e1<\/span><span style=\"font-size: 10pt; color: #333333; font-family: Verdana\">n no\u00a0cuenta con hospital o\u00a0cl\u00ed<\/span><span style=\"font-size: 10pt; color: #333333; font-family: Verdana\">nica especializada para atender accidentes o<\/span><span style=\"font-size: 10pt; color: #333333; font-family: Verdana\"> enfermedades derivadas por la contaminaci\u00f3n<\/span><span style=\"font-size: 10pt; color: #333333; font-family: Verdana\">.<\/span><\/p>\n<p><\/span><\/p>\n<p style=\"text-align: justify\" class=\"EC_EC_MsoNormal\"><span style=\"font-size: 10pt; color: #333333; font-family: Verdana\"><\/span><\/p>\n<p style=\"text-align: justify\" class=\"EC_EC_MsoNormal\"><span style=\"font-size: 10pt; color: #333333; font-family: Verdana\">Las contradicciones que esta obra mantiene con las normas establecidas por la SEMARNAT SON LAS SIGUIENTES: <\/span><\/p>\n<p style=\"text-align: justify\" class=\"EC_EC_MsoNormal\"><span style=\"font-size: 10pt; color: #333333; font-family: Verdana\">1.- <\/span>Que el terreno donde se construye debe de se estable sin riesgos de movimientos tel\u00faricos (sismos)<\/p>\n<p class=\"EC_EC_MsoNormal\">&#8211; y seg\u00fan los estudios geof\u00edsicos de la zona donde se construye el confinamiento demuestran que pasa una falla geol\u00f3gica s\u00edsmica llamada La Cabalgadura del Doctor<\/p>\n<p class=\"EC_EC_MsoNormal\">&nbsp;<\/p>\n<p class=\"EC_EC_MsoNormal\">2.-Que el proyecto debe ubicarse fuera de los caminos transitables.<\/p>\n<p class=\"EC_EC_MsoNormal\">&#8211; Resulta que\u00a0 se construye en el paso a varias comunidades ( Puerto de Ef\u00e9, San Antonio, El Organal, Cuesta Blanca, Saja, La Ortiga y otros m\u00e1s)<\/p>\n<p class=\"EC_EC_MsoNormal\">&nbsp;<\/p>\n<p class=\"EC_EC_MsoNormal\">3.- Que el confinamiento no debe ubicarse en una ladera.<\/p>\n<p class=\"EC_EC_MsoNormal\">&#8211;<span> <\/span>El espacio geogr\u00e1fico donde se ubica el proyecto pertenece a la Sierra Gorda donde las laderas, ca\u00f1adas, acantilados predominan y resulta que el vaso del confinamiento lo construyen en una ca\u00f1ada.<\/p>\n<p class=\"EC_EC_MsoNormal\">&nbsp;<\/p>\n<p class=\"EC_EC_MsoNormal\">4.- Que donde se construye el confinamiento no deben existir l\u00edneas de conducci\u00f3n el\u00e9ctrica.<\/p>\n<p class=\"EC_EC_MsoNormal\">&#8211;\u00a0Donde est\u00e1 construyendose\u00a0el confinamiento atraviesan l\u00edneas de alta tensi\u00f3n.<\/p>\n<p class=\"EC_EC_MsoNormal\">&nbsp;<\/p>\n<p class=\"EC_EC_MsoNormal\">5.- Queda estrictamente prohibido ubicar un confinamiento donde exista un r\u00edo<\/p>\n<p class=\"EC_EC_MsoNormal\">&#8211; Que el R\u00edo Moctezuma que atraviesa los estados de Hidalgo, Quer\u00e9taro, San Lu\u00eds Potos\u00ed, Tamaulipas, Veracruz y desemboca en el Golfo de M\u00e9xico se encuentra a escasos 2 Kms. <strong>Y en esto existe un grave riesgo para Quer\u00e9taro, ya que hay una fuerte relaci\u00f3n con la tan silenciada y misteriosa construcci\u00f3n del proyecto ACUEDUCTO II, comprometi\u00e9ndose la calidad del agua para los queretanos.<\/strong><\/p>\n<p class=\"EC_EC_MsoNormal\">&nbsp;<\/p>\n<p class=\"EC_EC_MsoNormal\">Por todo lo anterior, distintas organizaciones pol\u00edticas, sindicales y sociales en el estado de Quer\u00e9taro, estamos convocado a la <strong>JORNADA DE SOLIDARIDAD INTERNACIONAL POR LA VIDA \u00abTODOS SOMOS ZIMAP\u00c1N<\/strong>\u00ab, que se realizar\u00e1 en el <strong>Jard\u00edn Corregidora<\/strong>, ma\u00f1ana <strong>martes<\/strong><strong> 5 de agosto del 2008, a partir de las 12:00 del d\u00eda<\/strong>. Evento en el que con cartulinas, mantas, pancartas&#8230; nos manifestaremos todos en contra del funcionamiento del Confinamiento de desechos t\u00f3xicos en Zimap\u00e1n\u00a0 nos solidarizaremos con el Movimiento \u00abTodos Somos Zimap\u00e1n\u00bb, convencidos de que el derecho a la vida es de todos y de que los queretanos veremos afectada nuestra salud a mediano plazo de iniciarse el funcionamiento del tiradero.<\/p>\n<p style=\"background: white; margin-left: 70.8pt\">\n<p><strong>LIC. MAR\u00cdA DEL CARMEN G\u00d3MEZ ORTEGA<br \/>\nMIMBRO DEL COMITE COORDINADOR DEL EVENTO<br \/>\n<\/strong><\/p>\n","protected":false},"excerpt":{"rendered":"<p>BOLET\u00cdN DE PRENSA\u00a0\u00a0\u00a0\u00a0\u00a0\u00a0\u00a0\u00a0\u00a0\u00a0\u00a0\u00a0\u00a0\u00a0\u00a0\u00a0\u00a0\u00a0\u00a0\u00a0\u00a0\u00a0\u00a0\u00a0\u00a0\u00a0\u00a0\u00a0\u00a0\u00a0\u00a0\u00a0\u00a0\u00a0\u00a0\u00a0\u00a0\u00a0\u00a0\u00a0\u00a0\u00a0\u00a0\u00a0\u00a0\u00a0\u00a0\u00a0\u00a0\u00a0\u00a0\u00a0\u00a0\u00a0\u00a0\u00a0\u00a0\u00a0\u00a0\u00a0\u00a0\u00a0\u00a0\u00a0\u00a0\u00a0\u00a0\u00a0\u00a0\u00a0\u00a0\u00a0\u00a0 Quer\u00e9taro, Qro. 5 de agosto, 2008 JORNADA DE SOLIDARIDAD INTERNACONAL POR LA VIDA \u00abTODOS SOMOS ZIMAP\u00c1N\u00bb A partir de que la empresa espa\u00f1ola BEFESA inici\u00f3 la construcci\u00f3n de un Confinamiento de desechos T\u00f3xicos en Zimap\u00e1n Hidalgo, la poblaci\u00f3n de dicho municipio\u00a0colindante con Quer\u00e9taro,\u00a0ha emprendido una intensa campa\u00f1a en contra de su establecimiento [&hellip;]<\/p>\n","protected":false},"author":249,"featured_media":0,"comment_status":"open","ping_status":"closed","sticky":false,"template":"","format":"standard","meta":{"footnotes":""},"categories":[26],"tags":[],"class_list":["post-970","post","type-post","status-publish","format-standard","hentry","category-mundo"],"_links":{"self":[{"href":"http:\/\/eloficiodehistoriar.com.mx\/index.php?rest_route=\/wp\/v2\/posts\/970","targetHints":{"allow":["GET"]}}],"collection":[{"href":"http:\/\/eloficiodehistoriar.com.mx\/index.php?rest_route=\/wp\/v2\/posts"}],"about":[{"href":"http:\/\/eloficiodehistoriar.com.mx\/index.php?rest_route=\/wp\/v2\/types\/post"}],"author":[{"embeddable":true,"href":"http:\/\/eloficiodehistoriar.com.mx\/index.php?rest_route=\/wp\/v2\/users\/249"}],"replies":[{"embeddable":true,"href":"http:\/\/eloficiodehistoriar.com.mx\/index.php?rest_route=%2Fwp%2Fv2%2Fcomments&post=970"}],"version-history":[{"count":0,"href":"http:\/\/eloficiodehistoriar.com.mx\/index.php?rest_route=\/wp\/v2\/posts\/970\/revisions"}],"wp:attachment":[{"href":"http:\/\/eloficiodehistoriar.com.mx\/index.php?rest_route=%2Fwp%2Fv2%2Fmedia&parent=970"}],"wp:term":[{"taxonomy":"category","embeddable":true,"href":"http:\/\/eloficiodehistoriar.com.mx\/index.php?rest_route=%2Fwp%2Fv2%2Fcategories&post=970"},{"taxonomy":"post_tag","embeddable":true,"href":"http:\/\/eloficiodehistoriar.com.mx\/index.php?rest_route=%2Fwp%2Fv2%2Ftags&post=970"}],"curies":[{"name":"wp","href":"https:\/\/api.w.org\/{rel}","templated":true}]}}