{"id":973,"date":"2008-08-04T14:29:42","date_gmt":"2008-08-04T19:29:42","guid":{"rendered":"https:\/\/eloficiodehistoriar.com.mx\/?p=973"},"modified":"2008-08-04T14:38:15","modified_gmt":"2008-08-04T19:38:15","slug":"festival-de-musica-de-camara-en-san-miguel-allende","status":"publish","type":"post","link":"http:\/\/eloficiodehistoriar.com.mx\/?p=973","title":{"rendered":"Festival  de m\u00fasica de c\u00e1mara en San Miguel Allende"},"content":{"rendered":"<pre style=\"text-align: center\"><span class=\"EC_MquinadeescribirHTML2\"><span style=\"font-size: 10pt; color: black; font-family: 'Arial', 'sans-serif'\" lang=\"ES\"><strong>\u00a0<\/strong><\/span><\/span><\/pre>\n<pre style=\"text-align: center\"><span class=\"EC_MquinadeescribirHTML2\"><span style=\"font-size: 10pt; color: black; font-family: 'Arial', 'sans-serif'\" lang=\"ES\"><strong>\u00a0<\/strong><\/span><\/span><\/pre>\n<pre style=\"text-align: center\"><span class=\"EC_MquinadeescribirHTML2\"><span style=\"font-size: 10pt; color: black; font-family: 'Arial', 'sans-serif'\" lang=\"ES\"><strong>\u00a0<\/strong><\/span><\/span><\/pre>\n<pre style=\"text-align: center\"><span class=\"EC_MquinadeescribirHTML2\"><span style=\"font-size: 10pt; color: black; font-family: 'Arial', 'sans-serif'\" lang=\"ES\"><strong>\u00a0<\/strong><\/span><\/span><\/pre>\n<pre style=\"text-align: center\"><span class=\"EC_MquinadeescribirHTML2\"><span style=\"font-size: 10pt; color: black; font-family: 'Arial', 'sans-serif'\" lang=\"ES\"><strong><a aDepth=\"0\" aIdx=\"0\" href=\"javascript:;\"><img loading=\"lazy\" decoding=\"async\" width=\"640\" src=\"http:\/\/bl108w.blu108.mail.live.com\/att\/GetAttachment.aspx?tnail=0&amp;messageId=557250d6-ed15-44f9-8453-c89c76e9ea19&amp;Aux=44|0|8CAC4A79474A170|\" height=\"480\" style=\"cursor: pointer\" \/><\/a>\u00a0<\/strong><\/span><\/span><\/pre>\n<pre style=\"text-align: center\"><span class=\"EC_MquinadeescribirHTML2\"><span style=\"font-size: 10pt; color: black; font-family: 'Arial', 'sans-serif'\" lang=\"ES\"><strong>\u00a0<\/strong><\/span><\/span><\/pre>\n<pre style=\"text-align: center\"><span class=\"EC_MquinadeescribirHTML2\"><span style=\"font-size: 10pt; color: black; font-family: 'Arial', 'sans-serif'\" lang=\"ES\"><strong>XXX FESTIVAL DE MUSICA DE CAMARA<\/strong><\/span><\/span><\/pre>\n<pre style=\"text-align: center\"><span class=\"EC_MquinadeescribirHTML2\"><span style=\"font-size: 10pt; color: black; font-family: 'Arial', 'sans-serif'\" lang=\"ES\"><strong>DE SAN MIGUEL DE ALLENDE<\/strong><\/span><\/span><\/pre>\n<pre style=\"text-align: center\"><span class=\"EC_MquinadeescribirHTML2\"><span style=\"font-size: 10pt; color: black; font-family: 'Arial', 'sans-serif'\" lang=\"ES\"><strong>2008<\/strong><\/span><\/span><\/pre>\n<pre style=\"text-align: center\"><span class=\"EC_MquinadeescribirHTML2\"><span style=\"font-size: 10pt; color: black; font-family: 'Arial', 'sans-serif'\" lang=\"ES\"><strong>EN QUER\u00c9TARO<\/strong><\/span><\/span><\/pre>\n<p style=\"line-height: 14.4pt; text-align: justify\" class=\"EC_MsoNormal\"><span style=\"color: black; font-family: 'Arial', 'sans-serif'\"><\/span><\/p>\n<p style=\"line-height: 14.4pt; text-align: justify\" class=\"EC_MsoNormal\"><font size=\"3\"><span style=\"color: black; font-family: 'Arial', 'sans-serif'\">La Escuela<\/span><span style=\"color: black; font-family: 'Arial', 'sans-serif'\"> de Lauder\u00eda del INBA, les invita a que nos acompa\u00f1en y apoyen en la difusi\u00f3n de los conciertos de alta calidad internacional que presenta en el marco del <em>XXX <\/em><\/span><em><span style=\"font-family: 'Arial', 'sans-serif'\">Festival de M\u00fasica de C\u00e1mara de San Miguel de Allende en Quer\u00e9taro<\/span><\/em><span style=\"font-family: 'Arial', 'sans-serif'\">:<span style=\"color: black\"><\/span><\/span><\/font><\/p>\n<p style=\"text-align: justify\" class=\"EC_MsoNormal\"><span style=\"font-family: 'Arial', 'sans-serif'\"><\/span><\/p>\n<p style=\"line-height: 150%; text-align: justify\" class=\"EC_MsoNormal\"><strong><span style=\"font-size: 11pt; line-height: 150%; font-family: 'Arial', 'sans-serif'\">Ahn Tr\u00edo<span>\u00a0\u00a0\u00a0\u00a0\u00a0\u00a0\u00a0\u00a0\u00a0\u00a0\u00a0\u00a0\u00a0\u00a0\u00a0\u00a0\u00a0\u00a0\u00a0 <\/span><span>\u00a0\u00a0\u00a0\u00a0\u00a0\u00a0\u00a0\u00a0\u00a0\u00a0\u00a0 <\/span>Teatro de la Rep\u00fablica<span>\u00a0\u00a0\u00a0\u00a0\u00a0\u00a0\u00a0 <\/span>viernes <span>\u00a0\u00a0\u00a0\u00a0\u00a0\u00a0\u00a0\u00a0\u00a0 <\/span>8 de agosto<\/span><\/strong><\/p>\n<p style=\"line-height: 150%; text-align: justify\" class=\"EC_MsoNormal\"><strong><span style=\"font-size: 11pt; line-height: 150%; font-family: 'Arial', 'sans-serif'\">Synergy Brass Quintet<span>\u00a0\u00a0\u00a0\u00a0\u00a0\u00a0 <\/span><span class=\"EC_MquinadeescribirHTML2\"><span style=\"line-height: 150%; font-family: 'Arial', 'sans-serif'\">Escuela de Lauder\u00eda<span>\u00a0\u00a0\u00a0\u00a0\u00a0\u00a0\u00a0\u00a0\u00a0\u00a0\u00a0 <\/span>lunes <span>\u00a0\u00a0\u00a0\u00a0\u00a0\u00a0\u00a0\u00a0\u00a0\u00a0\u00a0\u00a0 <\/span>11 de agosto<\/span><\/span><\/span><\/strong><\/p>\n<p style=\"line-height: 150%; text-align: justify\" class=\"EC_MsoNormal\"><strong><span style=\"font-size: 11pt; line-height: 150%; font-family: 'Arial', 'sans-serif'\">Poulenc Trio<span>\u00a0\u00a0\u00a0\u00a0\u00a0\u00a0\u00a0\u00a0\u00a0\u00a0\u00a0\u00a0\u00a0\u00a0\u00a0\u00a0\u00a0\u00a0\u00a0\u00a0\u00a0\u00a0\u00a0\u00a0 <\/span>Escuela de Lauder\u00eda<span>\u00a0\u00a0\u00a0\u00a0\u00a0\u00a0\u00a0\u00a0\u00a0\u00a0\u00a0 <\/span>s\u00e1bado <span>\u00a0\u00a0\u00a0\u00a0\u00a0\u00a0\u00a0\u00a0\u00a0 <\/span>16 de agosto<\/span><\/strong><span class=\"EC_MquinadeescribirHTML2\"><strong><span style=\"font-size: 11pt; line-height: 150%; font-family: 'Arial', 'sans-serif'\"><\/span><\/strong><\/span><\/p>\n<p style=\"text-align: justify\" class=\"EC_MsoNormal\"><span style=\"font-family: 'Arial', 'sans-serif'\"><\/span><\/p>\n<p style=\"text-align: justify\" class=\"EC_MsoNormal\"><strong><span style=\"font-family: 'Arial', 'sans-serif'\"><a rel=\"nofollow\" target=\"_blank\" href=\"http:\/\/www.ahntrio.com\/\"><span style=\"color: windowtext; text-decoration: none\"><font size=\"3\">AHN TRIO<\/font><\/span><\/a><\/span><\/strong><\/p>\n<p style=\"text-align: justify\" class=\"EC_MsoNormal\"><font size=\"3\"><span style=\"color: black; font-family: 'Arial', 'sans-serif'\">Originarias de Korea y egresadas de (EU), su primera grabaci\u00f3n de Ravel y Villa-Lobos, recibi\u00f3 alabanzas, como la de Audio Magazine, \u201ceste es uno de las mejores obras de Ravel, y nunca mejor tocado,\u201d y su grabaci\u00f3n EMI de los tr\u00edos de Dvorak, Suk y Shostakovich, gan\u00f3 el premio prestigioso de ECHO de Alemania. Una presentaci\u00f3n de MTV en 1997 en el programa de \u201cUnplugged\u201d con Bryan Adams dirigi\u00f3 el desarrollo de \u201cAhn-Plugged,\u201d que ilustra la emoci\u00f3n y energ\u00eda del Ahn Trio.<span>\u00a0\u00a0\u00a0 <\/span>\u00daltimamente, han creado su propia l\u00ednea de grabaciones, L.A.M.P (Lucia Angella Maria Productions), para permitirles m\u00e1s libertad para explorar los proyectos nuevos y avant-garde que siempre les han interesado. Es precisamente esta vitalidad y el compromiso que tienen con la innovaci\u00f3n que atrae las nuevas audiencias a la m\u00fasica cl\u00e1sica, a trav\u00e9s del Ahn Trio.<span>\u00a0\u00a0\u00a0 <\/span>Favor de visitar el sitio de web del <\/span><span style=\"font-family: 'Arial', 'sans-serif'\"><a rel=\"nofollow\" target=\"_blank\" href=\"http:\/\/www.ahntrio.com\/\"><font color=\"#0000ff\">Ahn Trio<\/font><\/a><span style=\"color: black\"> para disfrutar muestras de video y sonido, y leer m\u00e1s sobre este ingenioso tr\u00edo.<\/span><\/span><\/font><\/p>\n<p style=\"background: white; text-align: justify\" class=\"EC_MsoNormal\"><strong><span style=\"color: #333333; font-family: 'Arial', 'sans-serif'\"><\/span><\/strong><\/p>\n<p style=\"background: white; text-align: justify\" class=\"EC_MsoNormal\"><strong><span style=\"color: #333333; font-family: 'Arial', 'sans-serif'\"><\/span><\/strong><\/p>\n<p style=\"background: white; text-align: justify\" class=\"EC_MsoNormal\"><strong><span style=\"color: #333333; font-family: 'Arial', 'sans-serif'\"><font size=\"3\">SYNERGY BRASS QUINTET<\/font><\/span><\/strong><\/p>\n<p style=\"background: white; text-align: justify\" class=\"EC_MsoNormal\"><font size=\"3\"><strong><span style=\"color: #333333; font-family: 'Arial', 'sans-serif'\">El Quinteto de Metales Synergy<\/span><\/strong><span style=\"color: #333333; font-family: 'Arial', 'sans-serif'\"> se presenta en m\u00e1s conciertos que cualquier otro grupo en la m\u00fasica cl\u00e1sica hoy en d\u00eda, en un promedio de 300 eventos cada a\u00f1o. Alabados por <strong><span style=\"font-weight: normal; font-family: 'Arial', 'sans-serif'\">\u201cuna muestra casi de fuegos artificiales de habilidad musical excepcional, mezclada con un show espl\u00e9ndido\u201d<\/span><\/strong><strong>, <\/strong>adem\u00e1s de <strong><em><span style=\"font-family: 'Arial', 'sans-serif'\">\u201c<\/span><\/em><\/strong><strong><em><span style=\"font-weight: normal; font-family: 'Arial', 'sans-serif'\">precisi\u00f3n brillante y t\u00e9cnica asombrosa\u201d<\/span><\/em><\/strong>, el Quinteto de Metales Synergy ha surgido como uno de los ensambles m\u00e1s apasionantes del mundo. Synergy <strong><em><span style=\"font-weight: normal; font-family: 'Arial', 'sans-serif'\">\u201cha descubierto una manera m\u00e1gica\u2026de alegr\u00eda aut\u00e9ntica, y una forma de presentarse como estrellas de rock\u201d<\/span><\/em><\/strong><strong>.<\/strong><span>\u00a0\u00a0 <\/span>Sus eventos les han llevado a todas partes de los Estados Unidos, incluyendo al Festival de M\u00fasica Ravinia de Illinois, el Musikfest Bethlehem de Pennsylvania, el Festival de M\u00fasica Tanglewood en Massachusetts, y a nivel internacional en el Festival de M\u00fasica de C\u00e1mara de Aguascalientes. Y despu\u00e9s de escuchar al ensamble en Tanglewood en 2003, Samuel Adler los invit\u00f3 a estrenar la grabaci\u00f3n de su \u201cTransfiguration: An Ecumenical Mass\u201d. Synergy se puede escuchar a menudo en \u201cNational Public Radio,\u201d y en 2005, se transmitieron en el canal NBC de la televisi\u00f3n estadounidense con el \u201cMormon Tabernacle Choir.\u201d<span>\u00a0\u00a0\u00a0 <\/span>Adem\u00e1s de su programa riguroso de presentaciones y eventos, el ensamble se dedica una enorme cantidad de tiempo a la educaci\u00f3n de los m\u00fasicos, y amantes de la m\u00fasica, de la pr\u00f3xima generaci\u00f3n. Se han presentado varios programas en m\u00e1s de 500 escuelas p\u00fablicas de costa a costa, \u201ctrayendo la m\u00fasica cl\u00e1sica a los ni\u00f1os en tal manera que los ni\u00f1os pensaron que fue m\u00fasica muy padre. \u00a1Que no siempre es algo f\u00e1cil de lograr!\u2026<strong><em><span style=\"font-weight: normal; font-family: 'Arial', 'sans-serif'\">Los estudiantes (hasta los que no participan en banda) hablaron sobre los de Synergy por mucho tiempo despu\u00e9s de que se fueron\u201d<\/span><\/em><\/strong>.<span>\u00a0\u00a0\u00a0 <\/span>Synergy ense\u00f1a los varios g\u00e9neros de m\u00fasica y las historias de los compositors para \u201cpresentar un programa muy educacional\u201d, haciendo la m\u00fasica accesible a todos los ni\u00f1os.<\/span><\/font><\/p>\n<p style=\"text-align: justify\" class=\"EC_MsoNormal\"><span style=\"font-family: 'Arial', 'sans-serif'\"><\/span><\/p>\n<p style=\"text-align: justify\" class=\"EC_MsoNormal\"><span style=\"font-family: 'Arial', 'sans-serif'\"><\/span><\/p>\n<p style=\"background: white; text-align: justify\" class=\"EC_MsoNormal\"><strong><span style=\"color: #333333; font-family: 'Arial', 'sans-serif'\"><font size=\"3\">POULENC TRIO<\/font><\/span><\/strong><\/p>\n<p style=\"background: white; text-align: justify\" class=\"EC_MsoNormal\"><font size=\"3\"><strong><span style=\"color: #333333; font-family: 'Arial', 'sans-serif'\">El Poulenc Trio<\/span><\/strong><span style=\"color: #333333; font-family: 'Arial', 'sans-serif'\"> junta a tres virtuosos dotados, el oboista <strong><span style=\"font-family: 'Arial', 'sans-serif'\">Vladimir Lande<\/span><\/strong>, el fagotista <strong><span style=\"font-family: 'Arial', 'sans-serif'\">Bryan Young<\/span><\/strong>, y la pianista <strong><span style=\"font-family: 'Arial', 'sans-serif'\">Irina Lande<\/span><\/strong>. Mezclando la vitalidad brillante del siglo 21 con lo mejor de la tradici\u00f3n europea instrumental, las presentaciones del trio saltan m\u00e1s alla de la experiencia normal del concierto, llev\u00e1ndose a las audiencias a un mundo de sonoridades hermosas, ritmos juguetones y emoci\u00f3n dram\u00e1tica. La precisi\u00f3n y versatilidad del ensamble aumenta la l\u00edrica de Poulenca, el talento de Rossini, el ingenio de Jean Francaix y la elegancia llamativa de Andre Previn.Como el mejor de una peque\u00f1a selecci\u00f3n de trios de alientos profesionales, el Poulenc Trio est\u00e1 comprometido a crecer el repertorio a trav\u00e9s del descubrimiento de antiguas obras maestras y tambi\u00e9n obras nuevas.El Trio \u00faltimamente fue el artista invitada especial del Festival Ravello de Italia, donde estrenaron dos obras nuevas escritas espec\u00edficamente por el grupo. Las obras nuevas, del compositor Italiano <strong><span style=\"font-weight: normal; font-family: 'Arial', 'sans-serif'\">Gaetano Panariello<\/span><\/strong><strong> <\/strong>y del compositor Ruso-Americano <strong><span style=\"font-weight: normal; font-family: 'Arial', 'sans-serif'\">Igor Raykhelson<\/span><\/strong><strong><span style=\"font-family: 'Arial', 'sans-serif'\">,<\/span><\/strong> a\u00f1ade al cat\u00e1logo cada vez mayor de nuevas obras, que incluye dos obras recientes estrenadas con la violinista <strong><span style=\"font-weight: normal; font-family: 'Arial', 'sans-serif'\">Hilary Hahn<\/span><\/strong>, y dos nuevos conciertos triples con orquesta, estrenadas durante 2006-2007 y 2007-2008.<span>\u00a0\u00a0 <\/span>El Poulenc Trio escogi\u00f3 su nombre (y su mascota) de Francis Poulenc, cuyo ingenio y elegancia musical se difunden en su trio para oboe, fagote y piano (1926), talvez la obra m\u00e1s conocida de esta combinaci\u00f3n instrumental.<span>\u00a0\u00a0\u00a0 <\/span>Poulenc naci\u00f3 en Par\u00eds. Su mama, una pianista amateur, le ense\u00f1\u00f3 a tocar, y la m\u00fasica form\u00f3 gran parte de su vida familiar. Entre las influencias formativas est\u00e1n <strong><span style=\"font-weight: normal; font-family: 'Arial', 'sans-serif'\">Igor Stravinsky<\/span><\/strong> y la m\u00fasica popular franc\u00e9s. Poulenc era una persona qui\u00e9n destac\u00f3 lo visual, y el arte visual proporcion\u00f3 inspiraci\u00f3n durante toda su carrera.<span>\u00a0\u00a0 <\/span>Despu\u00e9s de la Primera Guerra Mundial, Poulenc se adjunt\u00f3 con un grupo de j\u00f3venes compositores llamado Les Six. El grupo estaba opuesto al Impresionismo, apoyando a su vez la sencillez, y una forma particularmente fr\u00edvola de anti-Romanticismo.<\/span><\/font><\/p>\n<p class=\"EC_MsoNormal\"><span style=\"font-size: 10pt; color: #333333; font-family: 'Arial', 'sans-serif'\"><\/span><\/p>\n<p class=\"EC_MsoNormal\"><strong><span style=\"font-size: 10pt; color: #333333; font-family: 'Arial', 'sans-serif'\">ENTRADA LIBRE CON RESERVACI\u00d3N, CUPO LIMITADO.<\/span><\/strong><\/p>\n<p class=\"EC_MsoNormal\"><span style=\"font-size: 9pt; color: blue; font-family: 'Arial', 'sans-serif'\"><\/span><\/p>\n<p class=\"EC_MsoNormal\"><span style=\"font-size: 9pt; color: blue; font-family: 'Arial', 'sans-serif'\">Reservaci\u00f3n e informes en:<\/span><span style=\"font-size: 9pt; color: black; font-family: 'Arial', 'sans-serif'\"><\/span><\/p>\n<p style=\"text-align: justify\" class=\"EC_MsoNormal\"><span style=\"font-size: 9pt; color: blue; font-family: 'Arial', 'sans-serif'\">Escuela de Lauderia, Hidalgo # 20 Centro Hist\u00f3rico, Santiago de Quer\u00e9taro, Qro. M\u00e9xico CP 76000.<span>\u00a0\u00a0 <\/span>Tels. (01 442) 224 01 21 y 212 22 99\u00a0\u00a0 <a rel=\"nofollow\" target=\"_blank\" href=\"http:\/\/mail.yahoo.com\/config\/login?\/ym\/Compose?To=elauderia@yahoo.com.mx\"><font color=\"#0000ff\">elauderia@yahoo.com.mx<\/font><\/a><\/span><\/p>\n<p class=\"EC_MsoNormal\"><span style=\"font-size: 9pt; color: blue; font-family: 'Arial', 'sans-serif'\">Visite: <a rel=\"nofollow\" target=\"_blank\" href=\"http:\/\/www.bellasartes.gob.mx\/\"><font color=\"#0000ff\">www.bellasartes.gob.mx<\/font><\/a><span>\u00a0\u00a0 <\/span>y<span>\u00a0\u00a0 <\/span><a rel=\"nofollow\" target=\"_blank\" href=\"http:\/\/www.conaculta\/lauderia\/\"><font color=\"#0000ff\">www.conaculta\/lauderia\/<\/font><\/a><span>\u00a0\u00a0\u00a0\u00a0\u00a0\u00a0\u00a0\u00a0\u00a0\u00a0\u00a0\u00a0\u00a0\u00a0\u00a0 <\/span><\/span><\/p>\n<p class=\"EC_MsoNormal\"><span style=\"font-size: 8pt; font-family: 'Arial', 'sans-serif'\"><\/span><\/p>\n<p style=\"line-height: 14.4pt; text-align: justify\" class=\"EC_MsoNormal\"><span style=\"font-size: 9pt; color: black; font-family: 'Arial', 'sans-serif'\">Escuche e<\/span><span style=\"font-size: 9pt; color: black; font-family: 'Arial', 'sans-serif'\" lang=\"ES\">l programa <strong><em>\u201cEl Alma y la Cuerda \u201d<\/em><\/strong>, Revista Radiof\u00f3nica de la Escuela de Lauder\u00eda, se transmite todos los lunes de 17:30 a 18:30 horas, por las frecuencias de Radio Universidad Aut\u00f3noma de Quer\u00e9taro 89.5 de FM y 850 de AM y por internet, a trav\u00e9s de <a rel=\"nofollow\" target=\"_blank\" href=\"http:\/\/www.uaq.mx\/\">www.uaq.mx<\/a>.<\/span><span style=\"font-size: 9pt; color: black; font-family: 'Arial', 'sans-serif'\"><\/span><\/p>\n<p class=\"EC_MsoNormal\"><span style=\"font-size: 10pt; font-family: 'Arial', 'sans-serif'\"><\/span><\/p>\n","protected":false},"excerpt":{"rendered":"<p>\u00a0 \u00a0 \u00a0 \u00a0 \u00a0 \u00a0 XXX FESTIVAL DE MUSICA DE CAMARA DE SAN MIGUEL DE ALLENDE 2008 EN QUER\u00c9TARO La Escuela de Lauder\u00eda del INBA, les invita a que nos acompa\u00f1en y apoyen en la difusi\u00f3n de los conciertos de alta calidad internacional que presenta en el marco del XXX Festival de M\u00fasica de [&hellip;]<\/p>\n","protected":false},"author":249,"featured_media":0,"comment_status":"open","ping_status":"closed","sticky":false,"template":"","format":"standard","meta":{"footnotes":""},"categories":[11,9],"tags":[],"class_list":["post-973","post","type-post","status-publish","format-standard","hentry","category-fotografia","category-otros-lugares"],"_links":{"self":[{"href":"http:\/\/eloficiodehistoriar.com.mx\/index.php?rest_route=\/wp\/v2\/posts\/973","targetHints":{"allow":["GET"]}}],"collection":[{"href":"http:\/\/eloficiodehistoriar.com.mx\/index.php?rest_route=\/wp\/v2\/posts"}],"about":[{"href":"http:\/\/eloficiodehistoriar.com.mx\/index.php?rest_route=\/wp\/v2\/types\/post"}],"author":[{"embeddable":true,"href":"http:\/\/eloficiodehistoriar.com.mx\/index.php?rest_route=\/wp\/v2\/users\/249"}],"replies":[{"embeddable":true,"href":"http:\/\/eloficiodehistoriar.com.mx\/index.php?rest_route=%2Fwp%2Fv2%2Fcomments&post=973"}],"version-history":[{"count":0,"href":"http:\/\/eloficiodehistoriar.com.mx\/index.php?rest_route=\/wp\/v2\/posts\/973\/revisions"}],"wp:attachment":[{"href":"http:\/\/eloficiodehistoriar.com.mx\/index.php?rest_route=%2Fwp%2Fv2%2Fmedia&parent=973"}],"wp:term":[{"taxonomy":"category","embeddable":true,"href":"http:\/\/eloficiodehistoriar.com.mx\/index.php?rest_route=%2Fwp%2Fv2%2Fcategories&post=973"},{"taxonomy":"post_tag","embeddable":true,"href":"http:\/\/eloficiodehistoriar.com.mx\/index.php?rest_route=%2Fwp%2Fv2%2Ftags&post=973"}],"curies":[{"name":"wp","href":"https:\/\/api.w.org\/{rel}","templated":true}]}}