{"id":974,"date":"2008-08-04T21:34:58","date_gmt":"2008-08-05T02:34:58","guid":{"rendered":"https:\/\/eloficiodehistoriar.com.mx\/?p=974"},"modified":"2008-08-04T21:34:58","modified_gmt":"2008-08-05T02:34:58","slug":"huatzindeo-o-salvatierra","status":"publish","type":"post","link":"http:\/\/eloficiodehistoriar.com.mx\/?p=974","title":{"rendered":"Huatzindeo o Salvatierra"},"content":{"rendered":"<p><img decoding=\"async\" src=\"http:\/\/ts4.images.live.com\/images\/thumbnail.aspx?q=1671605191279&amp;id=19fa741e2bf6f91c6f76d8a6000abb40\" alt=\"11_salvatierra_plaza_principal_1.jpg\" style=\"visibility: visible; width: 140px; cursor: pointer; height: 105px\" title=\"11_salvatierra_plaza_principal_1.jpg\" class=\"img_thumb\" \/><img decoding=\"async\" src=\"http:\/\/ts4.images.live.com\/images\/thumbnail.aspx?q=1616328794871&amp;id=b38bc2f538d42670231e2f062960930c\" alt=\"salvatierra02.jpg\" style=\"visibility: visible; width: 140px; cursor: pointer; height: 105px\" title=\"salvatierra02.jpg\" class=\"img_thumb\" \/><img decoding=\"async\" src=\"http:\/\/ts3.images.live.com\/images\/thumbnail.aspx?q=1669908072022&amp;id=628e70a643ef18a404d37ab46a6df460\" alt=\"travesia1.jpg\" style=\"width: 76px; cursor: pointer; height: 140px\" title=\"travesia1.jpg\" class=\"img_thumb\" \/><img decoding=\"async\" src=\"http:\/\/ts4.images.live.com\/images\/thumbnail.aspx?q=2136353478151&amp;id=e2aa2db7100058d073e513be652a5cf3\" alt=\"11028c.jpg\" style=\"visibility: visible; width: 91px; cursor: pointer; height: 140px\" title=\"11028c.jpg\" class=\"img_thumb\" \/><img decoding=\"async\" src=\"http:\/\/ts1.images.live.com\/images\/thumbnail.aspx?q=2206835282776&amp;id=8e1a03c92314861edf9b86d9fc9542c2\" alt=\"11028b.jpg\" style=\"visibility: visible; width: 90px; cursor: pointer; height: 140px\" title=\"11028b.jpg\" class=\"img_thumb\" \/><img decoding=\"async\" src=\"http:\/\/ts1.images.live.com\/images\/thumbnail.aspx?q=1639494200328&amp;id=f946dd9c9c602c77bc166aff23a8b5b9\" alt=\"ESTADO-SALVA1_0.jpg\" style=\"visibility: visible; width: 96px; cursor: default; height: 140px\" title=\"ESTADO-SALVA1_0.jpg\" class=\"img_thumb\" \/><\/p>\n<h1 align=\"center\" style=\"margin: auto 0cm; text-align: center\"><span style=\"font-size: 18pt; color: black; font-family: Arial\">Huatzindeo o Salvatierra<o:p><\/o:p><\/span><\/h1>\n<h1 align=\"center\" style=\"margin: auto 0cm; text-align: center\"><\/h1>\n<h1 align=\"center\" style=\"margin: auto 0cm; text-align: center\">\n<h1 align=\"center\" style=\"margin: auto 0cm; text-align: center\"><span style=\"font-size: 11pt; color: black; font-family: Arial\"><o:p><\/o:p><\/span><\/h1>\n<p style=\"text-align: justify\"><a name=\"Salvatierra:_Primera_Ciudad_de_Guanajuat\"><\/a><em><span style=\"font-size: 11pt; color: black; font-family: Arial\"><\/span><\/em><\/p>\n<p><em><span style=\"font-size: 11pt; color: black; font-family: Arial\">\u201cLas f\u00e1bricas \u201c<st1:personname ProductID=\"la Reforma\" w:st=\"on\">La Reforma<\/st1:personname>\u201d y \u201cSan Isidro de Batanes\u201d, son el n\u00facleo de la industria febril y manufacturera y siguen muchos talleres de telares para rebozos y tejidos de lana. Existen cuatro molino para harina instalaci\u00f3n hidr\u00e1ulica para servicio el\u00e9ctrico, dos alfarer\u00edas, 5 f\u00e1bricas de cigarros,, 5 de jab\u00f3n y velas, 2 imprentas, 7 tener\u00edas,, 27 talleres de telares, 16 carpinter\u00edas, 9 fraguas,22 zapater\u00edas, 12 sastrer\u00edas, una compa\u00f1\u00eda de tranv\u00edas, 3 hoteles y 11 mesones, 9 fondas\u2026\u201d 1908<o:p><\/o:p><\/span><\/em><\/p>\n<p style=\"text-align: justify\"><em><span style=\"font-size: 11pt; color: black; font-family: Arial\"><\/span><\/em><\/p>\n<p><em><span style=\"font-size: 11pt; color: black; font-family: Arial\">\u201cEl arquitecto Trasgueras dise\u00f1\u00f3 la iglesia parroquial, que hace honor a Salvatierra y el reloj se coloc\u00f3 en <st1:metricconverter ProductID=\"1885\u201d\" w:st=\"on\">1885\u201d<\/st1:metricconverter><o:p><\/o:p><\/span><\/em><\/p>\n<p style=\"text-align: justify\"><em><span style=\"font-size: 11pt; color: black; font-family: Arial\"><\/span><\/em><\/p>\n<p><em><span style=\"font-size: 11pt; color: black; font-family: Arial\">\u201cLa iglesia del Carmen y las dos anexas son de 1644, lo mismo que el puente y estuvieron a cargo del fraile lego carmelita Andr\u00e9s de San Miguel\u201d<o:p><\/o:p><\/span><\/em><\/p>\n<p style=\"text-align: justify\"><em><span style=\"font-size: 11pt; color: black; font-family: Arial\"><\/span><\/em><\/p>\n<p><em><span style=\"font-size: 11pt; color: black; font-family: Arial\">\u201cSan \u00c1ngel se estren\u00f3 el 4 de febrero de <st1:metricconverter ProductID=\"1655\u201d\" w:st=\"on\">1655\u201d<\/st1:metricconverter><o:p><\/o:p><\/span><\/em><\/p>\n<p style=\"text-align: justify\"><em><span style=\"font-size: 11pt; color: black; font-family: Arial\"><\/span><\/em><\/p>\n<p><em><span style=\"font-size: 11pt; color: black; font-family: Arial\">\u201cLa iglesia de San Francisco y la iglesia de la tercera Orden son del mismo tiempo que la del Carmen\u201d<o:p><\/o:p><\/span><\/em><\/p>\n<p style=\"text-align: justify\"><em><span style=\"font-size: 11pt; color: black; font-family: Arial\"><\/span><\/em><\/p>\n<p><em><span style=\"font-size: 11pt; color: black; font-family: Arial\">\u201cEl convento de Capuchinas Concepcionistas, fundado el d\u00eda 13 de junio de 1798 es muy buen edificio\u201d<o:p><\/o:p><\/span><\/em><\/p>\n<p style=\"text-align: justify\"><span style=\"font-size: 11pt; color: black; font-family: Arial\"><\/span><\/p>\n<p><span style=\"font-size: 11pt; color: black; font-family: Arial\">Esta asentada sobre el f\u00e9rtil Valle de Huatzindeo, \u00abLugar de hermosa vegetaci\u00f3n\u00bb<o:p><\/o:p><\/span><\/p>\n<p style=\"text-align: justify\"><span style=\"font-size: 11pt; color: black; font-family: Arial\"><\/span><\/p>\n<p><span style=\"font-size: 11pt; color: black; font-family: Arial\">Salvatierra, poblaci\u00f3n a la que primero se le otorg\u00f3 el t\u00edtulo de ciudad, de grandes monumentos construidos en el per\u00edodo del Virreinato. <o:p><\/o:p><\/span><\/p>\n<p style=\"text-align: justify\"><span style=\"font-size: 11pt; color: black; font-family: Arial\"><\/span><\/p>\n<p><span style=\"font-size: 11pt; color: black; font-family: Arial\">La riqueza arquitect\u00f3nica de Salvatierra le ha merecido el reconocimiento como tercera Ciudad Colonial del Estado de <a href=\"http:\/\/es.wikipedia.org\/wiki\/Guanajuato\" title=\"Guanajuato\"><span style=\"color: black\">Guanajuato<\/span><\/a>. <o:p><\/o:p><\/span><\/p>\n<p style=\"text-align: justify\"><a name=\"Geograf.C3.ADa\"><\/a><span style=\"font-size: 11pt; color: black; font-family: Arial\"><\/span><\/p>\n<p><span style=\"font-size: 11pt; color: black; font-family: Arial\">Entre sus cerros y lomer\u00edos destaca el cerro de Culiac\u00e1n.<o:p><\/o:p><\/span><\/p>\n<p style=\"text-align: justify\"><span style=\"font-size: 11pt; color: black; font-family: Arial\"><\/span><\/p>\n<p><span style=\"font-size: 11pt; color: black; font-family: Arial\">Salvatierra pertenece a los Valles Abaje\u00f1os,<span>\u00a0 <\/span>se ve beneficiada con la aparici\u00f3n del R\u00edo Lerma, mismo que enverdece el paisaje la mayor parte del a\u00f1o.<o:p><\/o:p><\/span><\/p>\n<p style=\"text-align: justify\"><span style=\"font-size: 11pt; color: black; font-family: Arial\"><\/span><\/p>\n<p><span style=\"font-size: 11pt; color: black; font-family: Arial\">Salvatierra est\u00e1 integrada por bosques de pinos y sabinos principalmente,<span>\u00a0 <\/span>en lo que a fauna se refiere, cuenta con mapaches, v\u00edboras, zorros, zopilotes, liebres, ardillas, y anteriormente hab\u00eda zonas con venados, casi extintos por la caza inmoderada.<o:p><\/o:p><\/span><\/p>\n<p style=\"text-align: justify\"><a name=\"Monumentos_Hist.C3.B3ricos_y_Arquitect.C\"><\/a><span style=\"font-size: 11pt; color: black; font-family: Arial\"><\/span><\/p>\n<p><span style=\"font-size: 11pt; color: black; font-family: Arial\">Entre los monumentos principales se encuentran: el Templo y Convento del Carmen, construidos entre 1644 y 1655.<o:p><\/o:p><\/span><\/p>\n<p style=\"text-align: justify\"><span style=\"font-size: 11pt; color: black; font-family: Arial\"><\/span><\/p>\n<p><span style=\"font-size: 11pt; color: black; font-family: Arial\">El Puente de Batanes, construido en 1649 y que fue escenario de batallas hist\u00f3ricas. <o:p><\/o:p><\/span><\/p>\n<p style=\"text-align: justify\"><span style=\"font-size: 11pt; color: black; font-family: Arial\"><\/span><\/p>\n<p><span style=\"font-size: 11pt; color: black; font-family: Arial\">El Convento Franciscano, cuya construcci\u00f3n se inici\u00f3 en 1645 y se concluy\u00f3 en 1743. <o:p><\/o:p><\/span><\/p>\n<p style=\"text-align: justify\"><span style=\"font-size: 11pt; color: black; font-family: Arial\"><\/span><\/p>\n<p><span style=\"font-size: 11pt; color: black; font-family: Arial\">El Santuario de Nuestra Se\u00f1ora de <st1:personname ProductID=\"la Luz\" w:st=\"on\">la Luz<\/st1:personname>, obra realizada entre 1743 y 1808. <o:p><\/o:p><\/span><\/p>\n<p style=\"text-align: justify\"><span style=\"font-size: 11pt; color: black; font-family: Arial\"><\/span><\/p>\n<p><span style=\"font-size: 11pt; color: black; font-family: Arial\">El Convento de Capuchinas. <o:p><\/o:p><\/span><\/p>\n<p style=\"text-align: justify\"><span style=\"font-size: 11pt; color: black; font-family: Arial\"><\/span><\/p>\n<p><span style=\"font-size: 11pt; color: black; font-family: Arial\">El Templo del Barrio de San Juan, que data de 1745 y marca el sitio donde existi\u00f3 <st1:personname ProductID=\"la Aut?noma Rep?blica\" w:st=\"on\">la Aut\u00f3noma Rep\u00fablica<\/st1:personname> de Indios. <o:p><\/o:p><\/span><\/p>\n<p style=\"text-align: justify\"><span style=\"font-size: 11pt; color: black; font-family: Arial\"><\/span><\/p>\n<p><span style=\"font-size: 11pt; color: black; font-family: Arial\">Las Ruinas del Mayorazgo y del Marquesado de Salvatierra. <o:p><\/o:p><\/span><\/p>\n<p style=\"text-align: justify\"><st1:personname ProductID=\"La F?brica\" w:st=\"on\"><span style=\"font-size: 11pt; color: black; font-family: Arial\">\u00a0<\/span><\/st1:personname><\/p>\n<p><st1:personname ProductID=\"La F?brica\" w:st=\"on\"><span style=\"font-size: 11pt; color: black; font-family: Arial\">La F\u00e1brica<\/span><\/st1:personname><span style=\"font-size: 11pt; color: black; font-family: Arial\"> de <st1:personname ProductID=\"la Reforma\" w:st=\"on\">la Reforma<\/st1:personname>, fundada en 1845. <o:p><\/o:p><\/span><\/p>\n<p style=\"text-align: justify\"><span style=\"font-size: 11pt; color: black; font-family: Arial\"><\/span><\/p>\n<p><span style=\"font-size: 11pt; color: black; font-family: Arial\">La hacienda de San Jos\u00e9 del Carmen de la familia Llamosa de 1680. <o:p><\/o:p><\/span><\/p>\n<p style=\"text-align: justify\"><span style=\"font-size: 11pt; color: black; font-family: Arial\"><\/span><\/p>\n<p><span style=\"font-size: 11pt; color: black; font-family: Arial\">El Mercado Hidalgo, edificado entre 1910 y 1912 y famoso, entre otras cosas por su magn\u00edfica fachada labrada en muy fina canter\u00eda.<o:p><\/o:p><\/span><\/p>\n<p style=\"text-align: justify\"><a name=\"Escudo_de_Armas_de_San_Andr.C3.A9s_de_Sa\"><\/a><span style=\"font-size: 11pt; color: black; font-family: Arial\"><\/span><\/p>\n<p><span style=\"font-size: 11pt; color: black; font-family: Arial\">El s\u00edmbolo de <st1:personname ProductID=\"la Cruz\" w:st=\"on\">la Cruz<\/st1:personname> de San Andr\u00e9s, recuerda a la antigua congregaci\u00f3n de San Andr\u00e9s Chochones, lugar en el que se asent\u00f3 <st1:personname ProductID=\"la Nueva Ciudad\" w:st=\"on\">la Nueva Ciudad<\/st1:personname> y a la otra que oficialmente se fund\u00f3 con el nombre de San Andr\u00e9s de Salvatierra.<o:p><\/o:p><\/span><\/p>\n<p style=\"text-align: justify\"><span style=\"font-size: 11pt; color: black; font-family: Arial\"><\/span><\/p>\n<p><span style=\"font-size: 11pt; color: black; font-family: Arial\">Los tres molinos de pan para moler que exist\u00edan en la ciudad. <o:p><\/o:p><\/span><\/p>\n<p style=\"text-align: justify\"><span style=\"font-size: 11pt; color: black; font-family: Arial\"><\/span><\/p>\n<p><span style=\"font-size: 11pt; color: black; font-family: Arial\">El antiguo Puente de Batanes<span>\u00a0 <\/span>simboliza la uni\u00f3n del Valle de Huatzindeo con <st1:personname ProductID=\"la Nueva Ciudad\" w:st=\"on\">la Nueva Ciudad<\/st1:personname>; <o:p><\/o:p><\/span><\/p>\n<p style=\"text-align: justify\"><a name=\"Hechos_Hist.C3.B3ricos_Relevantes\"><\/a><span style=\"font-size: 11pt; color: black; font-family: Arial\"><\/span><\/p>\n<p><span style=\"font-size: 11pt; color: black; font-family: Arial\">Dentro de la historia de Salvatierra se registran diversos acontecimientos importantes, tales como <st1:personname ProductID=\"la Batalla\" w:st=\"on\">la Batalla<\/st1:personname> del Puente de Batanes, ocurrida el 16 de abril de 1813 entre el general insurgente Ram\u00f3n L\u00f3pez y Agust\u00edn de Iturbide. <o:p><\/o:p><\/span><\/p>\n<p style=\"text-align: justify\"><span style=\"font-size: 11pt; color: black; font-family: Arial\"><\/span><\/p>\n<p><span style=\"font-size: 11pt; color: black; font-family: Arial\">Medio siglo despu\u00e9s, en 1867 en este mismo Puente se dio el triunfo del general Manuel Garc\u00eda Pueblita sobre una fracci\u00f3n del ej\u00e9rcito franc\u00e9s.<o:p><\/o:p><\/span><\/p>\n<p style=\"text-align: justify\"><span style=\"font-size: 11pt; color: black; font-family: Arial\"><\/span><\/p>\n<p><span style=\"font-size: 11pt; color: black; font-family: Arial\">En Salvatierra<span>\u00a0 <\/span>el padre Hidalgo pernoct\u00f3 en lo que hoy es el Mes\u00f3n Do\u00f1a Josefa en su trayecto de La guerra de independencia.<o:p><\/o:p><\/span><\/p>\n<p style=\"text-align: justify\"><a name=\"El_Marquesado\"><\/a><span style=\"font-size: 11pt; color: black; font-family: Arial\"><\/span><\/p>\n<p><span style=\"font-size: 11pt; color: black; font-family: Arial\">Ger\u00f3nimo L\u00f3pez, el hijo, fund\u00f3 en la gran heredad de tierras que recibi\u00f3 de su padre, uno de sus tres Mayorazgos, estableciendo un molino de trigo en las inmediaciones del Valle de Huatzindeo, dot\u00e1ndolo de energ\u00eda hidr\u00e1ulica para su funcionamiento, haci\u00e9ndolo sacar el agua del r\u00edo.<o:p><\/o:p><\/span><\/p>\n<p style=\"text-align: justify\"><span style=\"font-size: 11pt; color: black; font-family: Arial\"><\/span><\/p>\n<p><span style=\"font-size: 11pt; color: black; font-family: Arial\">Gabriel L\u00f3pez de Peralta acrecent\u00f3 la heredad de su padre y de su abuelo, adquiriendo gran extensi\u00f3n de tierras que alcanzaban desde el margen derecho del r\u00edo hasta colindar con el Valle de <a href=\"http:\/\/es.wikipedia.org\/wiki\/Tarimoro\" title=\"Tarimoro\"><span style=\"color: black\">Tarimoro<\/span><\/a>. <o:p><\/o:p><\/span><\/p>\n<p style=\"text-align: justify\"><span style=\"font-size: 11pt; color: black; font-family: Arial\"><\/span><\/p>\n<p><span style=\"font-size: 11pt; color: black; font-family: Arial\">De estas tierras ofreci\u00f3 al Virrey para el asentamiento de la ciudad, a condici\u00f3n de que se le asignara a perpetuidad el cargo de Corregidor de la misma.<o:p><\/o:p><\/span><\/p>\n<p style=\"text-align: justify\"><span style=\"font-size: 11pt; color: black; font-family: Arial\"><\/span><\/p>\n<p><span style=\"font-size: 11pt; color: black; font-family: Arial\">No habi\u00e9ndose cumplido con lo que se convino, sus descendientes entablaron demanda contra el Rey, gan\u00e1ndole el juicio; por lo que en compensaci\u00f3n el 3 de diciembre de 1707 se expidi\u00f3 <st1:personname ProductID=\"la C?dula Real\" w:st=\"on\">la C\u00e9dula Real<\/st1:personname> por la cual se fundaba el Marquesado de Salvatierra, correspondiendo el primer t\u00edtulo a Do\u00f1a Francisca Ger\u00f3nima Catalina L\u00f3pez de Peralta S\u00e1mano Turcios Luyando y Bermeo, bisnieta de Don Gabriel.<o:p><\/o:p><\/span><\/p>\n<p style=\"text-align: justify\"><span style=\"font-size: 11pt; color: black; font-family: Arial\"><\/span><\/p>\n<p><span style=\"font-size: 11pt; color: black; font-family: Arial\">Sobre la finca del antiguo molino del Mayorazgo, se levant\u00f3 la palaciega mansi\u00f3n del Marquesado, cuyas minas a\u00fan se conservan.<o:p><\/o:p><\/span><a name=\"Salvatierra:_Primera_Ciudad_de_Guanajuat\"><\/a><\/h1>\n","protected":false},"excerpt":{"rendered":"<p>Huatzindeo o Salvatierra \u201cLas f\u00e1bricas \u201cLa Reforma\u201d y \u201cSan Isidro de Batanes\u201d, son el n\u00facleo de la industria febril y manufacturera y siguen muchos talleres de telares para rebozos y tejidos de lana. Existen cuatro molino para harina instalaci\u00f3n hidr\u00e1ulica para servicio el\u00e9ctrico, dos alfarer\u00edas, 5 f\u00e1bricas de cigarros,, 5 de jab\u00f3n y velas, 2 [&hellip;]<\/p>\n","protected":false},"author":249,"featured_media":0,"comment_status":"open","ping_status":"closed","sticky":false,"template":"","format":"standard","meta":{"footnotes":""},"categories":[11,10,9],"tags":[],"class_list":["post-974","post","type-post","status-publish","format-standard","hentry","category-fotografia","category-historia","category-otros-lugares"],"_links":{"self":[{"href":"http:\/\/eloficiodehistoriar.com.mx\/index.php?rest_route=\/wp\/v2\/posts\/974","targetHints":{"allow":["GET"]}}],"collection":[{"href":"http:\/\/eloficiodehistoriar.com.mx\/index.php?rest_route=\/wp\/v2\/posts"}],"about":[{"href":"http:\/\/eloficiodehistoriar.com.mx\/index.php?rest_route=\/wp\/v2\/types\/post"}],"author":[{"embeddable":true,"href":"http:\/\/eloficiodehistoriar.com.mx\/index.php?rest_route=\/wp\/v2\/users\/249"}],"replies":[{"embeddable":true,"href":"http:\/\/eloficiodehistoriar.com.mx\/index.php?rest_route=%2Fwp%2Fv2%2Fcomments&post=974"}],"version-history":[{"count":0,"href":"http:\/\/eloficiodehistoriar.com.mx\/index.php?rest_route=\/wp\/v2\/posts\/974\/revisions"}],"wp:attachment":[{"href":"http:\/\/eloficiodehistoriar.com.mx\/index.php?rest_route=%2Fwp%2Fv2%2Fmedia&parent=974"}],"wp:term":[{"taxonomy":"category","embeddable":true,"href":"http:\/\/eloficiodehistoriar.com.mx\/index.php?rest_route=%2Fwp%2Fv2%2Fcategories&post=974"},{"taxonomy":"post_tag","embeddable":true,"href":"http:\/\/eloficiodehistoriar.com.mx\/index.php?rest_route=%2Fwp%2Fv2%2Ftags&post=974"}],"curies":[{"name":"wp","href":"https:\/\/api.w.org\/{rel}","templated":true}]}}