{"id":975,"date":"2008-08-04T21:48:13","date_gmt":"2008-08-05T02:48:13","guid":{"rendered":"https:\/\/eloficiodehistoriar.com.mx\/?p=975"},"modified":"2008-08-04T21:51:03","modified_gmt":"2008-08-05T02:51:03","slug":"mas-hallazgos-prehispanicos-en-el-centro-de-tula","status":"publish","type":"post","link":"http:\/\/eloficiodehistoriar.com.mx\/?p=975","title":{"rendered":"M\u00e1s hallazgos prehispanicos en el centro de Tula"},"content":{"rendered":"<h1 style=\"margin: auto 0cm; text-align: justify\"><span style=\"font-size: 11pt; font-family: Arial\"><\/span><\/h1>\n<h1 style=\"margin: auto 0cm; text-align: justify\"><span style=\"font-size: 11pt; font-family: Arial\">\u00a0<img decoding=\"async\" src=\"http:\/\/ts4.images.live.com\/images\/thumbnail.aspx?q=2120703546263&amp;id=7b7a3956b09752f6308a2f6364aa914d\" alt=\"tolteca.jpg\" style=\"width: 123px; cursor: pointer; height: 160px\" title=\"tolteca.jpg\" class=\"img_thumb\" \/><img decoding=\"async\" src=\"http:\/\/ts4.images.live.com\/images\/thumbnail.aspx?q=1671424967503&amp;id=38833e5f8f8d1880d9f634e26fa1779d\" alt=\"AMC10204.jpg\" style=\"width: 112px; cursor: pointer; height: 160px\" title=\"AMC10204.jpg\" class=\"img_thumb\" \/><img loading=\"lazy\" decoding=\"async\" width=\"152\" src=\"http:\/\/ts4.images.live.com\/images\/thumbnail.aspx?q=1692910420779&amp;id=fc58289def75d2461f0df65a026a2bd0\" alt=\"Parte1-33.jpg\" height=\"160\" style=\"visibility: visible; width: 152px; cursor: pointer; height: 160px\" title=\"Parte1-33.jpg\" class=\"img_thumb\" \/><img loading=\"lazy\" decoding=\"async\" width=\"160\" src=\"http:\/\/ts2.images.live.com\/images\/thumbnail.aspx?q=2478941352757&amp;id=85e333fb37cf7ac4b78c758e995ac5e4\" alt=\"1997.005.101.jpg\" height=\"107\" style=\"visibility: visible; width: 160px; cursor: pointer; height: 107px\" title=\"1997.005.101.jpg\" class=\"img_thumb\" \/><img loading=\"lazy\" decoding=\"async\" width=\"143\" src=\"http:\/\/ts2.images.live.com\/images\/thumbnail.aspx?q=2206673404369&amp;id=bc074e719d06788b26d48b182a07e96c\" alt=\"poblamiento2.jpg\" height=\"160\" style=\"visibility: visible; width: 143px; cursor: pointer; height: 160px\" title=\"poblamiento2.jpg\" class=\"img_thumb\" \/><\/span><\/h1>\n<h1 style=\"margin: auto 0cm; text-align: justify\"><span style=\"font-size: 11pt; font-family: Arial\"><\/span><\/h1>\n<h1 style=\"margin: auto 0cm; text-align: justify\"><span style=\"font-size: 11pt; font-family: Arial\">Restos de un ni\u00f1o prehisp\u00e1nico y otros vestigios arqueol\u00f3gicos en Tula<o:p><\/o:p><\/span><\/h1>\n<p><span style=\"font-size: 11pt; font-family: Arial\">El descubrimiento se realiz\u00f3 durante las excavaciones realizadas para rehabilitar el drenaje sanitario y ductos de agua en el per\u00edmetro de <st1:personname ProductID=\"la Plaza\" w:st=\"on\">la Plaza<\/st1:personname> de <st1:personname ProductID=\"la Constituci\u00f3n\" w:st=\"on\">la Constituci\u00f3n<\/st1:personname>, de ese municipio.<\/span><\/p>\n<p><span style=\"font-size: 11pt; font-family: Arial\"><\/span><\/p>\n<p><span style=\"font-size: 11pt; font-family: Arial\"><\/span><\/p>\n<p><span style=\"font-size: 11pt; font-family: Arial\"><\/span><\/p>\n<p><span style=\"font-size: 11pt; font-family: Arial\"><\/span><\/p>\n<p><span style=\"font-size: 11pt; font-family: Arial\"><o:p><\/o:p><\/span><strong><span style=\"font-size: 11pt; font-family: Arial\">Notimex <\/span><\/strong><strong><span style=\"font-size: 11pt; font-family: Arial\"><\/span><\/strong><\/p>\n<p><strong><span style=\"font-size: 11pt; font-family: Arial\"><\/span><\/strong><\/p>\n<p><strong><span style=\"font-size: 11pt; font-family: Arial\"><\/span><\/strong><\/p>\n<p><strong><span style=\"font-size: 11pt; font-family: Arial\"><\/span><\/strong><\/p>\n<p><strong><span style=\"font-size: 11pt; font-family: Arial\"><o:p><\/o:p><\/span><\/strong><span style=\"font-size: 11pt; font-family: Arial\">Especialistas del Instituto Nacional de Antropolog\u00eda e Historia (INAH) descubrieron los restos de un infante de entre cinco y siete a\u00f1os de edad, junto con otros vestigios y entierros prehisp\u00e1nicos toltecas, en el Centro Hist\u00f3rico de Tula, Hidalgo.<o:p><\/o:p><\/span><span style=\"font-size: 11pt; font-family: Arial\">El descubrimiento se realiz\u00f3 durante las excavaciones hechas para la rehabilitaci\u00f3n del drenaje sanitario y ductos de agua en el per\u00edmetro de <st1:personname ProductID=\"la Plaza\" w:st=\"on\">la Plaza<\/st1:personname> de <st1:personname ProductID=\"la Constituci\u00f3n\" w:st=\"on\">la Constituci\u00f3n<\/st1:personname>, de ese municipio.<o:p><\/o:p><\/span><span style=\"font-size: 11pt; font-family: Arial\">El infante se encontraba en posici\u00f3n de c\u00fabito lateral derecho y aunque no pose\u00eda ofrenda, lo acompa\u00f1aban fragmentos de cer\u00e1mica, pertenecientes a la fase Tollan (900-<st1:metricconverter ProductID=\"1150 a\" w:st=\"on\">1150 a<\/st1:metricconverter>. de C.).<o:p><\/o:p><\/span><span style=\"font-size: 11pt; font-family: Arial\">Se localiz\u00f3 a <st1:metricconverter ProductID=\"20 cent\u00edmetros\" w:st=\"on\">20 cent\u00edmetros<\/st1:metricconverter> de profundidad con respecto al adoqu\u00edn retirado por los trabajadores, lo cual indica altas posibilidades de realizar nuevos descubrimientos.<\/span><span style=\"font-size: 11pt; font-family: Arial\"><\/span><\/p>\n<p><span style=\"font-size: 11pt; font-family: Arial\"><\/span><\/p>\n<p><span style=\"font-size: 11pt; font-family: Arial\"><\/span><\/p>\n<p><span style=\"font-size: 11pt; font-family: Arial\"><\/span><\/p>\n<p><span style=\"font-size: 11pt; font-family: Arial\"><o:p><\/o:p><\/span><span style=\"font-size: 11pt; font-family: Arial\">Otra de las caracter\u00edsticas que llam\u00f3 la atenci\u00f3n de los arque\u00f3logos, fue el hecho de ser depositado en un altar construido con un muro de adobe y acabados de tepalcates superpuestos.<\/span><span style=\"font-size: 11pt; font-family: Arial\"><\/span><\/p>\n<p><span style=\"font-size: 11pt; font-family: Arial\"><\/span><\/p>\n<p><span style=\"font-size: 11pt; font-family: Arial\"><\/span><\/p>\n<p><span style=\"font-size: 11pt; font-family: Arial\"><\/span><\/p>\n<p><span style=\"font-size: 11pt; font-family: Arial\"><o:p><\/o:p><\/span><span style=\"font-size: 11pt; font-family: Arial\">Esta t\u00e9cnica constructiva es particular de la cultura Tolteca, en la que tambi\u00e9n se utilizan lajas de tepetate superpuestas.<\/span><span style=\"font-size: 11pt; font-family: Arial\"><\/span><\/p>\n<p><span style=\"font-size: 11pt; font-family: Arial\"><\/span><\/p>\n<p><span style=\"font-size: 11pt; font-family: Arial\"><\/span><\/p>\n<p><span style=\"font-size: 11pt; font-family: Arial\"><\/span><\/p>\n<p><span style=\"font-size: 11pt; font-family: Arial\"><o:p><\/o:p><\/span><span style=\"font-size: 11pt; font-family: Arial\">A lo largo de las excavaciones hechas, se han encontrado los restos de seis entierros humanos, de los cuales s\u00f3lo uno present\u00f3 ofrenda, la cual se compone de tres vasijas completas, pol\u00edcroma una de ellas, en la que se pueden observar elementos pintados de color rojo, negro y amarillo.<o:p><\/o:p><\/span><span style=\"font-size: 11pt; font-family: Arial\">Los arque\u00f3logos Sergio Antonio Camarena y Juan Manuel Toxtle efectuaron el registro de los restos, los retiraron del lugar y, posteriormente, los trasladaron a <st1:personname ProductID=\"la Zona Arqueol\u00f3gica\" w:st=\"on\">la Zona Arqueol\u00f3gica<\/st1:personname> de Tula, donde se les aplicar\u00e1n t\u00e9cnicas de limpieza y conservaci\u00f3n.<\/span><span style=\"font-size: 11pt; font-family: Arial\"><\/span><\/p>\n<p><span style=\"font-size: 11pt; font-family: Arial\"><\/span><\/p>\n<p><span style=\"font-size: 11pt; font-family: Arial\"><\/span><\/p>\n<p><span style=\"font-size: 11pt; font-family: Arial\"><\/span><\/p>\n<p><span style=\"font-size: 11pt; font-family: Arial\"><o:p><\/o:p><\/span><span style=\"font-size: 11pt; font-family: Arial\">Se localizaron tambi\u00e9n, en una primera etapa, elementos arquitect\u00f3nicos pertenecientes a la cultura Tolteca, a los cuales se les atribuye una antig\u00fcedad de mil 100 a\u00f1os.<o:p><\/o:p><\/span><span style=\"font-size: 11pt; font-family: Arial\">Posteriormente, durante los trabajos realizados en un tramo diferente del per\u00edmetro, surgieron nuevas evidencias de construcciones prehisp\u00e1nicas de la misma cultura, pero con una temporalidad que va de los <st1:metricconverter ProductID=\"900 a\" w:st=\"on\">900 a<\/st1:metricconverter> los <st1:metricconverter ProductID=\"1150 a\" w:st=\"on\">1150 a<\/st1:metricconverter>. C. <\/span><span style=\"font-size: 11pt; font-family: Arial\"><\/span><\/p>\n<p><span style=\"font-size: 11pt; font-family: Arial\"><\/span><\/p>\n<p><span style=\"font-size: 11pt; font-family: Arial\"><\/span><\/p>\n<p><span style=\"font-size: 11pt; font-family: Arial\"><\/span><\/p>\n<p><span style=\"font-size: 11pt; font-family: Arial\">Se cree que dichas estructuras pertenecieron a lo que fue un peque\u00f1o adoratorio.<o:p><\/o:p><\/span><span style=\"font-size: 11pt; font-family: Arial\">Actualmente las estructuras se encuentran protegidas y vigiladas por parte de trabajadores, a cargo de los arque\u00f3logos responsables del rescate, con la finalidad de obtener la salvaguarda del patrimonio arqueol\u00f3gico en el lugar.<o:p><\/o:p><\/span><span style=\"font-size: 11pt; font-family: Arial\">Tambi\u00e9n se han recuperado materiales cer\u00e1micos procedentes del per\u00edodo Postcl\u00e1sico Tard\u00edo (1200-1521 d. C.), en sus fases conocidas como Fuego y Palacio (1150-1350 d. C.) y Tesoro (1520 d. C.), los cuales arrojan datos relevantes sobre los procesos de reocupaci\u00f3n y modificaci\u00f3n de construcciones toltecas derivados de la llegada de grupos \u00e9tnicos de tradiciones cer\u00e1micas diferentes.<o:p><\/o:p><\/span><o:p><font face=\"Times New Roman\">\u00a0<\/font><\/o:p><\/p>\n","protected":false},"excerpt":{"rendered":"<p>\u00a0 Restos de un ni\u00f1o prehisp\u00e1nico y otros vestigios arqueol\u00f3gicos en Tula El descubrimiento se realiz\u00f3 durante las excavaciones realizadas para rehabilitar el drenaje sanitario y ductos de agua en el per\u00edmetro de la Plaza de la Constituci\u00f3n, de ese municipio. Notimex Especialistas del Instituto Nacional de Antropolog\u00eda e Historia (INAH) descubrieron los restos de [&hellip;]<\/p>\n","protected":false},"author":249,"featured_media":0,"comment_status":"open","ping_status":"closed","sticky":false,"template":"","format":"standard","meta":{"footnotes":""},"categories":[11,9],"tags":[],"class_list":["post-975","post","type-post","status-publish","format-standard","hentry","category-fotografia","category-otros-lugares"],"_links":{"self":[{"href":"http:\/\/eloficiodehistoriar.com.mx\/index.php?rest_route=\/wp\/v2\/posts\/975","targetHints":{"allow":["GET"]}}],"collection":[{"href":"http:\/\/eloficiodehistoriar.com.mx\/index.php?rest_route=\/wp\/v2\/posts"}],"about":[{"href":"http:\/\/eloficiodehistoriar.com.mx\/index.php?rest_route=\/wp\/v2\/types\/post"}],"author":[{"embeddable":true,"href":"http:\/\/eloficiodehistoriar.com.mx\/index.php?rest_route=\/wp\/v2\/users\/249"}],"replies":[{"embeddable":true,"href":"http:\/\/eloficiodehistoriar.com.mx\/index.php?rest_route=%2Fwp%2Fv2%2Fcomments&post=975"}],"version-history":[{"count":0,"href":"http:\/\/eloficiodehistoriar.com.mx\/index.php?rest_route=\/wp\/v2\/posts\/975\/revisions"}],"wp:attachment":[{"href":"http:\/\/eloficiodehistoriar.com.mx\/index.php?rest_route=%2Fwp%2Fv2%2Fmedia&parent=975"}],"wp:term":[{"taxonomy":"category","embeddable":true,"href":"http:\/\/eloficiodehistoriar.com.mx\/index.php?rest_route=%2Fwp%2Fv2%2Fcategories&post=975"},{"taxonomy":"post_tag","embeddable":true,"href":"http:\/\/eloficiodehistoriar.com.mx\/index.php?rest_route=%2Fwp%2Fv2%2Ftags&post=975"}],"curies":[{"name":"wp","href":"https:\/\/api.w.org\/{rel}","templated":true}]}}