{"id":977,"date":"2008-08-05T07:46:34","date_gmt":"2008-08-05T12:46:34","guid":{"rendered":"https:\/\/eloficiodehistoriar.com.mx\/?p=977"},"modified":"2008-08-05T07:46:34","modified_gmt":"2008-08-05T12:46:34","slug":"las-ofrendas-y-la-musica-en-la-la-catedral","status":"publish","type":"post","link":"http:\/\/eloficiodehistoriar.com.mx\/?p=977","title":{"rendered":"Las ofrendas y la m\u00fasica en la La Catedral"},"content":{"rendered":"<h1 align=\"center\" style=\"margin: auto 0cm; text-align: center\"><span style=\"font-size: 18pt; font-family: Arial\"><\/span><\/h1>\n<h1 align=\"center\" style=\"margin: auto 0cm; text-align: center\"><span style=\"font-size: 18pt; font-family: Arial\"><\/span><\/h1>\n<h1 align=\"center\" style=\"margin: auto 0cm; text-align: center\"><span style=\"font-size: 18pt; font-family: Arial\"><img decoding=\"async\" src=\"http:\/\/ts2.images.live.com\/images\/thumbnail.aspx?q=2231974570609&amp;id=290b2a0521610e051395e7602205e7c8\" alt=\"1181015911min\" style=\"width: 140px; cursor: pointer; height: 92px\" title=\"1181015911min\" class=\"img_thumb\" \/>\u00a0<\/span><\/h1>\n<h1 align=\"center\" style=\"margin: auto 0cm; text-align: center\"><span style=\"font-size: 18pt; font-family: Arial\"><\/span><\/h1>\n<h1 align=\"center\" style=\"margin: auto 0cm; text-align: center\"><span style=\"font-size: 18pt; font-family: Arial\">M\u00fasica y ofrendas en el coraz\u00f3n de M\u00e9xico<o:p><\/o:p><\/span><\/h1>\n<h1 align=\"center\" style=\"margin: auto 0cm; text-align: center\"><span style=\"font-size: 12pt; font-family: Arial\"><\/span><\/h1>\n<h1 align=\"center\" style=\"margin: auto 0cm; text-align: center\"><span style=\"font-size: 12pt; font-family: Arial\"><\/span><\/h1>\n<h1 align=\"center\" style=\"margin: auto 0cm; text-align: center\"><span style=\"font-size: 12pt; font-family: Arial\">Jos\u00e9 F\u00e9lix Zavala<span>\u00a0 <\/span><o:p><\/o:p><\/span><\/h1>\n<p><span style=\"color: black; font-family: Arial\"><a href=\"http:\/\/images.google.com.mx\/imgres?imgurl=http:\/\/farm1.static.flickr.com\/53\/147364657_5da2170175.jpg&amp;imgrefurl=http:\/\/www.skyscrapercity.com\/showthread.php%3Ft%3D534450&amp;h=500&amp;w=375&amp;sz=162&amp;hl=es&amp;start=5&amp;um=1&amp;tbnid=LrW7j4ymIZE5DM:&amp;tbnh=130&amp;tbnw=98&amp;prev=\/images%3Fq%3DEl%2BOragno%2Bde%2Bla%2BCatedral%2Bde%2BM%25C3%25A9xico%26um%3D1%26hl%3Des%26sa%3DG\"><span style=\"text-decoration: none; text-underline: none\"><\/span><\/a><\/span><span style=\"font-family: Arial\"><o:p><\/o:p><\/span><\/p>\n<p style=\"text-align: justify\"><em><span style=\"font-size: 10pt; font-family: Arial\"><\/span><\/em><\/p>\n<p style=\"text-align: justify\"><em><span style=\"font-size: 10pt; font-family: Arial\"><\/span><\/em><\/p>\n<p><em><span style=\"font-size: 10pt; font-family: Arial\">As\u00ed los siervos lo hicieron<o:p><\/o:p><\/span><\/em><em><span style=\"font-size: 10pt; font-family: Arial\">Todo lo escondieron<o:p><\/o:p><\/span><\/em><em><span style=\"font-size: 10pt; font-family: Arial\">En la ribera del agua<o:p><\/o:p><\/span><\/em><\/p>\n<p style=\"text-align: justify\"><span style=\"font-family: Arial\"><\/span><\/p>\n<p><span style=\"font-family: Arial\">El \u00f3rgano que se encuentra del lado del Evangelio y sobre el Templo Mayor de <st1:personname ProductID=\"la Gran Tenochtitlan\" w:st=\"on\"><st1:personname ProductID=\"la Gran\" w:st=\"on\">la Gran<\/st1:personname> Tenochtitlan<\/st1:personname>, fue inaugurado el 15 de agosto de 1735, es uno de los dos \u00d3rganos monumentales con que cuenta <st1:personname ProductID=\"la Catedral\" w:st=\"on\">la Catedral<\/st1:personname> <span>\u00a0<\/span>de la ciudad de M\u00e9xico y volver\u00e1 a ser escuchado por todos.<o:p><\/o:p><\/span><\/p>\n<p style=\"text-align: justify\"><span style=\"font-family: Arial\"><\/span><\/p>\n<p><span style=\"font-family: Arial\">La intervenci\u00f3n que se har\u00e1 al inmueble, <span>\u00a0<\/span>comprende la atenci\u00f3n de la estructura interna que lo sostiene<span>\u00a0 <\/span>y en la cual se han realizado trabajos de verticalizaci\u00f3n y reducci\u00f3n de carga del soporte, a trav\u00e9s de la implementaci\u00f3n de vigas en la parte superior de la misma disposici\u00f3n interna.<o:p><\/o:p><\/span><\/p>\n<p style=\"text-align: justify\"><span style=\"font-family: Arial\"><\/span><\/p>\n<p><span style=\"font-family: Arial\">En tanto, las dos fachadas de la caja, una que da a la nave central del edificio y otra que da la cara al coro de <st1:personname ProductID=\"la Catedral\" w:st=\"on\">la Catedral<\/st1:personname>, presentan un avance del 80 por ciento en su remodelaci\u00f3n, a las que se les han repuesto tallas y consolidado maderas que presentaban deterioro, a ra\u00edz del incendio y ocasionados por el polvo o la contaminaci\u00f3n.<o:p><\/o:p><\/span><\/p>\n<p style=\"text-align: justify\"><em><span style=\"font-size: 10pt; font-family: Arial\"><\/span><\/em><\/p>\n<p><em><span style=\"font-size: 10pt; font-family: Arial\">La ra\u00edz de la sociedad<o:p><\/o:p><\/span><\/em><em><span style=\"font-size: 10pt; font-family: Arial\">Se ha echado de los principios<o:p><\/o:p><\/span><\/em><em><span style=\"font-size: 10pt; font-family: Arial\">Con que perduran aqu\u00ed<o:p><\/o:p><\/span><\/em><\/p>\n<p style=\"text-align: justify\"><span style=\"font-family: Arial\"><\/span><\/p>\n<p><span style=\"font-family: Arial\">Lo mismo un total de nueve ofrendas con m\u00faltiples objetos fueron descubiertas recientemente en torno al monolito de la diosa Tlaltecuhtlil, la madre de los dioses, como parte de las excavaciones que se realizan en el<span>\u00a0 <\/span>Templo Mayor, en el predio Ajaracas-Campanas, del Centro<span>\u00a0 <\/span>de <st1:personname ProductID=\"la Ciudad\" w:st=\"on\">la Ciudad<\/st1:personname> de M\u00e9xico.<o:p><\/o:p><\/span><\/p>\n<p style=\"text-align: justify\"><span style=\"font-family: Arial\"><\/span><\/p>\n<p><span style=\"font-family: Arial\">Entre los objetos hallados destacan cuchillos de pedernal, cuentas de piedra verde y esqueletos de \u00c1guilas, entre otros dep\u00f3sitos rituales asociados a la gran escultura de la diosa de la madre tierra<o:p><\/o:p><\/span><\/p>\n<p style=\"text-align: justify\"><span style=\"font-family: Arial\"><\/span><\/p>\n<p><span style=\"font-family: Arial\">\u00abUna de las ofrendas m\u00e1s ricas e interesantes es una vasija Tl\u00e1loc, con 335 cuentas de piedra verde, 87 cuchillos de sacrificio de pedernal, seis punzones de hueso, una m\u00e1scara-cr\u00e1neo y 67 piezas de copal.<o:p><\/o:p><\/span><\/p>\n<p style=\"text-align: justify\"><span style=\"font-family: Arial\"><\/span><\/p>\n<p><span style=\"font-family: Arial\">Han identificado los esqueletos de 12 \u00e1guilas reales, dos ibis pico de esp\u00e1tula y un lobo, as\u00ed como semillas de algod\u00f3n, ch\u00eda, amaranto y calabaza.\u00a0<o:p><\/o:p><\/span><\/p>\n<p style=\"text-align: justify\"><span style=\"font-family: Arial\"><\/span><\/p>\n<p><span style=\"font-family: Arial\">En lo que respecta a la excavaci\u00f3n del hueco que hay en el sitio que ocupaba el monolito de Tlaltecuhtli, se dice que podr\u00eda esconder una c\u00e1mara funeraria,<o:p><\/o:p><\/span><\/p>\n<p style=\"text-align: justify\"><em><span style=\"font-size: 10pt; font-family: Arial\"><\/span><\/em><\/p>\n<p><em><span style=\"font-size: 10pt; font-family: Arial\">Aqu\u00ed es del Tordo<o:p><\/o:p><\/span><\/em><em><span style=\"font-size: 10pt; font-family: Arial\">Lugar de estr\u00e9pito<o:p><\/o:p><\/span><\/em><em><span style=\"font-size: 10pt; font-family: Arial\">Aqu\u00ed de la culebra <o:p><\/o:p><\/span><\/em><em><span style=\"font-size: 10pt; font-family: Arial\">Sitio donde se enrosca<o:p><\/o:p><\/span><\/em><\/p>\n","protected":false},"excerpt":{"rendered":"<p>\u00a0 M\u00fasica y ofrendas en el coraz\u00f3n de M\u00e9xico Jos\u00e9 F\u00e9lix Zavala\u00a0 As\u00ed los siervos lo hicieronTodo lo escondieronEn la ribera del agua El \u00f3rgano que se encuentra del lado del Evangelio y sobre el Templo Mayor de la Gran Tenochtitlan, fue inaugurado el 15 de agosto de 1735, es uno de los dos \u00d3rganos [&hellip;]<\/p>\n","protected":false},"author":249,"featured_media":0,"comment_status":"open","ping_status":"closed","sticky":false,"template":"","format":"standard","meta":{"footnotes":""},"categories":[9],"tags":[],"class_list":["post-977","post","type-post","status-publish","format-standard","hentry","category-otros-lugares"],"_links":{"self":[{"href":"http:\/\/eloficiodehistoriar.com.mx\/index.php?rest_route=\/wp\/v2\/posts\/977","targetHints":{"allow":["GET"]}}],"collection":[{"href":"http:\/\/eloficiodehistoriar.com.mx\/index.php?rest_route=\/wp\/v2\/posts"}],"about":[{"href":"http:\/\/eloficiodehistoriar.com.mx\/index.php?rest_route=\/wp\/v2\/types\/post"}],"author":[{"embeddable":true,"href":"http:\/\/eloficiodehistoriar.com.mx\/index.php?rest_route=\/wp\/v2\/users\/249"}],"replies":[{"embeddable":true,"href":"http:\/\/eloficiodehistoriar.com.mx\/index.php?rest_route=%2Fwp%2Fv2%2Fcomments&post=977"}],"version-history":[{"count":0,"href":"http:\/\/eloficiodehistoriar.com.mx\/index.php?rest_route=\/wp\/v2\/posts\/977\/revisions"}],"wp:attachment":[{"href":"http:\/\/eloficiodehistoriar.com.mx\/index.php?rest_route=%2Fwp%2Fv2%2Fmedia&parent=977"}],"wp:term":[{"taxonomy":"category","embeddable":true,"href":"http:\/\/eloficiodehistoriar.com.mx\/index.php?rest_route=%2Fwp%2Fv2%2Fcategories&post=977"},{"taxonomy":"post_tag","embeddable":true,"href":"http:\/\/eloficiodehistoriar.com.mx\/index.php?rest_route=%2Fwp%2Fv2%2Ftags&post=977"}],"curies":[{"name":"wp","href":"https:\/\/api.w.org\/{rel}","templated":true}]}}