{"id":98,"date":"2008-05-22T10:37:00","date_gmt":"2008-05-22T15:37:00","guid":{"rendered":"https:\/\/eloficiodehistoriar.com.mx\/?p=98"},"modified":"2008-05-22T10:37:00","modified_gmt":"2008-05-22T15:37:00","slug":"felicitacion-a-eloficiodehistoriarcommx","status":"publish","type":"post","link":"http:\/\/eloficiodehistoriar.com.mx\/?p=98","title":{"rendered":"Felicitaci\u00f3n a eloficiodehistoriar.com.mx"},"content":{"rendered":"<p><span style=\"font-size: 14pt; color: black; font-family: Arial\">Abr\u00ed su p\u00e1gina. Interesante. Felicidades.<\/span><span style=\"font-size: 14pt; color: black; font-family: Verdana\"><o:p><\/o:p><\/span><span style=\"font-size: 14pt; color: black; font-family: Arial\">Mis oraciones y mi bendici\u00f3n les acompa\u00f1en<\/span><span style=\"font-size: 14pt; color: black; font-family: Verdana\"><o:p><\/o:p><\/span><o:p><font face=\"Times New Roman\">\u00a0<\/font><\/o:p><strong><span style=\"font-family: Arial\">Samuel Ruiz Garc\u00eda<o:p><\/o:p><\/span><\/strong><strong><span style=\"font-family: Arial\">Obispo Em\u00e9rito de San Crist\u00f3bal de Las Casas,Chis.<o:p><\/o:p><\/span><\/strong><\/p>\n","protected":false},"excerpt":{"rendered":"<p>Abr\u00ed su p\u00e1gina. Interesante. Felicidades.Mis oraciones y mi bendici\u00f3n les acompa\u00f1en\u00a0Samuel Ruiz Garc\u00edaObispo Em\u00e9rito de San Crist\u00f3bal de Las Casas,Chis.<\/p>\n","protected":false},"author":249,"featured_media":0,"comment_status":"open","ping_status":"closed","sticky":false,"template":"","format":"standard","meta":{"footnotes":""},"categories":[26],"tags":[],"class_list":["post-98","post","type-post","status-publish","format-standard","hentry","category-mundo"],"_links":{"self":[{"href":"http:\/\/eloficiodehistoriar.com.mx\/index.php?rest_route=\/wp\/v2\/posts\/98","targetHints":{"allow":["GET"]}}],"collection":[{"href":"http:\/\/eloficiodehistoriar.com.mx\/index.php?rest_route=\/wp\/v2\/posts"}],"about":[{"href":"http:\/\/eloficiodehistoriar.com.mx\/index.php?rest_route=\/wp\/v2\/types\/post"}],"author":[{"embeddable":true,"href":"http:\/\/eloficiodehistoriar.com.mx\/index.php?rest_route=\/wp\/v2\/users\/249"}],"replies":[{"embeddable":true,"href":"http:\/\/eloficiodehistoriar.com.mx\/index.php?rest_route=%2Fwp%2Fv2%2Fcomments&post=98"}],"version-history":[{"count":0,"href":"http:\/\/eloficiodehistoriar.com.mx\/index.php?rest_route=\/wp\/v2\/posts\/98\/revisions"}],"wp:attachment":[{"href":"http:\/\/eloficiodehistoriar.com.mx\/index.php?rest_route=%2Fwp%2Fv2%2Fmedia&parent=98"}],"wp:term":[{"taxonomy":"category","embeddable":true,"href":"http:\/\/eloficiodehistoriar.com.mx\/index.php?rest_route=%2Fwp%2Fv2%2Fcategories&post=98"},{"taxonomy":"post_tag","embeddable":true,"href":"http:\/\/eloficiodehistoriar.com.mx\/index.php?rest_route=%2Fwp%2Fv2%2Ftags&post=98"}],"curies":[{"name":"wp","href":"https:\/\/api.w.org\/{rel}","templated":true}]}}