{"id":980,"date":"2008-08-05T08:24:25","date_gmt":"2008-08-05T13:24:25","guid":{"rendered":"https:\/\/eloficiodehistoriar.com.mx\/?p=980"},"modified":"2008-08-05T08:24:25","modified_gmt":"2008-08-05T13:24:25","slug":"un-poco-de-historia","status":"publish","type":"post","link":"http:\/\/eloficiodehistoriar.com.mx\/?p=980","title":{"rendered":"Un poco de historia"},"content":{"rendered":"<p align=\"center\" style=\"margin: auto 0cm; text-align: center\" class=\"author\"><strong><span style=\"font-size: 18pt; font-family: Arial\"><\/span><\/strong><\/p>\n<p align=\"center\" style=\"margin: auto 0cm; text-align: center\" class=\"author\"><strong><span style=\"font-size: 18pt; font-family: Arial\"><\/span><\/strong><\/p>\n<p align=\"center\" style=\"margin: auto 0cm; text-align: center\" class=\"author\"><strong><span style=\"font-size: 18pt; font-family: Arial\"><img decoding=\"async\" src=\"http:\/\/ts2.images.live.com\/images\/thumbnail.aspx?q=2478520339477&amp;id=46ab9af51355a969e8ce4e33228aaabf\" alt=\"mexico.jpg\" style=\"visibility: visible; width: 140px; cursor: pointer; height: 105px\" title=\"mexico.jpg\" class=\"img_thumb\" \/>\u00a0<img decoding=\"async\" src=\"http:\/\/ts2.images.live.com\/images\/thumbnail.aspx?q=2476628914205&amp;id=062c02bde2bc21689ffdee2b27470470\" alt=\"HotelB8.jpg\" style=\"visibility: visible; width: 140px; cursor: pointer; height: 133px\" title=\"HotelB8.jpg\" class=\"img_thumb\" \/><img decoding=\"async\" src=\"http:\/\/ts3.images.live.com\/images\/thumbnail.aspx?q=1669924327090&amp;id=70b0dfc6b5c1c82ca029add9f45961e1\" alt=\"mexico_city_tours_5.jpg\" style=\"visibility: visible; width: 140px; cursor: pointer; height: 106px\" title=\"mexico_city_tours_5.jpg\" class=\"img_thumb\" \/><\/span><\/strong><\/p>\n<p align=\"center\" style=\"margin: auto 0cm; text-align: center\" class=\"author\"><strong><span style=\"font-size: 18pt; font-family: Arial\"><\/span><\/strong><\/p>\n<p><strong><span style=\"font-size: 18pt; font-family: Arial\">Un poco de historia<o:p><\/o:p><\/span><\/strong><span style=\"font-family: Arial\"><o:p>\u00a0<\/o:p><\/span><\/p>\n<p style=\"margin: auto 0cm; text-align: justify\" class=\"author\"><span style=\"font-family: Arial\"><\/span><\/p>\n<p><span style=\"font-family: Arial\">Una de las expresiones del liberalismo que caracteriz\u00f3 al r\u00e9gimen de Porfirio D\u00edaz fue incentivar la competencia, por lo que propiciaba la inmigraci\u00f3n de extranjeros que demostraran una forma honesta de vida, con el prop\u00f3sito de que influyeran en los mexicanos para hacerlos m\u00e1s virtuosos.<o:p><\/o:p><\/span><\/p>\n<p style=\"text-align: justify\"><span style=\"font-family: Arial\"><\/span><\/p>\n<p><span style=\"font-family: Arial\">Dentro de esta pol\u00edtica, D\u00edaz alent\u00f3 el establecimiento de colonias tanto de estadunidenses y canadienses como de europeos, principalmente italianos y franceses, como los famosos barcelonettes, que fundaron los grandes almacenes \u201cmodernos\u201d como El Palacio de Hierro, El Puerto de Liverpool, El Correo Franc\u00e9s y El Centro Mercantil.<o:p><\/o:p><\/span><\/p>\n<p style=\"text-align: justify\"><span style=\"font-family: Arial\"><\/span><\/p>\n<p><span style=\"font-family: Arial\">As\u00ed lleg\u00f3 a la capital mexicana el arquitecto Thomas Sinclair Gore, descendiente de irlandeses que hab\u00edan emigrado a Canad\u00e1. Su gusto por la \u00f3pera lo llevaba con frecuencia a Nueva York, en donde conoci\u00f3 a Pauline Yngrid Johnson, con quien se cas\u00f3 y vino a M\u00e9xico el \u00faltimo decenio del siglo XIX.<o:p><\/o:p><\/span><\/p>\n<p style=\"text-align: justify\"><span style=\"font-family: Arial\"><\/span><\/p>\n<p><span style=\"font-family: Arial\">Al poco tiempo de su llegada adquirieron un terreno en la que habr\u00eda de conocerse como la colonia Americana, rebautizada en 1906 como colonia Ju\u00e1rez. <o:p><\/o:p><\/span><\/p>\n<p style=\"text-align: justify\"><span style=\"font-family: Arial\"><\/span><\/p>\n<p><span style=\"font-family: Arial\">Aqu\u00ed construyeron los Gore Court Apartments, en un estilo que difer\u00eda al de las mansiones afrancesadas que estaban de moda en las nuevas colonias como <st1:personname ProductID=\"la San Rafael\" w:st=\"on\">la San Rafael<\/st1:personname>, <st1:personname ProductID=\"la Roma\" w:st=\"on\">la Roma<\/st1:personname> y la propia Ju\u00e1rez.<o:p><\/o:p><\/span><\/p>\n<p style=\"text-align: justify\"><span style=\"font-family: Arial\"><\/span><\/p>\n<p><span style=\"font-family: Arial\">En un sobrio estilo neocl\u00e1sico, dise\u00f1aron un edificio que ofrec\u00eda departamentos amueblados para estancias cortas, idea novedosa en la cosmopolita ciudad, que ya contaba con buenos hoteles, especialmente en el Centro.<o:p><\/o:p><\/span><\/p>\n<p style=\"text-align: justify\"><span style=\"font-family: Arial\"><\/span><\/p>\n<p><span style=\"font-family: Arial\">El nacimiento del siglo inauguraba para M\u00e9xico un futuro promisorio; se consideraba que era posible alcanzar una situaci\u00f3n semejante a la de pa\u00edses como Francia, Inglaterra y Alemania. Esto anim\u00f3 al matrimonio Gore a remodelar los apartamentos y convertirlo en el hotel Geneve, a partir de 1907.<o:p><\/o:p><\/span><\/p>\n<p style=\"text-align: justify\"><span style=\"font-family: Arial\"><\/span><\/p>\n<p><span style=\"font-family: Arial\">En un interesante libro que se acaba de publicar por el centenario del hotel, el autor Carlos Mart\u00ednez Assad, acucioso historiador, realiz\u00f3 una profunda investigaci\u00f3n que sac\u00f3 a la luz una historia relacionada con la vida de la ciudad de toda una \u00e9poca. <o:p><\/o:p><\/span><\/p>\n<p style=\"text-align: justify\"><span style=\"font-family: Arial\"><\/span><\/p>\n<p><span style=\"font-family: Arial\">Nos comenta, por ejemplo, que precisamente el 20 de noviembre de 1910, fecha propuesta por el Plan de San Luis para iniciar <st1:personname ProductID=\"la Revoluci?n\" w:st=\"on\">la Revoluci\u00f3n<\/st1:personname>, Porfirio D\u00edaz, para demostrar su tranquilidad ante el hecho, fue a comer con su familia al restaurante del hotel, que conserva la copia del cheque que firm\u00f3, por la cantidad de 30.25 pesos.<o:p><\/o:p><\/span><\/p>\n<p style=\"text-align: justify\"><span style=\"font-family: Arial\"><\/span><\/p>\n<p><span style=\"font-family: Arial\">Su pesquisa en los libros de registro da cuenta de una serie de hu\u00e9spedes notables, entre los que se puede mencionar a Pablo Gonz\u00e1lez Casanova, Luis Cabrera, al afamado cantante de \u00f3pera Enrico Caruso, a la actriz Virginia F\u00e1bregas y existe el registro de Winston Churchill con su esposa, quien por esas fechas se sabe que visit\u00f3 Estados Unidos, lo que lleva a pensar que el c\u00e9lebre ministro brit\u00e1nico aprovech\u00f3 para darse una escapada y visitar M\u00e9xico.<o:p><\/o:p><\/span><\/p>\n<p style=\"text-align: justify\"><span style=\"font-family: Arial\"><\/span><\/p>\n<p><span style=\"font-family: Arial\">En 1928 est\u00e1n anotadas las estancias de los generales Juan Andreu Almaz\u00e1n y Gonzalo N. Santos, cuya visita a la capital seguramente obedeci\u00f3 a la crisis pol\u00edtica que desat\u00f3 el asesinato del general \u00c1lvaro Obreg\u00f3n, que se realiz\u00f3 el 17 de julio de ese a\u00f1o. Por las mismas fechas aparece el registro de Malcolm Lowry, autor del afamado libro <em><span style=\"font-family: Arial\">Bajo el volc\u00e1n<\/span><\/em>.<o:p><\/o:p><\/span><\/p>\n<p style=\"text-align: justify\"><span style=\"font-family: Arial\"><\/span><\/p>\n<p><span style=\"font-family: Arial\">Un a\u00f1o m\u00e1s tarde, de Veracruz lleg\u00f3 Antonio Castro Leal, mientras se instalaba en la ciudad para tomar posesi\u00f3n como rector de <st1:personname ProductID=\"la Universidad Nacional\" w:st=\"on\">la Universidad Nacional<\/st1:personname>; al igual que de Michoac\u00e1n arrib\u00f3 el general L\u00e1zaro C\u00e1rdenas; de Yucat\u00e1n, el compositor Guty C\u00e1rdenas, y de <st1:personname ProductID=\"La Habana\" w:st=\"on\">La Habana<\/st1:personname>, F\u00e9lix F. Palavicini, fundador del diario <em><span style=\"font-family: Arial\">El Universal<\/span><\/em>.<o:p><\/o:p><\/span><\/p>\n<p style=\"text-align: justify\"><span style=\"font-family: Arial\"><\/span><\/p>\n<p><span style=\"font-family: Arial\">En 1934-35, el \u00e9xito del hotel llev\u00f3 a los due\u00f1os a realizar una ampliaci\u00f3n hac\u00eda la calle de Londres, siguiendo el estilo del edificio original, aunque con sus detalles de modernismo que contrastaban con un mobiliario estilo neobarroco. <o:p><\/o:p><\/span><\/p>\n<p style=\"text-align: justify\"><span style=\"font-family: Arial\"><\/span><\/p>\n<p><span style=\"font-family: Arial\">Posiblemente de esa \u00e9poca data el arreglo colonial californiano que muestra el hotel, en lo que fuera el vest\u00edbulo de la calle de Liverpool. <o:p><\/o:p><\/span><\/p>\n<p style=\"text-align: justify\"><span style=\"font-family: Arial\"><\/span><\/p>\n<p><span style=\"font-family: Arial\">La nueva construcci\u00f3n se hizo auton\u00f3ma en t\u00e9rminos estructurales y con una cimentaci\u00f3n con pilotaje, seguramente para aislarla del hundimiento de m\u00e1s de dos metros que padec\u00eda la parte antigua, como el resto del suelo de esa zona de la capital.<o:p><\/o:p><\/span><\/p>\n<p style=\"text-align: justify\"><span style=\"font-family: Arial\"><\/span><\/p>\n<p><span style=\"font-family: Arial\">El hotel Geneve fue pionero en ofrecer s\u00e1ndwiches, aprovechando que la panader\u00eda Ideal comenzaba a ofrecer el pan de caja; en el men\u00fa de 1910 los anuncia con may\u00fasculas y los destaca como la gran novedad. <o:p><\/o:p><\/span><\/p>\n<p style=\"text-align: justify\"><span style=\"font-family: Arial\"><\/span><\/p>\n<p><span style=\"font-family: Arial\">Durante una \u00e9poca fue famosa la comida que se serv\u00eda en el hotel; en su \u00e9poca de oro, en el Libro de men\u00fa de 1931-1933, incluye una ampl\u00eda oferta de platillos para <em><span style=\"font-family: Arial\">dinner<\/span><\/em> y <em><span style=\"font-family: Arial\">supper<\/span><\/em>.<o:p><\/o:p><\/span><\/p>\n<p style=\"text-align: justify\"><span style=\"font-family: Arial\"><\/span><\/p>\n<p style=\"text-align: justify\"><span style=\"font-family: Arial\">De eso no quedan m\u00e1s que recuerdos, ya que ahora el restaurante del hotel es un Sanborns, pero vale la pena echarse un <em><span style=\"font-family: Arial\">cafet\u00edn<\/span><\/em> en la parte que da a la calle de Liverpool, que conserva el aire de p\u00e9rgola jardinada en estilo neobarroco<\/span><font face=\"Times New Roman\">.<\/font><\/p>\n<p style=\"margin: 0cm 0cm 0pt\" class=\"MsoNormal\">&nbsp;<\/p>\n<p style=\"margin: 0cm 0cm 0pt\" class=\"MsoNormal\"><font face=\"Times New Roman\">Angeles Gonz\u00e1lez Gamio<\/font><\/p>\n","protected":false},"excerpt":{"rendered":"<p>\u00a0 Un poco de historia\u00a0 Una de las expresiones del liberalismo que caracteriz\u00f3 al r\u00e9gimen de Porfirio D\u00edaz fue incentivar la competencia, por lo que propiciaba la inmigraci\u00f3n de extranjeros que demostraran una forma honesta de vida, con el prop\u00f3sito de que influyeran en los mexicanos para hacerlos m\u00e1s virtuosos. Dentro de esta pol\u00edtica, D\u00edaz [&hellip;]<\/p>\n","protected":false},"author":249,"featured_media":0,"comment_status":"open","ping_status":"closed","sticky":false,"template":"","format":"standard","meta":{"footnotes":""},"categories":[9],"tags":[],"class_list":["post-980","post","type-post","status-publish","format-standard","hentry","category-otros-lugares"],"_links":{"self":[{"href":"http:\/\/eloficiodehistoriar.com.mx\/index.php?rest_route=\/wp\/v2\/posts\/980","targetHints":{"allow":["GET"]}}],"collection":[{"href":"http:\/\/eloficiodehistoriar.com.mx\/index.php?rest_route=\/wp\/v2\/posts"}],"about":[{"href":"http:\/\/eloficiodehistoriar.com.mx\/index.php?rest_route=\/wp\/v2\/types\/post"}],"author":[{"embeddable":true,"href":"http:\/\/eloficiodehistoriar.com.mx\/index.php?rest_route=\/wp\/v2\/users\/249"}],"replies":[{"embeddable":true,"href":"http:\/\/eloficiodehistoriar.com.mx\/index.php?rest_route=%2Fwp%2Fv2%2Fcomments&post=980"}],"version-history":[{"count":0,"href":"http:\/\/eloficiodehistoriar.com.mx\/index.php?rest_route=\/wp\/v2\/posts\/980\/revisions"}],"wp:attachment":[{"href":"http:\/\/eloficiodehistoriar.com.mx\/index.php?rest_route=%2Fwp%2Fv2%2Fmedia&parent=980"}],"wp:term":[{"taxonomy":"category","embeddable":true,"href":"http:\/\/eloficiodehistoriar.com.mx\/index.php?rest_route=%2Fwp%2Fv2%2Fcategories&post=980"},{"taxonomy":"post_tag","embeddable":true,"href":"http:\/\/eloficiodehistoriar.com.mx\/index.php?rest_route=%2Fwp%2Fv2%2Ftags&post=980"}],"curies":[{"name":"wp","href":"https:\/\/api.w.org\/{rel}","templated":true}]}}