{"id":982,"date":"2008-08-05T08:44:40","date_gmt":"2008-08-05T13:44:40","guid":{"rendered":"https:\/\/eloficiodehistoriar.com.mx\/?p=982"},"modified":"2008-08-05T08:44:40","modified_gmt":"2008-08-05T13:44:40","slug":"conferencia-mundial-sobre-v-i-h-en-mexico","status":"publish","type":"post","link":"http:\/\/eloficiodehistoriar.com.mx\/?p=982","title":{"rendered":"Conferencia Mundial sobre V I H en M\u00e9xico"},"content":{"rendered":"<p>\u00a0<img decoding=\"async\" src=\"http:\/\/ts4.images.live.com\/images\/thumbnail.aspx?q=1604155481367&amp;id=33f7618f12690cffecef3b53fa3ad2a2\" alt=\"lucha-sida-2004.jpg\" style=\"width: 112px; cursor: pointer; height: 140px\" title=\"lucha-sida-2004.jpg\" class=\"img_thumb\" \/><\/p>\n<p>\u00a0El SIDA-VIH<\/p>\n<p>En la conferencia internacional sobre la epidemia que se realiza en la ciudad de M\u00e9xico, expertos y l\u00edderes hablaron sobre los retos que se enfrentan en la materia.<\/p>\n<p>Advirtieron que \u00abmuy pocos pa\u00edses\u00bb cumplir\u00e1n con la meta de 2010 de tener acceso universal a los programas de atenci\u00f3n y prevenci\u00f3n de la pandemia, ya que la mayor parte de la poblaci\u00f3n afectada \u00absigue sin saber que tiene el virus\u00bb.<\/p>\n<p>Un mexicano deportado hace cuatro a\u00f1os por Estados Unidos reposa en un albergue para enfermos de sida en Tijuana, sin ninguna esperanza.<\/p>\n<p>El endurecimiento de medidas migratorias ha obligado a indocumentados a evitar las cl\u00ednicas oficiales para solicitar auxilio m\u00e9dico<\/p>\n","protected":false},"excerpt":{"rendered":"<p>\u00a0 \u00a0El SIDA-VIH En la conferencia internacional sobre la epidemia que se realiza en la ciudad de M\u00e9xico, expertos y l\u00edderes hablaron sobre los retos que se enfrentan en la materia. Advirtieron que \u00abmuy pocos pa\u00edses\u00bb cumplir\u00e1n con la meta de 2010 de tener acceso universal a los programas de atenci\u00f3n y prevenci\u00f3n de la [&hellip;]<\/p>\n","protected":false},"author":249,"featured_media":0,"comment_status":"open","ping_status":"closed","sticky":false,"template":"","format":"standard","meta":{"footnotes":""},"categories":[26],"tags":[],"class_list":["post-982","post","type-post","status-publish","format-standard","hentry","category-mundo"],"_links":{"self":[{"href":"http:\/\/eloficiodehistoriar.com.mx\/index.php?rest_route=\/wp\/v2\/posts\/982","targetHints":{"allow":["GET"]}}],"collection":[{"href":"http:\/\/eloficiodehistoriar.com.mx\/index.php?rest_route=\/wp\/v2\/posts"}],"about":[{"href":"http:\/\/eloficiodehistoriar.com.mx\/index.php?rest_route=\/wp\/v2\/types\/post"}],"author":[{"embeddable":true,"href":"http:\/\/eloficiodehistoriar.com.mx\/index.php?rest_route=\/wp\/v2\/users\/249"}],"replies":[{"embeddable":true,"href":"http:\/\/eloficiodehistoriar.com.mx\/index.php?rest_route=%2Fwp%2Fv2%2Fcomments&post=982"}],"version-history":[{"count":0,"href":"http:\/\/eloficiodehistoriar.com.mx\/index.php?rest_route=\/wp\/v2\/posts\/982\/revisions"}],"wp:attachment":[{"href":"http:\/\/eloficiodehistoriar.com.mx\/index.php?rest_route=%2Fwp%2Fv2%2Fmedia&parent=982"}],"wp:term":[{"taxonomy":"category","embeddable":true,"href":"http:\/\/eloficiodehistoriar.com.mx\/index.php?rest_route=%2Fwp%2Fv2%2Fcategories&post=982"},{"taxonomy":"post_tag","embeddable":true,"href":"http:\/\/eloficiodehistoriar.com.mx\/index.php?rest_route=%2Fwp%2Fv2%2Ftags&post=982"}],"curies":[{"name":"wp","href":"https:\/\/api.w.org\/{rel}","templated":true}]}}