{"id":983,"date":"2008-08-05T12:28:49","date_gmt":"2008-08-05T17:28:49","guid":{"rendered":"https:\/\/eloficiodehistoriar.com.mx\/?p=983"},"modified":"2008-08-05T12:28:49","modified_gmt":"2008-08-05T17:28:49","slug":"derechos-humanos-de-la-montana-informa-4","status":"publish","type":"post","link":"http:\/\/eloficiodehistoriar.com.mx\/?p=983","title":{"rendered":"DERECHOS HUMANOS DE LA MONTA\u00d1A INFORMA:"},"content":{"rendered":"<p align=\"center\" style=\"margin: 0cm 0.9pt 0pt 13.85pt; text-align: center; tab-stops: 36.0pt\" class=\"MsoNormal\"><span style=\"font-size: 14pt\" lang=\"ES-MX\"><\/span><\/p>\n<p><span style=\"font-size: 14pt\" lang=\"ES-MX\"><font face=\"Times New Roman\"><\/p>\n<p align=\"center\" style=\"margin-left: 13.85pt; text-align: center\" class=\"EC_MsoNormal\"><strong><span style=\"font-family: Verdana\" lang=\"ES-MX\">DERECHOS HUMANOS DE LA MONTA\u00d1A<\/span><\/strong><\/p>\n<p style=\"text-indent: -18pt; text-align: justify\" class=\"EC_MsoNormal\"><strong><span style=\"font-family: Verdana\" lang=\"ES-MX\">\u00a0&#8211; <\/span><\/strong><span style=\"font-family: Wingdings\" lang=\"ES-MX\"><span><span style=\"font: 7pt 'Times New Roman'\"><\/span><\/span><\/span><em><span style=\"font-family: Verdana\" lang=\"ES-MX\">Se insiste en imponer el proyecto por encima de la decisi\u00f3n de los pueblos.<\/span><\/em><\/p>\n<p style=\"text-indent: -18pt; text-align: justify\" class=\"EC_MsoNormal\"><span style=\"font-family: Wingdings\" lang=\"ES-MX\"><span><span style=\"font: 7pt 'Times New Roman'\"><\/span><\/span><\/span><em><span style=\"font-family: Verdana\" lang=\"ES-MX\">&#8211; Se pretende ignorar las resoluciones judiciales y las recomendaciones de la ONU.<\/span><\/em><\/p>\n<p style=\"text-indent: -18pt; text-align: justify\" class=\"EC_MsoNormal\"><span style=\"font-family: Wingdings\" lang=\"ES-MX\"><span><span style=\"font: 7pt 'Times New Roman'\"><\/span><\/span><\/span><em><span style=\"font-family: Verdana\" lang=\"ES-MX\">&#8211; La inversi\u00f3n de 12 mil millones se debe usa para sacar del laberinto de la pobreza a municipios marginados.<\/span><\/em><\/p>\n<p style=\"margin-left: 21.3pt; text-align: justify\" class=\"EC_MsoNormal\"><em><span style=\"font-family: Verdana\">Tlapa, Guerrero, M\u00e9xico, a viernes 1 de agosto de 2008<\/span><\/em><span style=\"font-family: Verdana\">.- El Consejo de Ejidos y Comunidades Opositores a la presa La Parota (Cecop) y el Centro de Derechos Humanos de la Monta\u00f1a Tlachinollan consideramos que son \u00abtemerarias\u00bb las declaraciones que hiciera ayer el secretario de Gobernaci\u00f3n, Juan Camilo Mouri\u00f1o Terrazo en Acapulco, sobre su intervenci\u00f3n directa como interlocutor para que se lleve a cabo el proyecto hidroel\u00e9ctrico La Parota.<\/span><\/p>\n<p style=\"margin-left: 21.3pt; text-align: justify\" class=\"EC_MsoNormal\"><span style=\"font-family: Verdana\">Esa postura del funcionario federal fija una posici\u00f3n de fuerza y evidencia que se quiere imponer la construcci\u00f3n de la presa por encima de la decisi\u00f3n de los due\u00f1os de la tierra que manifestaron su rechazo un\u00e1nime el pasado 12 de agosto del 2007 mediante una asamblea, y por encima de las resoluciones emitidas por los tribunales agrarios que anulan las asambleas ama\u00f1adas que daban a la Comisi\u00f3n Federal de Electricidad (CFE) la anuencia para la expropiaci\u00f3n y ocupaci\u00f3n de las tierras. <\/span><\/p>\n<p style=\"margin-left: 21.3pt; text-align: justify\" class=\"EC_MsoNormal\"><span style=\"font-family: Verdana\">Apreciamos que el secretario de Gobierno tambi\u00e9n pretende ignorar las recomendaciones que los relatores de la ONU sobre Pueblos Ind\u00edgenas, Rodolfo Stavenhagen y de Vivienda, Miloon Kothari, enviaron al gobierno mexicano en donde lo exhortan a ajustarse a la ley agraria y destacan que desde el principio las autoridades federales y estatales encargadas de poner en marcha el proyecto violaron los derechos humanos de los comuneros y ejidatarios al no consultarlos sobre la implementaci\u00f3n de la obra. \u00a0<\/span><\/p>\n<p style=\"margin-left: 21.3pt; text-align: justify\" class=\"EC_MsoNormal\"><span style=\"font-family: Verdana\">Lo mismo intenta pasar por alto, el informe que redact\u00f3 la secretaria general de Amnist\u00eda Internacional, Irene Khan en el marco de su visita a la zona de conflicto en agosto de 2007, y el veredicto que emiti\u00f3 el <\/span><span style=\"font-family: Verdana\" lang=\"ES-MX\">Tribunal Latinoamericano del Agua en marzo de 2006, en donde recomienda la cancelaci\u00f3n del proyecto porque no tiene viabilidad ambiental ni social.<\/span><\/p>\n<p style=\"margin-left: 21.3pt; text-align: justify\" class=\"EC_MsoNormal\"><span style=\"font-family: Verdana\">Como CECOP y Tlachinollan, tambi\u00e9n queremos recordar que existen 3 amparos a favor de los comuneros opositores que impiden a la CFE entrar a la zona de conflictos para realizar cualquier tipo de obra y trabajo relacionado con la hidroel\u00e9ctrica.<\/span><\/p>\n<p style=\"margin-left: 21.3pt; text-align: justify\" class=\"EC_MsoNormal\"><span style=\"font-family: Verdana\">Ante esto, queremos manifestar nuestra preocupaci\u00f3n porque con su postura el secretario de Gobernaci\u00f3n no convoca al di\u00e1logo ni valora los esfuerzos realizados por las partes en conflicto que culmin\u00f3 con la asamblea del 12 de agosto del a\u00f1o pasado y m\u00e1s bien abusando de su investidura quiere imponer una l\u00ednea desde el centro para poder avasallar al Cecop apost\u00e1ndole a una nueva correlaci\u00f3n de fuerzas y al cambio de interlocutores pol\u00edticos que supuestamente ser\u00e1n los operadores de la nueva l\u00ednea de endurecimiento implementado por el gobierno federal ante los conflictos sociales. <\/span><\/p>\n<p style=\"margin-left: 21.3pt; text-align: justify\" class=\"EC_MsoNormal\"><span style=\"font-family: Verdana\">Vemos que esta misma decisi\u00f3n entendida meramente como un negocio que asciende a 12 mil millones de pesos, lo \u00fanico que provocar\u00e1 es el mayor ahondamiento de la desigualdad social y la polarizaci\u00f3n pol\u00edtica en nuestro estado porque se han privilegiado las grandes inversiones para beneficiar a las \u00e9lites econ\u00f3micas que se quieren apropiar de las playas, los r\u00edos, las minas y hasta el petr\u00f3leo de los mexicanos. \u00a0<\/span><\/p>\n<p style=\"margin-left: 21.3pt; text-align: justify\" class=\"EC_MsoNormal\"><span style=\"font-family: Verdana\">En ese sentido apreciamos que los contrastes econ\u00f3micos que vivimos en el estado, son producto de los gobiernos que han usado las riquezas del pueblo para crear emporios financieros y a magnates de talla mundial que desencadenan procesos de pauperizaci\u00f3n tan extrema que nos colocan en el s\u00f3tano del mundo. El Acapulco Diamante s\u00f3lo es posible porque existe el otro polo que es Cochoapa el Grande, el municipio m\u00e1s pobre de M\u00e9xico, comparado con pa\u00edses pobres de \u00c1frica.<\/span><\/p>\n<p style=\"margin-left: 21.3pt; text-align: justify\" class=\"EC_MsoNormal\"><span style=\"font-family: Verdana\">La canalizaci\u00f3n de esos 12 mil millones de pesos que el gobierno federal piensa invertir en el proyecto de La Parota que implica la expulsi\u00f3n de miles de campesinos que han sabido cuidar las riquezas del r\u00edo Papagayo, por principio de justicia social ese recurso tendr\u00eda que destinarse a combatir la pobreza de Cochoapa el Grande y de todos los pueblos pobres de Guerrero para por lo menos salir de este laberinto infame de la violencia de Estado.<\/span><\/p>\n<p style=\"margin-left: 21.3pt; text-align: justify\" class=\"EC_MsoNormal\"><span style=\"font-family: Verdana\">Por todo lo anterior, exigimos al gobierno federal y estatal:<\/span><\/p>\n<p style=\"margin-left: 57.3pt; text-indent: -18pt; text-align: justify\" class=\"EC_MsoNormal\"><span style=\"font-family: Symbol\"><span>\u00b7<span style=\"font: 7pt 'Times New Roman'\">\u00a0\u00a0\u00a0\u00a0\u00a0\u00a0\u00a0\u00a0 <\/span><\/span><\/span><span style=\"font-family: Verdana\">Que respete de manera irrestricta las resoluciones emitidas por el tribunal Unitario Agrario en los juicios 447\/2005, 72\/2006, 73\/2006 y 74\/2006, que anulan las asambleas agrarias que otorgaron la anuencia para la expropiaci\u00f3n y la ocupaci\u00f3n previa de las tierras.<\/span><\/p>\n<p style=\"margin-left: 57.3pt; text-indent: -18pt; text-align: justify\" class=\"EC_MsoNormal\"><span style=\"font-family: Symbol\"><span>\u00b7<span style=\"font: 7pt 'Times New Roman'\">\u00a0\u00a0\u00a0\u00a0\u00a0\u00a0\u00a0\u00a0 <\/span><\/span><\/span><span style=\"font-family: Verdana\">Que acate las recomendaciones de los Relatores de las Naciones Unidas sobre Pueblos Ind\u00edgenas y Tribales, de Vivienda, del Comit\u00e9 de Derechos Econ\u00f3micos Sociales y Culturales.<\/span><\/p>\n<p style=\"margin-left: 57.3pt; text-indent: -18pt; text-align: justify\" class=\"EC_MsoNormal\"><span style=\"font-family: Symbol\"><span>\u00b7<span style=\"font: 7pt 'Times New Roman'\">\u00a0\u00a0\u00a0\u00a0\u00a0\u00a0\u00a0\u00a0 <\/span><\/span><\/span><span style=\"font-family: Verdana\">El respeto al Convenio 169 de la OIT, mediante el cual se realiz\u00f3 la consulta del 12 de agosto de 2007.<\/span><\/p>\n<p style=\"margin-left: 57.3pt; text-indent: -18pt; text-align: justify\" class=\"EC_MsoNormal\"><span style=\"font-family: Symbol\"><span>\u00b7<span style=\"font: 7pt 'Times New Roman'\">\u00a0\u00a0\u00a0\u00a0\u00a0\u00a0\u00a0\u00a0 <\/span><\/span><\/span><span style=\"font-family: Verdana\">Que se apegue a la legalidad y los derechos humanos y se abstenga de apostarle al recurso de la violencia.<\/span><\/p>\n<p style=\"margin-left: 57.3pt; text-indent: -18pt; text-align: justify\" class=\"EC_MsoNormal\"><span style=\"font-family: Symbol\"><span>\u00b7<span style=\"font: 7pt 'Times New Roman'\">\u00a0\u00a0\u00a0\u00a0\u00a0\u00a0\u00a0\u00a0 <\/span><\/span><\/span><span style=\"font-family: Verdana\">Que no se utilice el dinero del erario p\u00fablico para favorecer al capital transnacional, sino a los municipios m\u00e1s pobres del mundo que est\u00e1n en el Estado de Guerrero.<\/span><\/p>\n<p align=\"center\" style=\"margin: 0cm 0.9pt 0pt 13.85pt; text-align: center; tab-stops: 36.0pt\" class=\"MsoNormal\">\n\u00a0<\/p>\n<p style=\"text-align: center\"><strong>CONSEJO DE EJIDOS Y COMUNIDADES OPOSITORES A LA PRESA LA PAROTA<br \/>\nCENTRO DE DERECHOS HUMANOS DE LA MONTA\u00d1A TLACHINOLLAN<\/p>\n<p><\/strong><\/p>\n<p align=\"center\" style=\"margin: 0cm 0.9pt 0pt 13.85pt; text-align: center; tab-stops: 36.0pt\" class=\"MsoNormal\"><span style=\"font-size: 14pt\" lang=\"ES-MX\"><br \/>\n<\/span>&#8212;<br \/>\nElena Cannie &#8211; Coordinadora del Area Internacional<br \/>\nCentro de Derechos Humanos de la Monta\u00f1a Tlachinollan<br \/>\nMina # 77, Colonia Centro, CP 41304<br \/>\nTlapa de Comonfort, Guerrero &#8211; Mexico<br \/>\nTel: (52) 757 476 12 20 &#8211; Cel:(045) 757 105 42 73\u00a0<\/p>\n<p><\/font><\/span><\/p>\n<p align=\"center\" style=\"margin: 0cm 0.9pt 0pt 13.85pt; text-align: center; tab-stops: 36.0pt\" class=\"MsoNormal\"><span style=\"font-size: 14pt\" lang=\"ES-MX\"><\/span><\/p>\n<p align=\"center\" style=\"margin: 0cm 0.9pt 0pt 13.85pt; text-align: center; tab-stops: 36.0pt\" class=\"MsoNormal\"><span style=\"font-size: 14pt\" lang=\"ES-MX\"><\/span><\/p>\n<p align=\"center\" style=\"margin: 0cm 0.9pt 0pt 13.85pt; text-align: center; tab-stops: 36.0pt\" class=\"MsoNormal\"><span style=\"font-size: 14pt\" lang=\"ES-MX\"><\/span><\/p>\n<p align=\"center\" style=\"margin: 0cm 0.9pt 0pt 13.85pt; text-align: center; tab-stops: 36.0pt\" class=\"MsoNormal\"><span style=\"font-size: 14pt\" lang=\"ES-MX\"><\/span><\/p>\n<p align=\"center\" style=\"margin: 0cm 0.9pt 0pt 13.85pt; text-align: center; tab-stops: 36.0pt\" class=\"MsoNormal\"><span style=\"font-size: 14pt\" lang=\"ES-MX\"><\/span><\/p>\n<p><span style=\"font-size: 14pt\" lang=\"ES-MX\"><font face=\"Times New Roman\">CONSEJO DE EJIDOS Y COMUNIDADES OPOSITORES<br \/>\nA <st1:personname ProductID=\"LA PRESA LA\" w:st=\"on\">LA PRESA LA<\/st1:personname> PAROTA<o:p><\/o:p><\/font><\/span><font face=\"Times New Roman\"><strong><span lang=\"ES-MX\"><\/span><\/strong><span style=\"font-family: 'Arial Narrow'\" lang=\"EN-GB\"><o:p><\/o:p><\/span><\/font><span style=\"z-index: 1; position: relative\"><span style=\"left: 24px; width: 621px; position: absolute; top: -3px; height: 6px\"><font face=\"Times New Roman\"><img loading=\"lazy\" decoding=\"async\" v:shapes=\"_x0000_s1026\" width=\"621\" src=\"file:\/\/\/C:\/DOCUME~1\/Hogar\/CONFIG~1\/Temp\/msohtml1\/01\/clip_image003.gif\" height=\"6\" \/><\/font><\/span><\/span><span style=\"font-family: 'Arial Narrow'\" lang=\"EN-GB\"><o:p><font size=\"2\">\u00a0<\/font><\/o:p><\/span><br clear=\"all\" \/><span style=\"font-size: 8pt; font-family: 'Arial Narrow'\">Comunicado 038<o:p><\/o:p><\/span><strong><span lang=\"ES-MX\"><o:p><font size=\"2\" face=\"Times New Roman\">\u00a0<\/font><\/o:p><\/span><\/strong><strong><span style=\"font-size: 14pt; font-family: Verdana\" lang=\"ES-MX\"><o:p>\u00a0<\/o:p><\/span><\/strong><strong><span style=\"font-size: 14pt; font-family: Verdana\" lang=\"ES-MX\">SON TEMERARIAS LAS DECLARACIONES DE MOURI\u00d1O <o:p><\/o:p><\/span><\/strong><strong><span style=\"font-size: 14pt; font-family: Verdana\" lang=\"ES-MX\">SOBRE <st1:personname ProductID=\"La Parota\" w:st=\"on\">LA PAROTA<\/st1:personname> <o:p><\/o:p><\/span><\/strong><strong><span style=\"font-family: Verdana\" lang=\"ES-MX\"><o:p><font size=\"2\">\u00a0<\/font><\/o:p><\/span><\/strong><strong><span style=\"font-family: Verdana\" lang=\"ES-MX\"><o:p><font size=\"2\">\u00a0<\/font><\/o:p><\/span><\/strong><span style=\"font-family: Wingdings\" lang=\"ES-MX\"><span><font size=\"2\">\u00d8<\/font><span style=\"font: 7pt 'Times New Roman'\">\u00a0\u00a0\u00a0\u00a0\u00a0\u00a0 <\/span><\/span><\/span><em><span style=\"font-family: Verdana\" lang=\"ES-MX\"><font size=\"2\">Se insiste en imponer el proyecto por encima de la decisi\u00f3n de los pueblos.<o:p><\/o:p><\/font><\/span><\/em><span style=\"font-family: Wingdings\" lang=\"ES-MX\"><span><font size=\"2\">\u00d8<\/font><span style=\"font: 7pt 'Times New Roman'\">\u00a0\u00a0\u00a0\u00a0\u00a0\u00a0 <\/span><\/span><\/span><em><span style=\"font-family: Verdana\" lang=\"ES-MX\"><font size=\"2\">Se pretende ignorar las resoluciones judiciales y las recomendaciones de <st1:personname ProductID=\"la ONU.\" w:st=\"on\">la ONU.<\/st1:personname><o:p><\/o:p><\/font><\/span><\/em><span style=\"font-family: Wingdings\" lang=\"ES-MX\"><span><font size=\"2\">\u00d8<\/font><span style=\"font: 7pt 'Times New Roman'\">\u00a0\u00a0\u00a0\u00a0\u00a0\u00a0 <\/span><\/span><\/span><em><span style=\"font-family: Verdana\" lang=\"ES-MX\"><font size=\"2\">La inversi\u00f3n de 12 mil millones se debe usa para sacar del laberinto de la pobreza a municipios marginados.<o:p><\/o:p><\/font><\/span><\/em><em><span style=\"font-family: Verdana\" lang=\"ES-MX\"><o:p><font size=\"2\">\u00a0<\/font><\/o:p><\/span><\/em><font size=\"2\"><em><span style=\"font-family: Verdana\">Tlapa, Guerrero, M\u00e9xico, a viernes 1 de agosto de 2008<\/span><\/em><span style=\"font-family: Verdana\">.- El Consejo de Ejidos y Comunidades Opositores a la presa La Parota (Cecop) y el Centro de Derechos Humanos de <st1:personname ProductID=\"la Monta?a Tlachinollan\" w:st=\"on\"><st1:personname w:st=\"on\">la Monta\u00f1a<\/st1:personname> Tlachinollan<\/st1:personname> consideramos que son \u201ctemerarias\u201d las declaraciones que hiciera ayer el secretario de Gobernaci\u00f3n, Juan Camilo Mouri\u00f1o Terrazo en Acapulco, sobre su intervenci\u00f3n directa como interlocutor para que se lleve a cabo el proyecto hidroel\u00e9ctrico <st1:personname ProductID=\"La Parota.\" w:st=\"on\">La Parota.<\/st1:personname><o:p><\/o:p><\/span><\/font><span style=\"font-family: Verdana\"><o:p><font size=\"2\">\u00a0<\/font><\/o:p><\/span><span style=\"font-family: Verdana\"><font size=\"2\">Esa postura del funcionario federal fija una posici\u00f3n de fuerza y evidencia que se quiere imponer la construcci\u00f3n de la presa por encima de la decisi\u00f3n de los due\u00f1os de la tierra que manifestaron su rechazo un\u00e1nime el pasado 12 de agosto del 2007 mediante una asamblea, y por encima de las resoluciones emitidas por los tribunales agrarios que anulan las asambleas ama\u00f1adas que daban a <st1:personname ProductID=\"la Comisi?n\" w:st=\"on\">la Comisi\u00f3n<\/st1:personname> Federal de Electricidad (CFE) la anuencia para la expropiaci\u00f3n y ocupaci\u00f3n de las tierras. <o:p><\/o:p><\/font><\/span><span style=\"font-family: Verdana\"><o:p><font size=\"2\">\u00a0<\/font><\/o:p><\/span><span style=\"font-family: Verdana\"><font size=\"2\">Apreciamos que el secretario de Gobierno tambi\u00e9n pretende ignorar las recomendaciones que los relatores de <st1:personname ProductID=\"la ONU\" w:st=\"on\">la ONU<\/st1:personname> sobre Pueblos Ind\u00edgenas, Rodolfo Stavenhagen y de Vivienda, Miloon Kothari, enviaron al gobierno mexicano en donde lo exhortan a ajustarse a la ley agraria y destacan que desde el principio las autoridades federales y estatales encargadas de poner en marcha el proyecto violaron los derechos humanos de los comuneros y ejidatarios al no consultarlos sobre la implementaci\u00f3n de la obra. <o:p><\/o:p><\/font><\/span><span style=\"font-family: Verdana\"><o:p><font size=\"2\">\u00a0<\/font><\/o:p><\/span><font size=\"2\"><span style=\"font-family: Verdana\">Lo mismo intenta pasar por alto, el informe que redact\u00f3 la secretaria general de Amnist\u00eda Internacional, Irene Khan en el marco de su visita a la zona de conflicto en agosto de 2007, y el veredicto que emiti\u00f3 el <\/span><span style=\"font-family: Verdana\" lang=\"ES-MX\">Tribunal Latinoamericano del Agua en marzo de 2006, en donde recomienda la cancelaci\u00f3n del proyecto porque no tiene viabilidad ambiental ni social.<o:p><\/o:p><\/span><\/font><span style=\"font-family: Verdana\" lang=\"ES-MX\"><o:p><font size=\"2\">\u00a0<\/font><\/o:p><\/span><span style=\"font-family: Verdana\"><font size=\"2\">Como CECOP y Tlachinollan, tambi\u00e9n queremos recordar que existen 3 amparos a favor de los comuneros opositores que impiden a <st1:personname ProductID=\"la CFE\" w:st=\"on\">la CFE<\/st1:personname> entrar a la zona de conflictos para realizar cualquier tipo de obra y trabajo relacionado con la hidroel\u00e9ctrica.<o:p><\/o:p><\/font><\/span><span style=\"font-family: Verdana\"><o:p><font size=\"2\">\u00a0<\/font><\/o:p><\/span><span style=\"font-family: Verdana\"><font size=\"2\">Ante esto, queremos manifestar nuestra preocupaci\u00f3n porque con su postura el secretario de Gobernaci\u00f3n no convoca al di\u00e1logo ni valora los esfuerzos realizados por las partes en conflicto que culmin\u00f3 con la asamblea del 12 de agosto del a\u00f1o pasado y m\u00e1s bien abusando de su investidura quiere imponer una l\u00ednea desde el centro para poder avasallar al Cecop apost\u00e1ndole a una nueva correlaci\u00f3n de fuerzas y al cambio de interlocutores pol\u00edticos que supuestamente ser\u00e1n los operadores de la nueva l\u00ednea de endurecimiento implementado por el gobierno federal ante los conflictos sociales. <o:p><\/o:p><\/font><\/span><span style=\"font-family: Verdana\"><o:p><font size=\"2\">\u00a0<\/font><\/o:p><\/span><span style=\"font-family: Verdana\"><font size=\"2\">Vemos que esta misma decisi\u00f3n entendida meramente como un negocio que asciende a 12 mil millones de pesos, lo \u00fanico que provocar\u00e1 es el mayor ahondamiento de la desigualdad social y la polarizaci\u00f3n pol\u00edtica en nuestro estado porque se han privilegiado las grandes inversiones para beneficiar a las \u00e9lites econ\u00f3micas que se quieren apropiar de las playas, los r\u00edos, las minas y hasta el petr\u00f3leo de los mexicanos. <o:p><\/o:p><\/font><\/span><span style=\"font-family: Verdana\"><o:p><font size=\"2\">\u00a0<\/font><\/o:p><\/span><span style=\"font-family: Verdana\"><font size=\"2\">En ese sentido apreciamos que los contrastes econ\u00f3micos que vivimos en el estado, son producto de los gobiernos que han usado las riquezas del pueblo para crear emporios financieros y a magnates de talla mundial que desencadenan procesos de pauperizaci\u00f3n tan extrema que nos colocan en el s\u00f3tano del mundo. El Acapulco Diamante s\u00f3lo es posible porque existe el otro polo que es Cochoapa el Grande, el municipio m\u00e1s pobre de M\u00e9xico, comparado con pa\u00edses pobres de \u00c1frica.<o:p><\/o:p><\/font><\/span><span style=\"font-family: Verdana\"><o:p><font size=\"2\">\u00a0<\/font><\/o:p><\/span><span style=\"font-family: Verdana\"><font size=\"2\">La canalizaci\u00f3n de esos 12 mil millones de pesos que el gobierno federal piensa invertir en el proyecto de La Parota que implica la expulsi\u00f3n de miles de campesinos que han sabido cuidar las riquezas del r\u00edo Papagayo, por principio de justicia social ese recurso tendr\u00eda que destinarse a combatir la pobreza de Cochoapa el Grande y de todos los pueblos pobres de Guerrero para por lo menos salir de este laberinto infame de la violencia de Estado.<o:p><\/o:p><\/font><\/span><span style=\"font-family: Verdana\"><o:p><font size=\"2\">\u00a0<\/font><\/o:p><\/span><span style=\"font-family: Verdana\"><font size=\"2\">Por todo lo anterior, exigimos al gobierno federal y estatal:<o:p><\/o:p><\/font><\/span><span style=\"font-family: Verdana\"><o:p><font size=\"2\">\u00a0<\/font><\/o:p><\/span><span style=\"font-family: Symbol\"><span><font size=\"2\">\u00b7<\/font><span style=\"font: 7pt 'Times New Roman'\">\u00a0\u00a0\u00a0\u00a0\u00a0\u00a0\u00a0\u00a0 <\/span><\/span><\/span><span style=\"font-family: Verdana\"><font size=\"2\">Que respete de manera irrestricta las resoluciones emitidas por el tribunal Unitario Agrario en los juicios 447\/2005, 72\/2006, 73\/2006 y 74\/2006, que anulan las asambleas agrarias que otorgaron la anuencia para la expropiaci\u00f3n y la ocupaci\u00f3n previa de las tierras.<o:p><\/o:p><\/font><\/span><span style=\"font-family: Symbol\"><span><font size=\"2\">\u00b7<\/font><span style=\"font: 7pt 'Times New Roman'\">\u00a0\u00a0\u00a0\u00a0\u00a0\u00a0\u00a0\u00a0 <\/span><\/span><\/span><span style=\"font-family: Verdana\"><font size=\"2\">Que acate las recomendaciones de los Relatores de las Naciones Unidas sobre Pueblos Ind\u00edgenas y Tribales, de Vivienda, del Comit\u00e9 de Derechos Econ\u00f3micos Sociales y Culturales.<o:p><\/o:p><\/font><\/span><span style=\"font-family: Symbol\"><span><font size=\"2\">\u00b7<\/font><span style=\"font: 7pt 'Times New Roman'\">\u00a0\u00a0\u00a0\u00a0\u00a0\u00a0\u00a0\u00a0 <\/span><\/span><\/span><span style=\"font-family: Verdana\"><font size=\"2\">El respeto al Convenio 169 de <st1:personname ProductID=\"la OIT\" w:st=\"on\">la OIT<\/st1:personname>, mediante el cual se realiz\u00f3 la consulta del 12 de agosto de 2007.<o:p><\/o:p><\/font><\/span><span style=\"font-family: Symbol\"><span><font size=\"2\">\u00b7<\/font><span style=\"font: 7pt 'Times New Roman'\">\u00a0\u00a0\u00a0\u00a0\u00a0\u00a0\u00a0\u00a0 <\/span><\/span><\/span><span style=\"font-family: Verdana\"><font size=\"2\">Que se apegue a la legalidad y los derechos humanos y se abstenga de apostarle al recurso de la violencia.<o:p><\/o:p><\/font><\/span><span style=\"font-family: Symbol\"><span><font size=\"2\">\u00b7<\/font><span style=\"font: 7pt 'Times New Roman'\">\u00a0\u00a0\u00a0\u00a0\u00a0\u00a0\u00a0\u00a0 <\/span><\/span><\/span><span style=\"font-family: Verdana\"><font size=\"2\">Que no se utilice el dinero del erario p\u00fablico para favorecer al capital transnacional, sino a los municipios m\u00e1s pobres del mundo que est\u00e1n en el Estado de Guerrero.<o:p><\/o:p><\/font><\/span><span style=\"font-family: Verdana\"><o:p><font size=\"2\">\u00a0<\/font><\/o:p><\/span><span style=\"font-family: Verdana\"><o:p><font size=\"2\">\u00a0<\/font><\/o:p><\/span><span style=\"font-family: Verdana\"><o:p><font size=\"2\">\u00a0<\/font><\/o:p><\/span><\/p>\n","protected":false},"excerpt":{"rendered":"<p>DERECHOS HUMANOS DE LA MONTA\u00d1A \u00a0&#8211; Se insiste en imponer el proyecto por encima de la decisi\u00f3n de los pueblos. &#8211; Se pretende ignorar las resoluciones judiciales y las recomendaciones de la ONU. &#8211; La inversi\u00f3n de 12 mil millones se debe usa para sacar del laberinto de la pobreza a municipios marginados. Tlapa, Guerrero, [&hellip;]<\/p>\n","protected":false},"author":249,"featured_media":0,"comment_status":"open","ping_status":"closed","sticky":false,"template":"","format":"standard","meta":{"footnotes":""},"categories":[26],"tags":[],"class_list":["post-983","post","type-post","status-publish","format-standard","hentry","category-mundo"],"_links":{"self":[{"href":"http:\/\/eloficiodehistoriar.com.mx\/index.php?rest_route=\/wp\/v2\/posts\/983","targetHints":{"allow":["GET"]}}],"collection":[{"href":"http:\/\/eloficiodehistoriar.com.mx\/index.php?rest_route=\/wp\/v2\/posts"}],"about":[{"href":"http:\/\/eloficiodehistoriar.com.mx\/index.php?rest_route=\/wp\/v2\/types\/post"}],"author":[{"embeddable":true,"href":"http:\/\/eloficiodehistoriar.com.mx\/index.php?rest_route=\/wp\/v2\/users\/249"}],"replies":[{"embeddable":true,"href":"http:\/\/eloficiodehistoriar.com.mx\/index.php?rest_route=%2Fwp%2Fv2%2Fcomments&post=983"}],"version-history":[{"count":0,"href":"http:\/\/eloficiodehistoriar.com.mx\/index.php?rest_route=\/wp\/v2\/posts\/983\/revisions"}],"wp:attachment":[{"href":"http:\/\/eloficiodehistoriar.com.mx\/index.php?rest_route=%2Fwp%2Fv2%2Fmedia&parent=983"}],"wp:term":[{"taxonomy":"category","embeddable":true,"href":"http:\/\/eloficiodehistoriar.com.mx\/index.php?rest_route=%2Fwp%2Fv2%2Fcategories&post=983"},{"taxonomy":"post_tag","embeddable":true,"href":"http:\/\/eloficiodehistoriar.com.mx\/index.php?rest_route=%2Fwp%2Fv2%2Ftags&post=983"}],"curies":[{"name":"wp","href":"https:\/\/api.w.org\/{rel}","templated":true}]}}