{"id":984,"date":"2008-08-05T13:01:21","date_gmt":"2008-08-05T18:01:21","guid":{"rendered":"https:\/\/eloficiodehistoriar.com.mx\/?p=984"},"modified":"2008-08-05T13:06:07","modified_gmt":"2008-08-05T18:06:07","slug":"apaseo-el-grande","status":"publish","type":"post","link":"http:\/\/eloficiodehistoriar.com.mx\/?p=984","title":{"rendered":"Apaseo El Grande"},"content":{"rendered":"<p align=\"center\" style=\"text-align: center\"><strong><span style=\"font-size: 18pt; color: black; font-family: Arial\"><\/span><\/strong><\/p>\n<p align=\"center\" style=\"text-align: center\"><strong><span style=\"font-size: 18pt; color: black; font-family: Arial\"><\/span><\/strong><\/p>\n<p align=\"center\" style=\"text-align: center\"><strong><span style=\"font-size: 18pt; color: black; font-family: Arial\"><img decoding=\"async\" src=\"http:\/\/ts1.images.live.com\/images\/thumbnail.aspx?q=1574741085208&amp;id=94be534d642a79b3851ef100a9a29fff\" alt=\"apaseo02.jpg\" style=\"width: 140px; cursor: pointer; height: 105px\" title=\"apaseo02.jpg\" class=\"img_thumb\" \/>\u00a0<img decoding=\"async\" src=\"http:\/\/ts2.images.live.com\/images\/thumbnail.aspx?q=1601830716293&amp;id=754fc07d82271dd19dfba77773dcfd8b\" alt=\"apaseo04.JPG\" style=\"visibility: visible; width: 140px; cursor: pointer; height: 104px\" title=\"apaseo04.JPG\" class=\"img_thumb\" \/><img decoding=\"async\" src=\"http:\/\/ts4.images.live.com\/images\/thumbnail.aspx?q=1640142539255&amp;id=178c5f34c048cec38448b2a817323b59\" alt=\"fachadaexhda.jpg\" style=\"visibility: visible; width: 91px; cursor: pointer; height: 140px\" title=\"fachadaexhda.jpg\" class=\"img_thumb\" \/><img decoding=\"async\" src=\"http:\/\/ts3.images.live.com\/images\/thumbnail.aspx?q=1769919810394&amp;id=06dc340f84e05cff40b10d8aa2917868\" alt=\"AGENDA-APASEO1.jpg\" style=\"visibility: visible; width: 140px; cursor: pointer; height: 101px\" title=\"AGENDA-APASEO1.jpg\" class=\"img_thumb\" \/><\/span><\/strong><\/p>\n<p><strong><span style=\"font-size: 18pt; color: black; font-family: Arial\">Apaseo el Grande<\/span><\/strong><\/p>\n<p><strong><span style=\"font-size: 18pt; color: black; font-family: Arial\"><\/span><\/strong><\/p>\n<p><strong><span style=\"font-size: 18pt; color: black; font-family: Arial\"><\/span><\/strong><\/p>\n<p><strong><span style=\"font-size: 18pt; color: black; font-family: Arial\"><\/span><\/strong><\/p>\n<p><strong><span style=\"font-size: 18pt; color: black; font-family: Arial\"><\/span><\/strong><\/p>\n<p><strong><span style=\"font-size: 18pt; color: black; font-family: Arial\"><o:p><\/o:p><\/span><\/strong><span style=\"color: black; font-family: Arial\">Proviene del vocablo <em>Apatzeo<\/em> cuyo significado es &#8216;Lugar de Comadrejas&#8217;.<a name=\"Historia\" title=\"Historia\"><\/a><o:p><\/o:p><\/span><em><span style=\"color: black; font-family: Arial\">\u201cSu parte hist\u00f3rica<span>\u00a0 <\/span>se remonta a \u00e9pocas prehisp\u00e1nicas, cuando se dio la fundaci\u00f3n espa\u00f1ola ya exist\u00eda Apaseo o de Atlayahualco, Tierra rodeada de agua o lugar donde se hizo la paz\u201d<\/span><\/em><em><span style=\"color: black; font-family: Arial\"><\/span><\/em><\/p>\n<p><em><span style=\"color: black; font-family: Arial\"><\/span><\/em><\/p>\n<p><em><span style=\"color: black; font-family: Arial\"><\/span><\/em><\/p>\n<p><em><span style=\"color: black; font-family: Arial\"><\/span><\/em><\/p>\n<p><em><span style=\"color: black; font-family: Arial\"><o:p><\/o:p><\/span><\/em><em><span style=\"color: black; font-family: Arial\">\u201cAl hacerse la reducci\u00f3n de regulares en 1777, el curato se seculariz\u00f3, el templo se hab\u00eda comenzado a construir en 1690. El de <st1:personname ProductID=\"La Pastorcita\" w:st=\"on\">La Pastorcita<\/st1:personname> fue a fines del siglo XVlll, <st1:personname ProductID=\"La Sangre\" w:st=\"on\">La Sangre<\/st1:personname> de Cristo en <st1:metricconverter ProductID=\"1880\u201d\" w:st=\"on\">1880\u201d<\/st1:metricconverter>.<o:p><\/o:p><\/span><\/em><em><span style=\"color: black; font-family: Arial\">Do\u00f1a Beatriz de Tapia fue la m\u00e1s ilustre dama de Apaseo, les hizo a los ind\u00edgenas la donaci\u00f3n de tierras de la llamada Congregaci\u00f3n, con su agua y en su testamento dej\u00f3 para que se construyera holgadamente el Hospital de San Bartolo que se construy\u00f3 hasta <st1:metricconverter ProductID=\"1770\u201d\" w:st=\"on\">1770\u201d<\/st1:metricconverter><\/span><\/em><em><span style=\"color: black; font-family: Arial\"><st1:metricconverter ProductID=\"1770\u201d\" w:st=\"on\"><\/st1:metricconverter><\/span><\/em>\u00a0<\/p>\n<p><em><span style=\"color: black; font-family: Arial\"><st1:metricconverter ProductID=\"1770\u201d\" w:st=\"on\"><\/st1:metricconverter><\/span><\/em>\u00a0<\/p>\n<p><em><span style=\"color: black; font-family: Arial\"><st1:metricconverter ProductID=\"1770\u201d\" w:st=\"on\"><\/st1:metricconverter><\/span><\/em>\u00a0<\/p>\n<p><em><span style=\"color: black; font-family: Arial\"><st1:metricconverter ProductID=\"1770\u201d\" w:st=\"on\"><\/st1:metricconverter><\/span><\/em>\u00a0<\/p>\n<p><em><span style=\"color: black; font-family: Arial\"><st1:metricconverter ProductID=\"1770\u201d\" w:st=\"on\"><\/st1:metricconverter><o:p><\/o:p><\/span><\/em><span style=\"color: black; font-family: Arial\">La ciudad fue fundada en el a\u00f1o de 1536 con el reconocimiento del virrey Antonio de Mendoza, siendo as\u00ed el primer municipio de todo Guanajuato y el decimoprimero en ser fundado en M\u00e9xico. <\/span><span style=\"color: black; font-family: Arial\"><\/span><\/p>\n<p><span style=\"color: black; font-family: Arial\"><\/span><\/p>\n<p><span style=\"color: black; font-family: Arial\"><\/span><\/p>\n<p><span style=\"color: black; font-family: Arial\"><\/span><\/p>\n<p><span style=\"color: black; font-family: Arial\"><o:p><\/o:p><\/span><em><span style=\"color: black; font-family: Arial\">\u201cEl r\u00edo de Apaseo esta formado o tiene su origen en Quer\u00e9taro de los r\u00edos de Huimilpan y El Pueblito, del de <st1:personname ProductID=\"La Ca\u00f1ada\" w:st=\"on\">La Ca\u00f1ada<\/st1:personname> y de Chichimequillas, Esperanza y Tlacote, entra por <st1:personname ProductID=\"La Estancia\" w:st=\"on\">La Estancia<\/st1:personname> del Castillo, recibe los arroyos de Ixtla y San Bartolo, atraviesa por el acueducto del Nacimiento a la altura de M\u00e9ricos y va a dar al r\u00edo <st1:personname ProductID=\"La Laja\" w:st=\"on\">La Laja<\/st1:personname> o de Celaya\u201d<o:p><\/o:p><\/span><\/em><em><span style=\"color: black; font-family: Arial\">\u201cEl templo parroquial esta regularmente decorado, los adyacentes El de Las Tres Ca\u00eddas y Casa de Ejercicios. Tiene un bonito templo llamado <st1:personname ProductID=\"La Sangre\" w:st=\"on\">La Sangre<\/st1:personname> de Cristo y otro <st1:personname ProductID=\"La Pastorcita. En\" w:st=\"on\"><st1:personname ProductID=\"La Pastorcita.\" w:st=\"on\">La Pastorcita.<\/st1:personname> <\/st1:personname><\/span><\/em><em><span style=\"color: black; font-family: Arial\"><st1:personname ProductID=\"La Pastorcita. En\" w:st=\"on\">\u00a0<\/st1:personname><\/span><\/em><\/p>\n<p><em><span style=\"color: black; font-family: Arial\"><st1:personname ProductID=\"La Pastorcita. En\" w:st=\"on\">\u00a0<\/st1:personname><\/span><\/em><\/p>\n<p><em><span style=\"color: black; font-family: Arial\"><st1:personname ProductID=\"La Pastorcita. En\" w:st=\"on\">\u00a0<\/st1:personname><\/span><\/em><\/p>\n<p><em><span style=\"color: black; font-family: Arial\"><st1:personname ProductID=\"La Pastorcita. En\" w:st=\"on\">\u00a0<\/st1:personname><\/span><\/em><\/p>\n<p><em><span style=\"color: black; font-family: Arial\"><st1:personname ProductID=\"La Pastorcita. En\" w:st=\"on\">En<\/st1:personname> el barrio de Guadalupe se construy\u00f3 en la parte m\u00e1s alta de la loma una capilla\u201d<o:p><\/o:p><\/span><\/em><span style=\"color: black; font-family: Arial\"><o:p>\u00a0<\/o:p><\/span><span style=\"color: black; font-family: Arial\"><o:p><\/o:p><\/span>\u00a0<span style=\"color: black; font-family: Arial\"><o:p><\/o:p><\/span>\u00a0<span style=\"color: black; font-family: Arial\"><o:p><\/o:p><\/span>\u00a0<span style=\"color: black; font-family: Arial\"><o:p><\/o:p><\/span>\u00a0<span style=\"color: black; font-family: Arial\"><o:p><\/o:p><\/span><span style=\"color: black; font-family: Arial\">En 1865 la ciudad tuvo una fuerte influencia austriaca y belga, debido al asentamiento de estos inmigrantes.<o:p><\/o:p><\/span><a name=\"Geograf.C3.ADa\" title=\"Geograf.C3.ADa\"><\/a><span style=\"color: black; font-family: Arial\">Est\u00e1 situada<span>\u00a0 <\/span>sobre la margen derecha del curso fluvial del r\u00edo Quer\u00e9taro, afluente del r\u00edo <a href=\"http:\/\/es.wikipedia.org\/wiki\/La_Laja\" title=\"La Laja\"><span style=\"color: black; text-decoration: none; text-underline: none\">La Laja<\/span><\/a>, el cual desemboca en el r\u00edo <a href=\"http:\/\/es.wikipedia.org\/wiki\/Lerma\" title=\"Lerma\"><span style=\"color: black; text-decoration: none; text-underline: none\">Lerma<\/span><\/a>.<o:p><\/o:p><\/span><a name=\"Demograf.C3.ADa\" title=\"Demograf.C3.ADa\"><\/a><span style=\"color: black; font-family: Arial\">\u00a0<\/span><span style=\"color: black; font-family: Arial\"><\/span><\/p>\n<p><span style=\"color: black; font-family: Arial\"><\/span><\/p>\n<p><span style=\"color: black; font-family: Arial\"><\/span><\/p>\n<p><span style=\"color: black; font-family: Arial\"><\/span><\/p>\n<p><span style=\"color: black; font-family: Arial\">Seg\u00fan estudios del II Conteo de Poblaci\u00f3n y Vivienda del 2005, efectuado por el <a href=\"http:\/\/es.wikipedia.org\/wiki\/Instituto_Nacional_de_Estad%C3%ADstica_y_Geograf%C3%ADa\" title=\"Instituto Nacional de Estad\u00edstica y Geograf\u00eda\"><span style=\"color: black; text-decoration: none; text-underline: none\">Instituto Nacional de Estad\u00edstica y Geograf\u00eda<\/span><\/a>, el municipio de Apaseo el Grande cuenta con un total de El municipio cuenta con una poblaci\u00f3n total de 61,594 habitantes, de los cuales 29,919 son hombres y 31,675 son mujeres, de los cuales, 23,925 se concentran dentro de <st1:personname ProductID=\"la Cabecera Municipal\" w:st=\"on\">la Cabecera Municipal<\/st1:personname><\/span><\/p>\n<p><span style=\"color: black; font-family: Arial\"><st1:personname ProductID=\"la Cabecera Municipal\" w:st=\"on\"><\/st1:personname><\/span>\u00a0<\/p>\n<p><span style=\"color: black; font-family: Arial\"><st1:personname ProductID=\"la Cabecera Municipal\" w:st=\"on\"><\/st1:personname><\/span>\u00a0<\/p>\n<p><span style=\"color: black; font-family: Arial\"><st1:personname ProductID=\"la Cabecera Municipal\" w:st=\"on\"><\/st1:personname><\/span>\u00a0<\/p>\n<p><span style=\"color: black; font-family: Arial\"><st1:personname ProductID=\"la Cabecera Municipal\" w:st=\"on\"><\/st1:personname><\/span>\u00a0<\/p>\n<p><span style=\"color: black; font-family: Arial\"><st1:personname ProductID=\"la Cabecera Municipal\" w:st=\"on\"><\/st1:personname><o:p><\/o:p><\/span><span style=\"color: black; font-family: Arial\">La ciudad de Apaseo el Grande es un centro agr\u00edcola y ganadero, su agricultura se ha beneficiado de la construcci\u00f3n del distrito de riego del Alto Lerma. <o:p><\/o:p><\/span><span style=\"color: black; font-family: Arial\">Se cultiva jud\u00eda, trigo, aguacate, membrillo y ajo. <\/span><span style=\"color: black; font-family: Arial\"><\/span><\/p>\n<p><span style=\"color: black; font-family: Arial\"><\/span><\/p>\n<p><span style=\"color: black; font-family: Arial\"><\/span><\/p>\n<p><span style=\"color: black; font-family: Arial\"><\/span><\/p>\n<p><span style=\"color: black; font-family: Arial\"><o:p><\/o:p><\/span><span style=\"color: black; font-family: Arial\">Sus habitantes tambi\u00e9n cr\u00edan ganado porcino y caprino.<o:p><\/o:p><\/span><span style=\"color: black; font-family: Arial\">Entre los atractivos tur\u00edsticos destaca el palacio de Herrera, vulgarmente llamado &#8216;Casa de los Perros&#8217;, construcci\u00f3n colonial del siglo XVIII.<o:p><\/o:p><\/span><span style=\"font-family: Arial\">Su<span>\u00a0 <\/span>feria se realiza cada a\u00f1o como parte de la celebraci\u00f3n del Aniversario de la fundaci\u00f3n de la ciudad, con San Juan Bautista como patrono.\u00a0<o:p><\/o:p><\/span><span style=\"font-family: Arial\"><o:p>\u00a0<\/o:p><\/span><span style=\"font-family: Arial\"><o:p><\/o:p><\/span>\u00a0<span style=\"font-family: Arial\"><o:p><\/o:p><\/span>\u00a0<span style=\"font-family: Arial\"><o:p><\/o:p><\/span>\u00a0<span style=\"font-family: Arial\"><o:p><\/o:p><\/span>\u00a0<span style=\"font-family: Arial\"><o:p><\/o:p><\/span><span style=\"color: black; font-family: Arial\">La estaci\u00f3n del ferrocarril <o:p><\/o:p><\/span><span style=\"color: black; font-family: Arial\">Esta era una de las principales estaciones de estado de la cual se exportaba un cuarto de los productos del estado entre ellos comida y se usaba como una medio de transporte por habitantes de Apaseo el Grande como de ciudades fronterizas.<\/span><span style=\"color: black; font-family: Arial\"><\/span><\/p>\n<p><span style=\"color: black; font-family: Arial\"><\/span><\/p>\n<p><span style=\"color: black; font-family: Arial\"><\/span><\/p>\n<p><span style=\"color: black; font-family: Arial\"><\/span><\/p>\n<p><span style=\"color: black; font-family: Arial\"><o:p><\/o:p><\/span><span style=\"color: black; font-family: Arial\">Antonio Plaza Llamas: <o:p><\/o:p><\/span><span style=\"color: black; font-family: Arial\">Poeta, militar y periodista. Naci\u00f3 en San Juan del Llano, municipio de Apaseo el Grande el 2 de julio de 1833 y muri\u00f3 el 27 de agosto de 1882. En su \u00fanico libro de poes\u00edas, \u00c1lbum del Coraz\u00f3n, se encuentra la mayor parte de sus creaciones. Poemas como La voz del Inv\u00e1lido, a Mar\u00eda la del Cielo, a los muertos, Nada, Dos rivales, Flor de un d\u00eda, No te olvido y otros, calaron y perviven en el gusto de la gente sencilla que los sigue leyendo, memorizando y recitando. Y, qu\u00e9 decir de Pienso en ti y Blanca Rosa que se trata de fragmentos de otros poemas de Antonio Plaza que fueron escogidos por el trovador yucateco Guti C\u00e1rdenas para musicalizarlos y arreglarlos, y crear as\u00ed dos bell\u00edsimas canciones de puro romanticismo amoroso.<\/span><span style=\"color: black; font-family: Arial\"><\/span><\/p>\n<p><span style=\"color: black; font-family: Arial\"><\/span><\/p>\n<p><span style=\"color: black; font-family: Arial\"><\/span><\/p>\n<p><span style=\"color: black; font-family: Arial\"><\/span><\/p>\n<p><span style=\"color: black; font-family: Arial\"><o:p><\/o:p><\/span><span style=\"color: black; font-family: Arial\">Francisco Licea y Borja: <o:p><\/o:p><\/span><span style=\"color: black; font-family: Arial\">Presb\u00edtero y Licenciado. Benefactor insigne. Constructor de los templos de <st1:personname ProductID=\"la Preciosa Sangre\" w:st=\"on\">la Preciosa Sangre<\/st1:personname> y de <st1:personname ProductID=\"la Villita\" w:st=\"on\">la Villita<\/st1:personname>, al igual que de los portales del Jard\u00edn Hidalgo, y de <st1:personname ProductID=\"la Columna\" w:st=\"on\">la Columna<\/st1:personname> del Padre de <st1:personname ProductID=\"la Patria.\" w:st=\"on\">la Patria.<\/st1:personname><\/span><span style=\"color: black; font-family: Arial\"><st1:personname ProductID=\"la Patria.\" w:st=\"on\"><\/st1:personname><\/span>\u00a0<\/p>\n<p><span style=\"color: black; font-family: Arial\"><st1:personname ProductID=\"la Patria.\" w:st=\"on\"><\/st1:personname><\/span>\u00a0<\/p>\n<p><span style=\"color: black; font-family: Arial\"><st1:personname ProductID=\"la Patria.\" w:st=\"on\"><\/st1:personname><\/span>\u00a0<\/p>\n<p><span style=\"color: black; font-family: Arial\"><st1:personname ProductID=\"la Patria.\" w:st=\"on\"><\/st1:personname><\/span>\u00a0<\/p>\n<p><span style=\"color: black; font-family: Arial\"><st1:personname ProductID=\"la Patria.\" w:st=\"on\"><\/st1:personname><o:p><\/o:p><\/span><span style=\"color: black; font-family: Arial\">Jos\u00e9 Antonio Urquiza Septi\u00e9n: <o:p><\/o:p><\/span><span style=\"color: black; font-family: Arial\">Hacendado y fundador del movimiento sinarquista. <o:p><\/o:p><\/span><span style=\"color: black; font-family: Arial\">Un monumento a su memoria junto a <st1:personname ProductID=\"la Estaci?n\" w:st=\"on\">la Estaci\u00f3n<\/st1:personname> de Ferrocarriles marca como fecha de su muerte el 8 de abril de 1937.<o:p><\/o:p><\/span><\/p>\n","protected":false},"excerpt":{"rendered":"<p>\u00a0 Apaseo el Grande Proviene del vocablo Apatzeo cuyo significado es &#8216;Lugar de Comadrejas&#8217;.\u201cSu parte hist\u00f3rica\u00a0 se remonta a \u00e9pocas prehisp\u00e1nicas, cuando se dio la fundaci\u00f3n espa\u00f1ola ya exist\u00eda Apaseo o de Atlayahualco, Tierra rodeada de agua o lugar donde se hizo la paz\u201d \u201cAl hacerse la reducci\u00f3n de regulares en 1777, el curato se [&hellip;]<\/p>\n","protected":false},"author":249,"featured_media":0,"comment_status":"open","ping_status":"closed","sticky":false,"template":"","format":"standard","meta":{"footnotes":""},"categories":[9],"tags":[],"class_list":["post-984","post","type-post","status-publish","format-standard","hentry","category-otros-lugares"],"_links":{"self":[{"href":"http:\/\/eloficiodehistoriar.com.mx\/index.php?rest_route=\/wp\/v2\/posts\/984","targetHints":{"allow":["GET"]}}],"collection":[{"href":"http:\/\/eloficiodehistoriar.com.mx\/index.php?rest_route=\/wp\/v2\/posts"}],"about":[{"href":"http:\/\/eloficiodehistoriar.com.mx\/index.php?rest_route=\/wp\/v2\/types\/post"}],"author":[{"embeddable":true,"href":"http:\/\/eloficiodehistoriar.com.mx\/index.php?rest_route=\/wp\/v2\/users\/249"}],"replies":[{"embeddable":true,"href":"http:\/\/eloficiodehistoriar.com.mx\/index.php?rest_route=%2Fwp%2Fv2%2Fcomments&post=984"}],"version-history":[{"count":0,"href":"http:\/\/eloficiodehistoriar.com.mx\/index.php?rest_route=\/wp\/v2\/posts\/984\/revisions"}],"wp:attachment":[{"href":"http:\/\/eloficiodehistoriar.com.mx\/index.php?rest_route=%2Fwp%2Fv2%2Fmedia&parent=984"}],"wp:term":[{"taxonomy":"category","embeddable":true,"href":"http:\/\/eloficiodehistoriar.com.mx\/index.php?rest_route=%2Fwp%2Fv2%2Fcategories&post=984"},{"taxonomy":"post_tag","embeddable":true,"href":"http:\/\/eloficiodehistoriar.com.mx\/index.php?rest_route=%2Fwp%2Fv2%2Ftags&post=984"}],"curies":[{"name":"wp","href":"https:\/\/api.w.org\/{rel}","templated":true}]}}