{"id":989,"date":"2008-08-06T12:30:13","date_gmt":"2008-08-06T17:30:13","guid":{"rendered":"https:\/\/eloficiodehistoriar.com.mx\/?p=989"},"modified":"2008-08-06T12:30:13","modified_gmt":"2008-08-06T17:30:13","slug":"la-medicina-despersonalizada","status":"publish","type":"post","link":"http:\/\/eloficiodehistoriar.com.mx\/?p=989","title":{"rendered":"La medicina despersonalizada"},"content":{"rendered":"<p align=\"center\" style=\"margin: auto 0cm; text-align: center\" class=\"bullet\"><strong><span style=\"font-size: 18pt; font-family: Arial\"><\/span><\/strong><\/p>\n<p align=\"center\" style=\"margin: auto 0cm; text-align: center\" class=\"bullet\"><strong><span style=\"font-size: 18pt; font-family: Arial\"><img decoding=\"async\" src=\"http:\/\/ts2.images.live.com\/images\/thumbnail.aspx?q=2152126027153&amp;id=f4a5893df792fdc53cfb1c5c43ba8e8a\" alt=\"pacientes_8.jpg\" style=\"visibility: visible; width: 140px; cursor: pointer; height: 104px\" title=\"pacientes_8.jpg\" class=\"img_thumb\" \/>\u00a0<img decoding=\"async\" src=\"http:\/\/ts4.images.live.com\/images\/thumbnail.aspx?q=2308691525783&amp;id=8a2d37c97a9a0ae58da9bcc68ee344d6\" alt=\"ciclotron.jpg\" style=\"visibility: visible; width: 140px; cursor: pointer; height: 92px\" title=\"ciclotron.jpg\" class=\"img_thumb\" \/><img loading=\"lazy\" decoding=\"async\" width=\"135\" src=\"http:\/\/ts4.images.live.com\/images\/thumbnail.aspx?q=2474575859267&amp;id=42edb517b00de82d232c8fb35ad4d948\" alt=\"309c.JPG\" height=\"160\" style=\"visibility: visible; width: 118px; cursor: pointer; height: 140px\" title=\"309c.JPG\" class=\"img_thumb\" \/><\/span><\/strong><\/p>\n<p align=\"center\" style=\"margin: auto 0cm; text-align: center\" class=\"bullet\"><strong><span style=\"font-size: 18pt; font-family: Arial\"><\/span><\/strong><\/p>\n<p align=\"center\" style=\"margin: auto 0cm; text-align: center\" class=\"bullet\"><strong><span style=\"font-size: 18pt; font-family: Arial\">El cuerpo como m\u00e1quina, <\/span><\/strong><\/p>\n<p align=\"center\" style=\"margin: auto 0cm; text-align: center\" class=\"bullet\"><strong><span style=\"font-size: 18pt; font-family: Arial\"><\/span><\/strong><\/p>\n<p><strong><span style=\"font-size: 18pt; font-family: Arial\">y los m\u00e9dicos como los t\u00e9cnicos<o:p><\/o:p><\/span><\/strong><strong><span style=\"font-family: Arial\"><o:p><\/o:p><\/span><\/strong><\/p>\n<p style=\"margin: auto 0cm; text-align: justify\" class=\"bullet\"><span style=\"font-family: Arial\"><span><\/span><\/span><\/p>\n<p><span style=\"font-family: Arial\"><span><\/span>\u201cEl m\u00e9dico era una especie de hombre sabio, que no s\u00f3lo curaba las enfermedades, sino aconsejaba, ten\u00eda una visi\u00f3n de la vida, del porqu\u00e9 estamos aqu\u00ed y de c\u00f3mo consolarnos cuando sufrimos. Ahora es el t\u00e9cnico que compone la maquinaria descompuesta\u201d.<o:p><\/o:p><\/span><\/p>\n<p style=\"text-align: justify\"><span style=\"font-family: Arial\"><\/span><\/p>\n<p><span style=\"font-family: Arial\">\u201cHa habido un tremendo avance tecnol\u00f3gico\u201d, y en los pa\u00edses industrializados se concibe al cuerpo \u201ccomo mera maquinaria, un reloj con sus ruedecillas y sus engranajes\u201d.<o:p><\/o:p><\/span><\/p>\n<p style=\"border-right: medium none; border-top: medium none; border-left: medium none; border-bottom: #dddddd 1pt solid; padding: 0cm\">\n<h1 style=\"margin: 0cm 0cm 3pt\"><span style=\"font-size: 12pt; font-family: Arial\"><\/span><\/h1>\n<h1 style=\"margin: 0cm 0cm 3pt\"><span style=\"font-size: 12pt; font-family: Arial\">\u201cPara la medicina ya no hay alma, s\u00f3lo estados bioqu\u00edmicos\u201d<o:p><\/o:p><\/span><\/h1>\n<p style=\"margin: auto 0cm; text-align: justify\" class=\"bullet\"><span style=\"font-family: Arial\"><\/span><\/p>\n<p><span style=\"font-family: Arial\">El Dr. Francisco Gonz\u00e1lez Cursi a sus 72 a\u00f1os y 50 de ellos ejerciendo la medicina en los Estados Unidos, en Chicago y con especialidad en patolog\u00eda, se\u00f1ala<span>\u00a0 <\/span>la deshumanizaci\u00f3n de la profesi\u00f3n de m\u00e9dico.<o:p><\/o:p><\/span><\/p>\n<p style=\"text-align: justify\"><span style=\"font-family: Arial\"><\/span><\/p>\n<p><span style=\"font-family: Arial\">Falta<span>\u00a0 <\/span>sensibilidad en los m\u00e9dicos, la gente espera m\u00e1s de ellos. Dice.<o:p><\/o:p><\/span><\/p>\n<p style=\"text-align: justify\"><span style=\"font-family: Arial\"><\/span><\/p>\n<p><span style=\"font-family: Arial\">Los enfermos en un hospital son percibidos como meras maquinarias que pasan por una banda industrial, y los m\u00e9dicos son los t\u00e9cnicos.<o:p><\/o:p><\/span><\/p>\n<p style=\"text-align: justify\"><span style=\"font-family: Arial\"><\/span><\/p>\n<p><span style=\"font-family: Arial\">\u201cLas aseguradoras han jugado un papel en el deterioro del rol del profesional: Si un m\u00e9dico a la vieja usanza dice que para entender a un paciente \u2018mejor me voy a sentar a platicar con \u00e9l para ver c\u00f3mo le va en su vida\u2019, ese tiempo, para las aseguradoras,<span>\u00a0 <\/span>\u2018no es reembolsable\u2019\u201d.<o:p><\/o:p><\/span><\/p>\n<p style=\"text-align: justify\"><span style=\"font-family: Arial\"><\/span><\/p>\n<p><span style=\"font-family: Arial\">\u201cEl cuerpo, en efecto, en gran medida es m\u00e1quina. Mientras m\u00e1s lo estudiamos, m\u00e1s comprendemos lo intrincado que es, y en mayor medida podemos intervenir y modificarlo, hasta el punto de que ya se puede meter un gen. El cuerpo es m\u00e1quina hasta el punto en que podemos intervenir en su construcci\u00f3n. Eso s\u00ed que es nuevo\u201d.<o:p><\/o:p><\/span><\/p>\n<p style=\"text-align: justify\"><span style=\"font-family: Arial\"><\/span><\/p>\n<p><span style=\"font-family: Arial\">\u201cPero somos m\u00e1s que la pura m\u00e1quina. Somos nuestra historia, nuestros recuerdos, las emociones, la visi\u00f3n del futuro, que no est\u00e1n en ning\u00fan lado de la m\u00e1quina. La idea no es m\u00eda: somos m\u00e1s que nosotros, y la humanidad s\u00f3lo se alcanza viviendo en sociedad.\u201d<o:p><\/o:p><\/span><\/p>\n<p style=\"text-align: justify\"><span style=\"font-family: Arial\"><\/span><\/p>\n<p><span style=\"font-family: Arial\">\u201cPero el ser humano es m\u00e1s que el cuerpo. La sique o el alma; ahora no es m\u00e1s que el resultado de reacciones bioqu\u00edmicas que pasan por el cerebro. Ya no hay emociones, amor, nom\u00e1s estados bioqu\u00edmicos, por lo tanto, sale sobrando el hombre sabio, <span>\u00a0<\/span>basta tener un t\u00e9cnico\u201d.<o:p><\/o:p><\/span><\/p>\n<p style=\"text-align: justify\"><span style=\"font-family: Arial\"><span><\/span><\/span><\/p>\n<p><span style=\"font-family: Arial\"><span>\u00a0<\/span>\u201cEl m\u00e9dico no tiene la formaci\u00f3n human\u00edstica para hacerlo bien. En Estados Unidos es peor porque se le pide al estudiante de medicina que curse tantas materias que demandan tanto tiempo, pero cuando s\u00ed tienen clases relacionadas con la \u00e9tica biom\u00e9dica o con algo que les d\u00e9 una visi\u00f3n human\u00edstica, <span>\u00a0<\/span>se interpreta como cursos f\u00e1ciles y a los maestros se les llama barcos\u201d.<o:p><\/o:p><\/span><\/p>\n<p style=\"text-align: justify\"><span style=\"font-family: Arial\"><\/span><\/p>\n<p><span style=\"font-family: Arial\">\u201cPara responder a su funci\u00f3n como m\u00e9dico les basta saber considerar al hombre una m\u00e1quina. As\u00ed los han formado\u201d.<o:p><\/o:p><\/span><\/p>\n<p style=\"text-align: justify\"><span style=\"font-family: Arial\"><\/span><\/p>\n<p><span style=\"font-family: Arial\">\u201c \u00bfC\u00f3mo va a cambiar esto? No s\u00e9. Va a cambiar, porque ahora los m\u00e9dicos se est\u00e1n dando cuenta de que la gente espera algo m\u00e1s de ellos.\u201d<o:p><\/o:p><\/span><\/p>\n<p style=\"text-align: justify\"><span style=\"font-family: Arial\"><\/span><\/p>\n<p><span style=\"font-family: Arial\">\u201cHoy, la muerte se enfrenta de un modo muy distinto: Antes, uno estaba rodeado de la familia, era la buena muerte despu\u00e9s de una vida rica y uno pod\u00eda decir algunas palabras de sabidur\u00eda para los que quedan vivos. Hoy no puede uno decir ni palabra porque est\u00e1 uno entubado, con electrodos. Hay alguien que le llama \u2018la extremaunci\u00f3n tecnol\u00f3gica\u2019, es el nuevo estilo de muerte\u201d.<o:p><\/o:p><\/span><\/p>\n<p style=\"text-align: justify\"><span style=\"font-family: Arial\"><\/span><\/p>\n<p><span style=\"font-family: Arial\">El paciente, no debe esperar respuestas finales, ni aspectos religiosos.<o:p><\/o:p><\/span><\/p>\n<p style=\"text-align: justify\"><span style=\"font-family: Arial\"><span><\/span><\/span><\/p>\n<p><span style=\"font-family: Arial\"><span>\u00a0<\/span>\u201cVe\u00eda que todos los mejores m\u00e9dicos de M\u00e9xico ven\u00edan con entrenamiento de Estados Unidos. De los que m\u00e1s admiraba yo, uno todav\u00eda est\u00e1 vivo, el doctor (Ruy) P\u00e9rez Tamayo. <o:p><\/o:p><\/span><\/p>\n<p style=\"text-align: justify\"><span style=\"font-family: Arial\"><\/span><\/p>\n<p><span style=\"font-family: Arial\">No fue mi profesor, pero cuando lo ve\u00eda en las conferencias me deslumbraba: joven y elocuente, tra\u00eda una visi\u00f3n din\u00e1mica de la patolog\u00eda, m\u00e1s experimental. Hab\u00eda tra\u00eddo todo eso de Estados Unidos. Y dije, \u2018me voy a Estados Unidos\u2019\u201d.<o:p><\/o:p><\/span><\/p>\n<p style=\"text-align: justify\"><span style=\"font-family: Arial\"><\/span><\/p>\n<p><span style=\"font-family: Arial\">\u201cLa antorcha de la patolog\u00eda hab\u00eda pasado de Alemania a Estados Unidos. All\u00e1 fui con el objeto de especializarme en patolog\u00eda y regresar a trabajar. Pero no era f\u00e1cil: no hab\u00eda empleo\u201d, as\u00ed que decid\u00ed quedarme un a\u00f1o \u201cmientras consegu\u00eda una buena chamba. Pero la vida se complica, el regreso se hace m\u00e1s dif\u00edcil a medida que los a\u00f1os pasan\u201d.<o:p><\/o:p><\/span><\/p>\n<p style=\"text-align: justify\"><span style=\"font-family: Arial\"><\/span><\/p>\n<p><span style=\"font-family: Arial\">Respecto de si creo que las emociones se plasman en el cuerpo, opin\u00f3: \u201cEstoy convencido de que as\u00ed es. Antes dec\u00edan que eso del coraz\u00f3n roto era pura met\u00e1fora, pero hoy se ha visto que una gran decepci\u00f3n, la p\u00e9rdida de un ser querido o un gran terror puede lesionarlo. Hay estudios que muestran una parte del coraz\u00f3n contra\u00edda y que nom\u00e1s la otra parte late\u201d, y \u201cse ven peque\u00f1as zonas de muerte del \u00f3rgano.<o:p><\/o:p><\/span><\/p>\n<p style=\"text-align: justify\"><span style=\"font-family: Arial\"><\/span><\/p>\n<p><span style=\"font-family: Arial\">\u201cAs\u00ed como el cuerpo se modifica con las emociones negativas, creo que tambi\u00e9n con las positivas: la felicidad, el amor, la amistad, aumentan la vitalidad. Pero de eso no conozco estudios cient\u00edficos.\u201d<o:p><\/o:p><\/span><\/p>\n<p style=\"text-align: justify\"><span style=\"font-family: Arial\"><\/span><\/p>\n<p><span style=\"font-family: Arial\">O sea que nuestra intuici\u00f3n colectiva es sabia.<o:p><\/o:p><\/span><\/p>\n<p style=\"text-align: justify\"><span style=\"font-family: Arial\"><\/span><\/p>\n<p><span style=\"font-family: Arial\">As\u00ed es, pero por supuesto que la \u00faltima palabra la tienen los cient\u00edficos, que lo comprueban de forma contundente y para todos.<o:p><\/o:p><\/span><o:p><font face=\"Times New Roman\">\u00a0<\/font><\/o:p><\/p>\n","protected":false},"excerpt":{"rendered":"<p>\u00a0 El cuerpo como m\u00e1quina, y los m\u00e9dicos como los t\u00e9cnicos \u201cEl m\u00e9dico era una especie de hombre sabio, que no s\u00f3lo curaba las enfermedades, sino aconsejaba, ten\u00eda una visi\u00f3n de la vida, del porqu\u00e9 estamos aqu\u00ed y de c\u00f3mo consolarnos cuando sufrimos. Ahora es el t\u00e9cnico que compone la maquinaria descompuesta\u201d. \u201cHa habido un [&hellip;]<\/p>\n","protected":false},"author":249,"featured_media":0,"comment_status":"open","ping_status":"closed","sticky":false,"template":"","format":"standard","meta":{"footnotes":""},"categories":[26],"tags":[],"class_list":["post-989","post","type-post","status-publish","format-standard","hentry","category-mundo"],"_links":{"self":[{"href":"http:\/\/eloficiodehistoriar.com.mx\/index.php?rest_route=\/wp\/v2\/posts\/989","targetHints":{"allow":["GET"]}}],"collection":[{"href":"http:\/\/eloficiodehistoriar.com.mx\/index.php?rest_route=\/wp\/v2\/posts"}],"about":[{"href":"http:\/\/eloficiodehistoriar.com.mx\/index.php?rest_route=\/wp\/v2\/types\/post"}],"author":[{"embeddable":true,"href":"http:\/\/eloficiodehistoriar.com.mx\/index.php?rest_route=\/wp\/v2\/users\/249"}],"replies":[{"embeddable":true,"href":"http:\/\/eloficiodehistoriar.com.mx\/index.php?rest_route=%2Fwp%2Fv2%2Fcomments&post=989"}],"version-history":[{"count":0,"href":"http:\/\/eloficiodehistoriar.com.mx\/index.php?rest_route=\/wp\/v2\/posts\/989\/revisions"}],"wp:attachment":[{"href":"http:\/\/eloficiodehistoriar.com.mx\/index.php?rest_route=%2Fwp%2Fv2%2Fmedia&parent=989"}],"wp:term":[{"taxonomy":"category","embeddable":true,"href":"http:\/\/eloficiodehistoriar.com.mx\/index.php?rest_route=%2Fwp%2Fv2%2Fcategories&post=989"},{"taxonomy":"post_tag","embeddable":true,"href":"http:\/\/eloficiodehistoriar.com.mx\/index.php?rest_route=%2Fwp%2Fv2%2Ftags&post=989"}],"curies":[{"name":"wp","href":"https:\/\/api.w.org\/{rel}","templated":true}]}}