{"id":990,"date":"2008-08-06T12:39:21","date_gmt":"2008-08-06T17:39:21","guid":{"rendered":"https:\/\/eloficiodehistoriar.com.mx\/?p=990"},"modified":"2008-08-06T12:39:21","modified_gmt":"2008-08-06T17:39:21","slug":"sanatorio-del-sagrado-corazon-en-queretaro","status":"publish","type":"post","link":"http:\/\/eloficiodehistoriar.com.mx\/?p=990","title":{"rendered":"Sanatorio del Sagrado Coraz\u00f3n en Quer\u00e9taro"},"content":{"rendered":"<p align=\"center\" style=\"margin: 0cm 0cm 0pt; text-align: center\" class=\"estilo4\"><span style=\"font-size: 18pt; color: black; font-family: Arial\"><\/span><\/p>\n<p align=\"center\" style=\"margin: 0cm 0cm 0pt; text-align: center\" class=\"estilo4\"><span style=\"font-size: 18pt; color: black; font-family: Arial\"><img loading=\"lazy\" decoding=\"async\" width=\"74\" src=\"http:\/\/ts1.images.live.com\/images\/thumbnail.aspx?q=2231358591924&amp;id=f3a4d696179b1421af0e948111f4d148\" alt=\"musleman.gif\" height=\"160\" style=\"visibility: visible; width: 64px; cursor: pointer; height: 140px\" title=\"musleman.gif\" class=\"img_thumb\" \/>\u00a0<img loading=\"lazy\" decoding=\"async\" width=\"113\" src=\"http:\/\/ts1.images.live.com\/images\/thumbnail.aspx?q=2310403219244&amp;id=061eb0b200e97e9864e0114710c03c77\" alt=\"7curfin04.jpg\" height=\"160\" style=\"visibility: visible; width: 98px; cursor: pointer; height: 140px\" title=\"7curfin04.jpg\" class=\"img_thumb\" \/><img decoding=\"async\" src=\"http:\/\/ts2.images.live.com\/images\/thumbnail.aspx?q=1502754767457&amp;id=10ee9ed3dd9632f23659e90a7c02c93d\" alt=\"doctor.gif\" style=\"visibility: visible; width: 92px; cursor: pointer; height: 140px\" title=\"doctor.gif\" class=\"img_thumb\" \/><\/span><\/p>\n<p align=\"center\" style=\"margin: 0cm 0cm 0pt; text-align: center\" class=\"estilo4\"><span style=\"font-size: 18pt; color: black; font-family: Arial\"><\/span><\/p>\n<p align=\"center\" style=\"margin: 0cm 0cm 0pt; text-align: center\" class=\"estilo4\"><span style=\"font-size: 18pt; color: black; font-family: Arial\">Sanatorio del Sagrado Coraz\u00f3n<\/span><\/p>\n<p align=\"center\" style=\"margin: 0cm 0cm 0pt; text-align: center\" class=\"estilo4\"><span style=\"font-size: 18pt; color: black; font-family: Arial\"><\/span><\/p>\n<p align=\"center\" style=\"margin: 0cm 0cm 0pt; text-align: center\" class=\"estilo4\"><span style=\"font-size: 18pt; color: black; font-family: Arial\"><\/span><\/p>\n<p><span style=\"font-size: 18pt; color: black; font-family: Arial\">\u00a0en Quer\u00e9taro<o:p><\/o:p><\/span><\/p>\n<p style=\"margin: 0cm 0cm 0pt\" class=\"estilo4\">&nbsp;<\/p>\n<p style=\"margin: 0cm 0cm 0pt; text-align: justify\" class=\"estilo4\"><span style=\"color: black; font-family: Arial\"><\/span><\/p>\n<p><span style=\"color: black; font-family: Arial\">La ciudad de Quer\u00e9taro fue grandiosa, hermosa, pero soberbia, de ah\u00ed que se dividi\u00f3 en dos partes; la primera era un bando y a la segunda le dec\u00edan \u00abel otro bando\u00bb.<o:p><\/o:p><\/span><span style=\"color: black; font-family: Arial\"><o:p>\u00a0<\/o:p><\/span><\/p>\n<p style=\"margin: 0cm 0cm 0pt; text-align: justify\" class=\"estilo4\"><span style=\"color: black; font-family: Arial\"><\/span><\/p>\n<p><span style=\"color: black; font-family: Arial\">La primera correspond\u00eda a todo el centro, lo que ahora es Plaza de Armas y la segunda estaba representada por los pobres, aquellos que eran poco para la gran ciudad, donde no hab\u00eda servicios de ninguna clase, ni siquiera de los m\u00e1s b\u00e1sicos para sobrevivir, como el agua.<o:p><\/o:p><\/span><span style=\"color: black; font-family: Arial\"><o:p>\u00a0<\/o:p><\/span><\/p>\n<p style=\"margin: 0cm 0cm 0pt; text-align: justify\" class=\"estilo4\"><span style=\"color: black; font-family: Arial\"><\/span><\/p>\n<p><span style=\"color: black; font-family: Arial\">En el lugar donde se encontraba el segundo bando, en el a\u00f1o de 1718, los religiosos franciscanos edificaron el templo de San Sebasti\u00e1n, que en la actualidad conserva su nombre, al norte del r\u00edo Quer\u00e9taro. El templo de San Sebasti\u00e1n fue el segundo en Quer\u00e9taro despu\u00e9s del de San Francisco.<o:p><\/o:p><\/span><span style=\"color: black; font-family: Arial\"><o:p>\u00a0<\/o:p><\/span><\/p>\n<p style=\"margin: 0cm 0cm 0pt; text-align: justify\" class=\"estilo4\"><span style=\"color: black; font-family: Arial\"><\/span><\/p>\n<p><span style=\"color: black; font-family: Arial\">En 1720 el templo de San Sebasti\u00e1n fue erigido en parroquia y su jurisdicci\u00f3n se extendi\u00f3 hasta el pueblo de San Pedro de <st1:personname ProductID=\"la Ca?ada\" w:st=\"on\">la Ca\u00f1ada<\/st1:personname> y el templo franciscano de esa regi\u00f3n se convirti\u00f3 en Vicar\u00eda de San Sebasti\u00e1n.<o:p><\/o:p><\/span><span style=\"color: black; font-family: Arial\"><o:p>\u00a0<\/o:p><\/span><\/p>\n<p style=\"margin: 0cm 0cm 0pt; text-align: justify\" class=\"estilo4\"><span style=\"color: black; font-family: Arial\"><\/span><\/p>\n<p><span style=\"color: black; font-family: Arial\">A principios de siglo en el templo de San Sebasti\u00e1n se encontraba un hombre llamado Felipe N. Sevilla, nacido en el otro bando en el a\u00f1o de 1858, formado en nuestro Seminario Conciliar. En 1885 se hizo cargo de la parroquia de San Sebasti\u00e1n y desde esa fecha se dedic\u00f3 a hacer en ella todo el bien posible a sus feligreses con su abnegaci\u00f3n ejemplar.<o:p><\/o:p><\/span><span style=\"color: black; font-family: Arial\"><o:p>\u00a0<\/o:p><\/span><\/p>\n<p style=\"margin: 0cm 0cm 0pt; text-align: justify\" class=\"estilo4\"><span style=\"color: black; font-family: Arial\"><\/span><\/p>\n<p><span style=\"color: black; font-family: Arial\">\u00c9l era un hombre bajito, trigue\u00f1o, que no ten\u00eda la apariencia grandiosa y majestuosa de los grandes personajes que trabajaron en Quer\u00e9taro, pero ten\u00eda un gran coraz\u00f3n, era muy amoroso y muy activo.<o:p><\/o:p><\/span><span style=\"color: black; font-family: Arial\"><o:p>\u00a0<\/o:p><\/span><\/p>\n<p style=\"margin: 0cm 0cm 0pt; text-align: justify\" class=\"estilo4\"><span style=\"color: black; font-family: Arial\"><\/span><\/p>\n<p><span style=\"color: black; font-family: Arial\">El d\u00eda 4 de octubre de 1891 el cura de la parroquia de San Sebasti\u00e1n Don Felipe N. Sevilla, d\u00e1ndose cuenta que en la inmensidad de su feligres\u00eda no hab\u00eda un lugar para atender a los much\u00edsimos enfermos que mor\u00edan sin auxilios materiales, menos espirituales, tanto mujeres como hombres, ni\u00f1os y ancianos. Ya que para obtener alguna ayuda ten\u00edan que recorrer hacia el poniente de la ciudad grandes distancias en busca de la salud, entonces dio principio a la construcci\u00f3n de un gran edificio como anexo a la parroquia, con planos y direcci\u00f3n del Ingeniero Don Lorenzo Corona.<o:p><\/o:p><\/span><span style=\"color: black; font-family: Arial\"><o:p>\u00a0<\/o:p><\/span><\/p>\n<p style=\"margin: 0cm 0cm 0pt; text-align: justify\" class=\"estilo4\"><span style=\"color: black; font-family: Arial\"><\/span><\/p>\n<p><span style=\"color: black; font-family: Arial\">A finales de 1892 el edificio qued\u00f3 todo terminado y el Sr. Cura Sevilla fund\u00f3 ah\u00ed el Hospital Sagrado Coraz\u00f3n de Jes\u00fas, que tambi\u00e9n funcionaba como asilo de ancianos. A su iniciativa se form\u00f3 en el barrio de San Sebasti\u00e1n un cementerio cat\u00f3lico, levant\u00f3 una casa frente al Hospital para poner en ella la escuela de canto cuyo fin organiz\u00f3 con regular orfe\u00f3n. Con esp\u00edritu eminentemente caritativo, cristiano, cat\u00f3lico, el padre Sevilla asumi\u00f3 esta realidad y empez\u00f3 a trabajar. Comenz\u00f3 sin nada. S\u00f3lo con una extraordinaria fe. Empez\u00f3 a levantar el Hospital y d\u00eda con d\u00eda iba por todos los rumbos solicitando auxilios econ\u00f3micos, objetos para transformarlos en algo \u00fatil.<o:p><\/o:p><\/span><span style=\"color: black; font-family: Arial\"><o:p>\u00a0<\/o:p><\/span><\/p>\n<p style=\"margin: 0cm 0cm 0pt; text-align: justify\" class=\"estilo4\"><span style=\"color: black; font-family: Arial\"><\/span><\/p>\n<p><span style=\"color: black; font-family: Arial\">Fue en 1908 cuando abre sus puertas y presta los servicios a todos los que necesitaban, que tem\u00edan acercarse aqu\u00ed por su elegancia, pues pensaban que se les iba a cobrar mucho, cosa que fue todo lo contrario. Al estar terminando el Hospital el padre Sevilla pens\u00f3 en qui\u00e9n atendiese la obra que con grandes sacrificios, humillaciones y desvelos hab\u00eda levantado y sobre todo que se llevara a cabo el fin para el cual se pens\u00f3, atender a los enfermos sin que representase ninguna erogaci\u00f3n para quien no ten\u00eda nada.<o:p><\/o:p><\/span><span style=\"color: black; font-family: Arial\"><o:p>\u00a0<\/o:p><\/span><\/p>\n<p style=\"margin: 0cm 0cm 0pt; text-align: justify\" class=\"estilo4\"><span style=\"color: black; font-family: Arial\"><\/span><\/p>\n<p><span style=\"color: black; font-family: Arial\">Estando en el Hospital de Santa Rosa de Viterbo las Hermanas Josefinas despu\u00e9s de los hermanos Hospitalarios, y viviendo su calidad de entrega, el padre Felipe Sevilla pens\u00f3 que nadie pod\u00eda atender mejor a estos desdichados del otro bando que las hermanas Josefinas, distinguidas ellas por la caridad y profunda humildad.<o:p><\/o:p><\/span><\/p>\n<p style=\"margin: 0cm 0cm 0pt; text-align: justify\" class=\"estilo4\"><span style=\"color: black; font-family: Arial\"><\/span><\/p>\n<p style=\"margin: 0cm 0cm 0pt; text-align: justify\" class=\"estilo4\"><span style=\"color: black; font-family: Arial\"><\/span><\/p>\n<p><span style=\"color: black; font-family: Arial\">Y fue as\u00ed como el 27 de julio de 1908 iniciaron su obra apost\u00f3lica las madres: Josefina Mart\u00ednez, Josefina Leita, Antonia Toledo y Josefina Rosas.<o:p><\/o:p><\/span><span style=\"color: black; font-family: Arial\"><o:p>\u00a0<\/o:p><\/span><\/p>\n<p style=\"margin: 0cm 0cm 0pt; text-align: justify\" class=\"estilo4\"><span style=\"color: black; font-family: Arial\"><\/span><\/p>\n<p style=\"margin: 0cm 0cm 0pt; text-align: justify\" class=\"estilo4\"><span style=\"color: black; font-family: Arial\"><\/span><\/p>\n<p><span style=\"color: black; font-family: Arial\">Tras de penosa y molesta enfermedad muri\u00f3 el 27 de diciembre de 1908 el padre Felipe N. Sevilla. Su modestia y habitual humildad hicieron fuese querido por todos los que lo conocieron.<o:p><\/o:p><\/span><span style=\"color: black; font-family: Arial\"><o:p>\u00a0<\/o:p><\/span><\/p>\n<p style=\"margin: 0cm 0cm 0pt; text-align: justify\" class=\"estilo4\"><span style=\"color: black; font-family: Arial\"><\/span><\/p>\n<p style=\"margin: 0cm 0cm 0pt; text-align: justify\" class=\"estilo4\"><span style=\"color: black; font-family: Arial\"><\/span><\/p>\n<p><span style=\"color: black; font-family: Arial\">En tiempos de la revoluci\u00f3n por ser un hospital atendido por religiosas y Dios, el Hospital del Sagrado Coraz\u00f3n de Jes\u00fas fue fuertemente atacado, pero el mism\u00edsimo Venustiano Carranza defendi\u00f3 el lugar y a las personas que lo aten\u00edan por ser dignas de respeto.<o:p><\/o:p><\/span><span style=\"color: black; font-family: Arial\"><o:p>\u00a0<\/o:p><\/span><\/p>\n<p style=\"margin: 0cm 0cm 0pt; text-align: justify\" class=\"estilo4\"><span style=\"color: black; font-family: Arial\"><\/span><\/p>\n<p><span style=\"color: black; font-family: Arial\">El 3 de noviembre de 1912 se inici\u00f3 la construcci\u00f3n de la capilla que es hermosa y valiosa en su construcci\u00f3n. Con unos vitrales de alta calidad ya que ni el sol con el correr de los a\u00f1os ha podido despintar. Y el 29 de junio de 1920 fue la bendici\u00f3n por el Excelent\u00edsimo Sr. Don Francisco Benegas.<o:p><\/o:p><\/span><span style=\"color: black; font-family: Arial\"><o:p>\u00a0<\/o:p><\/span><\/p>\n<p style=\"margin: 0cm 0cm 0pt; text-align: justify\" class=\"estilo4\"><span style=\"color: black; font-family: Arial\"><\/span><\/p>\n<p><span style=\"color: black; font-family: Arial\">En 1015, en las batallas de Carranza y Villa los templos San Sebasti\u00e1n, Santa Rosa de Viterbo y San Francisco se convirtieron en hospitales de sangre, ya que all\u00ed llegaban los heridos para recibir atenci\u00f3n de las hermanas Josefinas. El 5 de febrero cuando se promulg\u00f3 <st1:personname ProductID=\"la Constituci?n\" w:st=\"on\">la Constituci\u00f3n<\/st1:personname> el hospital abre sus puertas totalmente a todos los enfermos afectados a causa de las graves epidemias que azotaban al pueblo y en 1919 el \u00edndice de pacientes con enfermedades infecciosas aument\u00f3 considerablemente, siendo este un gran motivo para querer cerrarlo, pero estos esfuerzos fueron en vano.<o:p><\/o:p><\/span><span style=\"color: black; font-family: Arial\"><o:p>\u00a0<\/o:p><\/span><\/p>\n<p style=\"margin: 0cm 0cm 0pt; text-align: justify\" class=\"estilo4\"><span style=\"color: black; font-family: Arial\"><\/span><\/p>\n<p style=\"margin: 0cm 0cm 0pt; text-align: justify\" class=\"estilo4\"><span style=\"color: black; font-family: Arial\"><\/span><\/p>\n<p><span style=\"color: black; font-family: Arial\">En 1926, tiempo de <st1:personname ProductID=\"la Revoluci?n Cristera\" w:st=\"on\">la Revoluci\u00f3n Cristera<\/st1:personname> otro motivo de acabar con \u00e9l era porque ocultaba a estos y los ayudaba. Este hospitalito como se le llamaba, atend\u00eda casi en su totalidad con la caridad del pueblo. El ataque que m\u00e1s violento tuvo fue cuando sus enemigos pretend\u00edan desterrar a las hermanas y el arma que utilizaron fue quit\u00e1ndoles toda ayuda y comprensi\u00f3n, debido a que \u00e9stas eran la base de su subsistencia. Nuevamente los intentos por acabarlo no dieron frutos.<o:p><\/o:p><\/span><span style=\"color: black; font-family: Arial\"><o:p>\u00a0<\/o:p><\/span><\/p>\n<p style=\"margin: 0cm 0cm 0pt; text-align: justify\" class=\"estilo4\"><span style=\"color: black; font-family: Arial\"><\/span><\/p>\n<p style=\"margin: 0cm 0cm 0pt; text-align: justify\" class=\"estilo4\"><span style=\"color: black; font-family: Arial\"><\/span><\/p>\n<p><span style=\"color: black; font-family: Arial\">Las personas que auxiliaron de forma cercana y sol\u00edcita a las hermanas Josefinas fueron el Excelent\u00edsimo Sr. Obispo Don Marciano Tinajero y Estrada, que desde que era p\u00e1rroco de Santa Ana manifestaba su confianza por el hospital, ya que consideraba que era el mejor lugar para depositar a nuestro se\u00f1or en <st1:personname ProductID=\"la Sagrada Forma\" w:st=\"on\">la Sagrada Forma<\/st1:personname>, cuando entraron en la ciudad provenientes de Alvarado, es decir, al poniente de la ciudad, los carrancistas profanando los templos. Excmo. Sr. Tinajero y Estrada continu\u00f3 la obra del padre Sevilla con dedicaci\u00f3n y entusiasmo. Otro de los personajes que tambi\u00e9n estuvieron al pendiente fueron el Sr. Cura Alem\u00e1n, el Sr. Septi\u00e9n y el Sr. Alfonso Toriz, quienes pasaron sus \u00faltimos d\u00edas en este lugar.<o:p><\/o:p><\/span><span style=\"color: black; font-family: Arial\"><o:p>\u00a0<\/o:p><\/span><\/p>\n<p style=\"margin: 0cm 0cm 0pt; text-align: justify\" class=\"estilo4\"><span style=\"color: black; font-family: Arial\"><\/span><\/p>\n<p style=\"margin: 0cm 0cm 0pt; text-align: justify\" class=\"estilo4\"><span style=\"color: black; font-family: Arial\"><\/span><\/p>\n<p><span style=\"color: black; font-family: Arial\">Es digno de mencionar algunos de los muchos m\u00e9dicos que han dejado huella por aqu\u00ed como el doctor Antonio Res\u00e9ndiz, el doctor Fernando Vel\u00e1zquez y el doctor Eliseo Ram\u00edrez.<o:p><\/o:p><\/span><span style=\"color: black; font-family: Arial\"><o:p>\u00a0<\/o:p><\/span><\/p>\n<p style=\"margin: 0cm 0cm 0pt; text-align: justify\" class=\"estilo4\"><span style=\"color: black; font-family: Arial\"><\/span><\/p>\n<p style=\"margin: 0cm 0cm 0pt; text-align: justify\" class=\"estilo4\"><span style=\"color: black; font-family: Arial\"><\/span><\/p>\n<p><span style=\"color: black; font-family: Arial\">No fue sino hasta el 22 de agosto de 1946 para apoyar esta labor altruista, el entonces Presidente de <st1:personname ProductID=\"la Rep?blica Manuel\" w:st=\"on\">la Rep\u00fablica Manuel<\/st1:personname> \u00c1vila Camacho mediante un Decreto Presidencial regulariza la personalidad jur\u00eddica del nosocomio como \u00abHospital del Sagrado Coraz\u00f3n de Jes\u00fas\u00bb ya que una de las preocupaciones del gobierno era garantizar debidamente los servicios y la asistencia p\u00fablica, preocupaci\u00f3n que se agravi\u00f3 con motivo de la post guerra, y que hac\u00eda urgente la fundaci\u00f3n de los establecimientos indispensables para impartir los servicios m\u00e9dicos como lo menciona dicho decreto.<o:p><\/o:p><\/span><span style=\"color: black; font-family: Arial\"><o:p>\u00a0<\/o:p><\/span><\/p>\n<p style=\"margin: 0cm 0cm 0pt; text-align: justify\" class=\"estilo4\"><span style=\"color: black; font-family: Arial\"><\/span><\/p>\n<p style=\"margin: 0cm 0cm 0pt; text-align: justify\" class=\"estilo4\"><span style=\"color: black; font-family: Arial\"><\/span><\/p>\n<p><span style=\"color: black; font-family: Arial\">El decreto ten\u00eda una vigencia de 50 a\u00f1os que se cumplieron en 1996. En el a\u00f1o de 1998 el Presidente de <st1:personname ProductID=\"la Rep?blica Ernesto\" w:st=\"on\">la Rep\u00fablica Ernesto<\/st1:personname> Zedillo Ponce de Le\u00f3n renov\u00f3 este contrato el 17 de febrero y ahora es por tiempo indefinido.<o:p><\/o:p><\/span><span style=\"color: black; font-family: Arial\"><o:p>\u00a0<\/o:p><\/span><\/p>\n<p style=\"margin: 0cm 0cm 0pt; text-align: justify\" class=\"estilo4\"><span style=\"color: black; font-family: Arial\"><\/span><\/p>\n<p style=\"margin: 0cm 0cm 0pt; text-align: justify\" class=\"estilo4\"><span style=\"color: black; font-family: Arial\"><\/span><\/p>\n<p><span style=\"color: black; font-family: Arial\">Actualmente el Hospital del Sagrado Coraz\u00f3n de Jes\u00fas por falta de recursos y lo obsoleto del edificio dej\u00f3 de operar y \u00fanicamente funciona como el asilo San Sebasti\u00e1n para ancianitas, con una capacidad de 32 personas.<o:p><\/o:p><\/span><span style=\"color: black; font-family: Arial\"><o:p>\u00a0<\/o:p><\/span><\/p>\n<p style=\"margin: 0cm 0cm 0pt; text-align: justify\" class=\"estilo4\"><span style=\"color: black; font-family: Arial\"><\/span><\/p>\n<p style=\"margin: 0cm 0cm 0pt; text-align: justify\" class=\"estilo4\"><span style=\"color: black; font-family: Arial\"><\/span><\/p>\n<p><span style=\"color: black; font-family: Arial\">En el a\u00f1o de 1998 celebr\u00f3 esta obra sus 90 a\u00f1os en donde las hermanas Josefinas han dejado parte de su vida, asumiendo las responsabilidades de autoridad y atendiendo solamente a ancianas mujeres.<o:p><\/o:p><\/span><span style=\"color: black; font-family: Arial\"><o:p>\u00a0<\/o:p><\/span><\/p>\n<p style=\"margin: 0cm 0cm 0pt; text-align: justify\" class=\"estilo4\"><span style=\"color: black; font-family: Arial\"><\/span><\/p>\n<p style=\"margin: 0cm 0cm 0pt; text-align: justify\" class=\"estilo4\"><span style=\"color: black; font-family: Arial\"><\/span><\/p>\n<p><span style=\"color: black; font-family: Arial\">Actualmente el Asilo San Sebasti\u00e1n no tiene autoridad jur\u00eddica ya que se encuentra registrado como Hospital del Sagrado Coraz\u00f3n de Jes\u00fas, sin embargo, se est\u00e1n llevando a cabo los tr\u00e1mites necesarios para que obtenga autoridad jur\u00eddica y para que quede regulado ante <st1:personname ProductID=\"la Secretar?a\" w:st=\"on\">la Secretar\u00eda<\/st1:personname> de Salud del Estado de Quer\u00e9taro.<o:p><\/o:p><\/span><span style=\"color: black; font-family: Arial\">\u00a0<o:p><\/o:p><\/span><\/p>\n","protected":false},"excerpt":{"rendered":"<p>\u00a0 Sanatorio del Sagrado Coraz\u00f3n \u00a0en Quer\u00e9taro &nbsp; La ciudad de Quer\u00e9taro fue grandiosa, hermosa, pero soberbia, de ah\u00ed que se dividi\u00f3 en dos partes; la primera era un bando y a la segunda le dec\u00edan \u00abel otro bando\u00bb.\u00a0 La primera correspond\u00eda a todo el centro, lo que ahora es Plaza de Armas y la [&hellip;]<\/p>\n","protected":false},"author":249,"featured_media":0,"comment_status":"open","ping_status":"closed","sticky":false,"template":"","format":"standard","meta":{"footnotes":""},"categories":[8,10],"tags":[],"class_list":["post-990","post","type-post","status-publish","format-standard","hentry","category-ciudad-de-queretaro","category-historia"],"_links":{"self":[{"href":"http:\/\/eloficiodehistoriar.com.mx\/index.php?rest_route=\/wp\/v2\/posts\/990","targetHints":{"allow":["GET"]}}],"collection":[{"href":"http:\/\/eloficiodehistoriar.com.mx\/index.php?rest_route=\/wp\/v2\/posts"}],"about":[{"href":"http:\/\/eloficiodehistoriar.com.mx\/index.php?rest_route=\/wp\/v2\/types\/post"}],"author":[{"embeddable":true,"href":"http:\/\/eloficiodehistoriar.com.mx\/index.php?rest_route=\/wp\/v2\/users\/249"}],"replies":[{"embeddable":true,"href":"http:\/\/eloficiodehistoriar.com.mx\/index.php?rest_route=%2Fwp%2Fv2%2Fcomments&post=990"}],"version-history":[{"count":0,"href":"http:\/\/eloficiodehistoriar.com.mx\/index.php?rest_route=\/wp\/v2\/posts\/990\/revisions"}],"wp:attachment":[{"href":"http:\/\/eloficiodehistoriar.com.mx\/index.php?rest_route=%2Fwp%2Fv2%2Fmedia&parent=990"}],"wp:term":[{"taxonomy":"category","embeddable":true,"href":"http:\/\/eloficiodehistoriar.com.mx\/index.php?rest_route=%2Fwp%2Fv2%2Fcategories&post=990"},{"taxonomy":"post_tag","embeddable":true,"href":"http:\/\/eloficiodehistoriar.com.mx\/index.php?rest_route=%2Fwp%2Fv2%2Ftags&post=990"}],"curies":[{"name":"wp","href":"https:\/\/api.w.org\/{rel}","templated":true}]}}