{"id":991,"date":"2008-08-06T12:45:53","date_gmt":"2008-08-06T17:45:53","guid":{"rendered":"https:\/\/eloficiodehistoriar.com.mx\/?p=991"},"modified":"2008-08-06T12:45:53","modified_gmt":"2008-08-06T17:45:53","slug":"libertad-teologica-un-derecho","status":"publish","type":"post","link":"http:\/\/eloficiodehistoriar.com.mx\/?p=991","title":{"rendered":"Libertad teol\u00f3gica, un derecho&#8230;"},"content":{"rendered":"<h1 align=\"center\" style=\"margin: auto 0cm; text-align: center\"><span style=\"font-size: 18pt; font-family: Arial\">El derecho a la libertad teol\u00f3gica<o:p><\/o:p><\/span><\/h1>\n<p align=\"center\" style=\"margin: auto 0cm; text-align: center\" class=\"author\"><strong><span style=\"font-family: Arial\"><\/span><\/strong><\/p>\n<p><strong><span style=\"font-family: Arial\">Bernardo Barranco V.<o:p><\/o:p><\/span><\/strong><\/p>\n<p style=\"text-align: justify\"><span style=\"font-family: Arial\"><\/span><\/p>\n<p><span style=\"font-family: Arial\">Actualmente la reflexi\u00f3n teol\u00f3gica est\u00e1 atada a la disciplina y la censura de Roma. Desde los a\u00f1os 80, los te\u00f3logos de la curia determinaban lo permitido y lo prohibido en el pensamiento cat\u00f3lico. <o:p><\/o:p><\/span><\/p>\n<p style=\"text-align: justify\"><span style=\"font-family: Arial\"><\/span><\/p>\n<p><span style=\"font-family: Arial\">El propio cardenal Ratzinger como prefecto, encabez\u00f3 un movimiento centralizador, mediante numerosas enc\u00edclicas, cartas y mensajes del papa Juan Pablo II que constru\u00eda la ortopraxis y delimitaba las fronteras de lo permitido en materia de pensamiento y producci\u00f3n intelectual de <st1:personname ProductID=\"la Iglesia.\" w:st=\"on\">la Iglesia.<\/st1:personname> <o:p><\/o:p><\/span><\/p>\n<p style=\"text-align: justify\"><span style=\"font-family: Arial\"><\/span><\/p>\n<p><span style=\"font-family: Arial\">Por otra parte, la disciplina del Vaticano se impuso bajo amenazas, condenas e implantaci\u00f3n de miedos que indiscutiblemente empobreci\u00f3 la calidad y la pertinencia de la reflexi\u00f3n creyente sobre el mundo, pese a la oposici\u00f3n de cientos de te\u00f3logos y te\u00f3logas estadunidenses, europeos y latinoamericanos. <o:p><\/o:p><\/span><\/p>\n<p style=\"text-align: justify\"><span style=\"font-family: Arial\"><\/span><\/p>\n<p><span style=\"font-family: Arial\">Si bien la teolog\u00eda es un concepto que indica una disertaci\u00f3n sobre Dios, en t\u00e9rminos generales la teolog\u00eda es una reflexi\u00f3n sobre Dios que intenta conocer y comprender la fe a partir de la experiencia, la raz\u00f3n en los diferentes contextos donde se desenvuelve dicho razonamiento. <o:p><\/o:p><\/span><\/p>\n<p style=\"text-align: justify\"><span style=\"font-family: Arial\"><\/span><\/p>\n<p><span style=\"font-family: Arial\">La teolog\u00eda en el cristianismo surge como consecuencia de un hist\u00f3rico encuentro entre la antropolog\u00eda hebrea y la filosof\u00eda griega. As\u00ed, el cristianismo, seg\u00fan historiadores, conseguir\u00e1 penetrar en las diferentes culturas, ser recibido, entendido e interactuar en los diferentes contextos culturales.<o:p><\/o:p><\/span><\/p>\n<p style=\"text-align: justify\"><span style=\"font-family: Arial\"><\/span><\/p>\n<p><span style=\"font-family: Arial\">Particularmente en los a\u00f1os 60 <st1:personname ProductID=\"la Iglesia\" w:st=\"on\">la Iglesia<\/st1:personname> cat\u00f3lica goz\u00f3 como nunca de espacios de libertad para su discernimiento. El 68 simboliza nuevos movimientos culturales de \u00e9poca como el pacifista, el antirracista, la liberaci\u00f3n de la mujer, la revoluci\u00f3n sexual, entre otros. <o:p><\/o:p><\/span><\/p>\n<p style=\"text-align: justify\"><st1:personname ProductID=\"la Iglesia\" w:st=\"on\"><span style=\"font-family: Arial\">\u00a0<\/span><\/st1:personname><\/p>\n<p><st1:personname ProductID=\"la Iglesia\" w:st=\"on\"><span style=\"font-family: Arial\">La Iglesia<\/span><\/st1:personname><span style=\"font-family: Arial\"> cat\u00f3lica no fue ajena a este clima, fruto en parte de los milagros econ\u00f3micos de la posguerra; de hecho, durante el Concilio Vaticano segundo, manifiesta un deseo impetuoso de dialogar con el mundo y la cultura moderna. Los padres conciliares parec\u00edan abandonar la eclesiast\u00e9s medieval y la dogm\u00e1tica revanchista del autoritarismo eclesi\u00e1stico que parec\u00eda petrificado y obsoleto. <o:p><\/o:p><\/span><\/p>\n<p style=\"text-align: justify\"><span style=\"font-family: Arial\"><\/span><\/p>\n<p><span style=\"font-family: Arial\">El concilio introduce un inesperado vuelco hacia lo antropol\u00f3gico, el ser humano se convierte en el centro de su atenci\u00f3n en la perspectiva de la historia de la salvaci\u00f3n y con osad\u00eda el concilio llam\u00f3 volver a los or\u00edgenes del cristianismo, a remirar las sagradas escrituras, a que <st1:personname ProductID=\"la Iglesia\" w:st=\"on\">la Iglesia<\/st1:personname> se solidarice con las angustias y carencias del pueblo de Dios. <o:p><\/o:p><\/span><\/p>\n<p style=\"text-align: justify\"><st1:personname ProductID=\"la Iglesia\" w:st=\"on\"><span style=\"font-family: Arial\">\u00a0<\/span><\/st1:personname><\/p>\n<p><st1:personname ProductID=\"la Iglesia\" w:st=\"on\"><span style=\"font-family: Arial\">La Iglesia<\/span><\/st1:personname><span style=\"font-family: Arial\"> en 1968 tuvo tambi\u00e9n sus contrastes: en agosto se inician las sesiones de la segunda conferencia general del episcopado latinoamericano, en Medell\u00edn, Colombia, que opta por una l\u00ednea social siguiendo a la enc\u00edclica <em><span style=\"font-family: Arial\">Populorum progressio<\/span><\/em>. Sin embargo, en julio de ese mismo a\u00f1o el papa Paulo VI publica <st1:personname ProductID=\"la Humanae\" w:st=\"on\">la <em><span style=\"font-family: Arial\">Humanae<\/span><\/em><\/st1:personname><em><span style=\"font-family: Arial\"> vitae,<\/span><\/em> en la que condena el uso de anticonceptivos, abriendo un ciclo de agrias confrontaciones ontol\u00f3gicas con la cultura contempor\u00e1nea que perduran despu\u00e9s de 40 a\u00f1os.<o:p><\/o:p><\/span><\/p>\n<p style=\"text-align: justify\"><span style=\"font-family: Arial\"><\/span><\/p>\n<p><span style=\"font-family: Arial\">Sin Medell\u00edn la teolog\u00eda latinoamericana no se explica. <st1:personname ProductID=\"la Iglesia\" w:st=\"on\">La Iglesia<\/st1:personname> en nuestro continente da un salto, deja de ser subsidiaria y pasiva consumidora de las directrices europeas para convertirse en una Iglesia protag\u00f3nica, es decir, generadora de l\u00edneas pastorales y de reflexiones propias que tendr\u00e1n indudable influencia en otras iglesias del tercer mundo, particularmente en Asia y \u00c1frica. <o:p><\/o:p><\/span><\/p>\n<p style=\"text-align: justify\"><span style=\"font-family: Arial\"><\/span><\/p>\n<p><span style=\"font-family: Arial\">Para la te\u00f3loga Mar\u00eda Clara Lucchetti Bingemer, sucesora de la c\u00e1tedra de Leonardo Boff en <st1:personname ProductID=\"la Pontificia Universidad\" w:st=\"on\">la Pontificia Universidad<\/st1:personname> Cat\u00f3lica de R\u00edo de Janeiro, Medell\u00edn se extiende hasta Puebla (1979) y se\u00f1ala que: \u201cse articulan tres ejes que ser\u00edan vitales tambi\u00e9n despu\u00e9s en las d\u00e9cadas siguientes: a) la propagaci\u00f3n de la fe inseparable de la lucha por la justicia que ser\u00e1 la opci\u00f3n preferencial por los pobres; b) la articulaci\u00f3n de las bases comunitarias alrededor de la palabra de Dios creando un nuevo hecho eclesial, las Comunidades Eclesiales de Base; c) un nuevo modo de hacer teolog\u00eda, que parte de la realidad y la piensa a la luz de <st1:personname ProductID=\"la Escritura\" w:st=\"on\">la Escritura<\/st1:personname>, posteriormente llamado Teolog\u00eda de <st1:personname ProductID=\"la Liberaci\u00f3n.\" w:st=\"on\">la Liberaci\u00f3n.<\/st1:personname><o:p><\/o:p><\/span><\/p>\n<p style=\"text-align: justify\"><span style=\"font-family: Arial\"><\/span><\/p>\n<p><span style=\"font-family: Arial\">La teolog\u00eda hecha en Am\u00e9rica Latina gan\u00f3 mundo y fue discutida favorable o negativamente, aunque siempre con inter\u00e9s. Provoc\u00f3 respeto en Europa y Estados Unidos. Y aqu\u00ed en el continente gan\u00f3 credibilidad junto a las bases, a los movimientos populares, a otras fuerzas que no siendo eclesiales encontraban lenguaje e ideales comunes al comprometerse con las luchas de los m\u00e1s pobres. <o:p><\/o:p><\/span><\/p>\n<p style=\"text-align: justify\"><span style=\"font-family: Arial\"><\/span><\/p>\n<p><span style=\"font-family: Arial\">No fue, sin embargo, aprobada un\u00e1nimemente. Suscit\u00f3 oposici\u00f3n, sospecha y desconfianza, que se agudizaron en los a\u00f1os 80, con la ca\u00edda del muro de Berl\u00edn\u201d.<o:p><\/o:p><\/span><\/p>\n<p style=\"text-align: justify\"><span style=\"font-family: Arial\"><\/span><\/p>\n<p><span style=\"font-family: Arial\">Ha cambiado desde entonces, en t\u00e9rminos religiosos se advierte una tendencia personalista e individual para vivir la fe, el notable ascenso de nuevas alternativas religiosas determinan inesperados equilibrios de pluralidad, diversidad y tolerancia religiosa; en suma, la hegemon\u00eda cat\u00f3lica se ha ido perdiendo en la regi\u00f3n latinoamericana. <o:p><\/o:p><\/span><\/p>\n<p style=\"text-align: justify\"><st1:personname ProductID=\"la Iglesia\" w:st=\"on\"><span style=\"font-family: Arial\">\u00a0<\/span><\/st1:personname><\/p>\n<p><st1:personname ProductID=\"la Iglesia\" w:st=\"on\"><span style=\"font-family: Arial\">La Iglesia<\/span><\/st1:personname><span style=\"font-family: Arial\"> est\u00e1 amenazada no s\u00f3lo por un entorno acechante de mayor diversidad de lo sagrado, sino por ella misma. Su propio modelo est\u00e1 a punto del colapso, as\u00ed lo dejan entrever las preocupaciones de Aparecida 2007.<o:p><\/o:p><\/span><\/p>\n<p style=\"text-align: justify\"><span style=\"font-family: Arial\"><\/span><\/p>\n<p><span style=\"font-family: Arial\">En una regi\u00f3n crecientemente empobrecida, <st1:personname ProductID=\"la Iglesia\" w:st=\"on\">la Iglesia<\/st1:personname> deber\u00eda retomar su talante por la justicia, dejar de verse a ella misma de manera obsesiva y permitirse sensibilizar por la poblaci\u00f3n. <o:p><\/o:p><\/span><\/p>\n<p style=\"text-align: justify\"><span style=\"font-family: Arial\"><\/span><\/p>\n<p><span style=\"font-family: Arial\">La teolog\u00eda latinoam\u00e9rica ya no tiene los canales de expresi\u00f3n ni los veh\u00edculos comunicativos que goz\u00f3 en d\u00e9cadas pasadas, algunas veces raya en la clandestinidad o en espacios alternativos a la propia Iglesia. <o:p><\/o:p><\/span><\/p>\n<p style=\"text-align: justify\"><span style=\"font-family: Arial\"><\/span><\/p>\n<p><span style=\"font-family: Arial\">Sin embargo, ha incorporado temas como g\u00e9nero, raza especialmente indigenidad, migraci\u00f3n, ecolog\u00eda, plurirreligiosidad, altermundismo y, sobre todo, contribuye al di\u00e1logo interreligioso para aportar a la construcci\u00f3n de una nueva \u00e9tica mundial en la que participan, entre otros, un te\u00f3logo que fue sancionado por Roma: Hans Kung. <o:p><\/o:p><\/span><\/p>\n<p style=\"text-align: justify\"><span style=\"font-family: Arial\"><\/span><\/p>\n<p><span style=\"font-family: Arial\">Sin embargo, queda en el aire la pregunta sobre la libertad religiosa de los te\u00f3logos a pensar, expresar, investigar y discernir sobre Dios y la pr\u00e1ctica de la fe, sin ataduras el pensamiento \u00fanico impuesto desde la curia.<o:p><\/o:p><\/span><\/p>\n","protected":false},"excerpt":{"rendered":"<p>El derecho a la libertad teol\u00f3gica Bernardo Barranco V. Actualmente la reflexi\u00f3n teol\u00f3gica est\u00e1 atada a la disciplina y la censura de Roma. Desde los a\u00f1os 80, los te\u00f3logos de la curia determinaban lo permitido y lo prohibido en el pensamiento cat\u00f3lico. El propio cardenal Ratzinger como prefecto, encabez\u00f3 un movimiento centralizador, mediante numerosas enc\u00edclicas, [&hellip;]<\/p>\n","protected":false},"author":249,"featured_media":0,"comment_status":"open","ping_status":"closed","sticky":false,"template":"","format":"standard","meta":{"footnotes":""},"categories":[26],"tags":[],"class_list":["post-991","post","type-post","status-publish","format-standard","hentry","category-mundo"],"_links":{"self":[{"href":"http:\/\/eloficiodehistoriar.com.mx\/index.php?rest_route=\/wp\/v2\/posts\/991","targetHints":{"allow":["GET"]}}],"collection":[{"href":"http:\/\/eloficiodehistoriar.com.mx\/index.php?rest_route=\/wp\/v2\/posts"}],"about":[{"href":"http:\/\/eloficiodehistoriar.com.mx\/index.php?rest_route=\/wp\/v2\/types\/post"}],"author":[{"embeddable":true,"href":"http:\/\/eloficiodehistoriar.com.mx\/index.php?rest_route=\/wp\/v2\/users\/249"}],"replies":[{"embeddable":true,"href":"http:\/\/eloficiodehistoriar.com.mx\/index.php?rest_route=%2Fwp%2Fv2%2Fcomments&post=991"}],"version-history":[{"count":0,"href":"http:\/\/eloficiodehistoriar.com.mx\/index.php?rest_route=\/wp\/v2\/posts\/991\/revisions"}],"wp:attachment":[{"href":"http:\/\/eloficiodehistoriar.com.mx\/index.php?rest_route=%2Fwp%2Fv2%2Fmedia&parent=991"}],"wp:term":[{"taxonomy":"category","embeddable":true,"href":"http:\/\/eloficiodehistoriar.com.mx\/index.php?rest_route=%2Fwp%2Fv2%2Fcategories&post=991"},{"taxonomy":"post_tag","embeddable":true,"href":"http:\/\/eloficiodehistoriar.com.mx\/index.php?rest_route=%2Fwp%2Fv2%2Ftags&post=991"}],"curies":[{"name":"wp","href":"https:\/\/api.w.org\/{rel}","templated":true}]}}