{"id":993,"date":"2008-08-06T15:51:43","date_gmt":"2008-08-06T20:51:43","guid":{"rendered":"https:\/\/eloficiodehistoriar.com.mx\/?p=993"},"modified":"2008-08-06T15:57:21","modified_gmt":"2008-08-06T20:57:21","slug":"993","status":"publish","type":"post","link":"http:\/\/eloficiodehistoriar.com.mx\/?p=993","title":{"rendered":"Una idea sobre La Sierra Gorda en Quer\u00e9taro"},"content":{"rendered":"<p><a href=\"https:\/\/eloficiodehistoriar.com.mx\/wp-content\/uploads\/2008\/08\/escudo-pagina-039.jpg\" title=\"escudo-pagina-039.jpg\"><img decoding=\"async\" src=\"https:\/\/eloficiodehistoriar.com.mx\/wp-content\/uploads\/2008\/08\/escudo-pagina-039.thumbnail.jpg\" alt=\"escudo-pagina-039.jpg\" \/><\/a><a href=\"https:\/\/eloficiodehistoriar.com.mx\/wp-content\/uploads\/2008\/08\/escudo-pagina-039.jpg\" title=\"escudo-pagina-039.jpg\"><img decoding=\"async\" src=\"https:\/\/eloficiodehistoriar.com.mx\/wp-content\/uploads\/2008\/08\/escudo-pagina-039.thumbnail.jpg\" alt=\"escudo-pagina-039.jpg\" \/><\/a><a href=\"https:\/\/eloficiodehistoriar.com.mx\/wp-content\/uploads\/2008\/08\/escudo-pagina-143.jpg\" title=\"escudo-pagina-143.jpg\"><img decoding=\"async\" src=\"https:\/\/eloficiodehistoriar.com.mx\/wp-content\/uploads\/2008\/08\/escudo-pagina-143.thumbnail.jpg\" alt=\"escudo-pagina-143.jpg\" \/><\/a><a href=\"https:\/\/eloficiodehistoriar.com.mx\/wp-content\/uploads\/2008\/08\/escudo-pagina-147.jpg\" title=\"escudo-pagina-147.jpg\"><img decoding=\"async\" src=\"https:\/\/eloficiodehistoriar.com.mx\/wp-content\/uploads\/2008\/08\/escudo-pagina-147.thumbnail.jpg\" alt=\"escudo-pagina-147.jpg\" \/><\/a><a href=\"https:\/\/eloficiodehistoriar.com.mx\/wp-content\/uploads\/2008\/08\/escudo-pagina-144.jpg\" title=\"escudo-pagina-144.jpg\"><img decoding=\"async\" src=\"https:\/\/eloficiodehistoriar.com.mx\/wp-content\/uploads\/2008\/08\/escudo-pagina-144.thumbnail.jpg\" alt=\"escudo-pagina-144.jpg\" \/><\/a><a href=\"https:\/\/eloficiodehistoriar.com.mx\/wp-content\/uploads\/2008\/08\/412a3.jpg\" title=\"412a3.jpg\"><img decoding=\"async\" src=\"https:\/\/eloficiodehistoriar.com.mx\/wp-content\/uploads\/2008\/08\/412a3.thumbnail.jpg\" alt=\"412a3.jpg\" \/><\/a><\/p>\n<p><st1:personname ProductID=\"La Sierra Gorda\" w:st=\"on\"><st1:personname ProductID=\"La Sierra\" w:st=\"on\"><strong><span style=\"font-size: 18pt; font-family: Arial\" lang=\"ES-TRAD\">La Sierra<\/span><\/strong><\/st1:personname><strong><span style=\"font-size: 18pt; font-family: Arial\" lang=\"ES-TRAD\"> Gorda<\/span><\/strong><\/st1:personname><strong><span style=\"font-size: 18pt; font-family: Arial\" lang=\"ES-TRAD\"><o:p><\/o:p><\/span><\/strong><span style=\"font-family: Arial\" lang=\"ES-TRAD\"><o:p>\u00a0<\/o:p><\/span><\/p>\n<p style=\"margin: 0cm 0cm 0pt; text-align: justify\" class=\"MsoNormal\"><st1:personname ProductID=\"La Sierra Gorda\" w:st=\"on\"><st1:personname ProductID=\"La Sierra\" w:st=\"on\"><span style=\"font-family: Arial\" lang=\"ES-TRAD\">\u00a0<\/span><\/st1:personname><\/st1:personname><\/p>\n<p><st1:personname ProductID=\"La Sierra Gorda\" w:st=\"on\"><st1:personname ProductID=\"La Sierra\" w:st=\"on\"><span style=\"font-family: Arial\" lang=\"ES-TRAD\">La Sierra<\/span><\/st1:personname><span style=\"font-family: Arial\" lang=\"ES-TRAD\"> Gorda<\/span><\/st1:personname><span style=\"font-family: Arial\" lang=\"ES-TRAD\"> forma parte de la sierra oriental de M\u00e9xico y abarca los ahora estados de Hidalgo, San Luis Potos\u00ed, Guanajuato y Quer\u00e9taro.<o:p><\/o:p><\/span><span style=\"font-family: Arial\" lang=\"ES-TRAD\"><o:p>\u00a0<\/o:p><\/span><\/p>\n<p style=\"margin: 0cm 0cm 0pt; text-align: justify\" class=\"MsoNormal\"><span style=\"font-family: Arial\" lang=\"ES-TRAD\"><\/span><\/p>\n<p><span style=\"font-family: Arial\" lang=\"ES-TRAD\">Su nombre es probable que se deba a que es muy accidentada, rica en biodiversidad. En 1977 fue declarada Reserva de <st1:personname ProductID=\"la Bi\u00f3sfera\" w:st=\"on\">la Bi\u00f3sfera<\/st1:personname>, para proteger su flora y fauna.<o:p><\/o:p><\/span><span style=\"font-family: Arial\" lang=\"ES-TRAD\"><o:p>\u00a0<\/o:p><\/span><\/p>\n<p style=\"margin: 0cm 0cm 0pt; text-align: justify\" class=\"MsoNormal\"><st1:personname ProductID=\"La Sierra Gorda\" w:st=\"on\"><st1:personname ProductID=\"La Sierra\" w:st=\"on\"><span style=\"font-family: Arial\" lang=\"ES-TRAD\">\u00a0<\/span><\/st1:personname><\/st1:personname><\/p>\n<p><st1:personname ProductID=\"La Sierra Gorda\" w:st=\"on\"><st1:personname ProductID=\"La Sierra\" w:st=\"on\"><span style=\"font-family: Arial\" lang=\"ES-TRAD\">La Sierra<\/span><\/st1:personname><span style=\"font-family: Arial\" lang=\"ES-TRAD\"> Gorda<\/span><\/st1:personname><span style=\"font-family: Arial\" lang=\"ES-TRAD\"> tiene una larga historia de habitaci\u00f3n humana, calculada en 4000 a\u00f1os, hasta nuestros d\u00edas.<o:p><\/o:p><\/span><span style=\"font-family: Arial\" lang=\"ES-TRAD\"><o:p>\u00a0<\/o:p><\/span><\/p>\n<p style=\"margin: 0cm 0cm 0pt; text-align: justify\" class=\"MsoNormal\"><span style=\"font-family: Arial\" lang=\"ES-TRAD\"><\/span><\/p>\n<p><span style=\"font-family: Arial\" lang=\"ES-TRAD\">En el a\u00f1o del 2003 fueron declaradas las misiones franciscanas, como patrimonio cultural de la humanidad por <st1:personname ProductID=\"la UNESCO.\" w:st=\"on\">la UNESCO.<\/st1:personname><o:p><\/o:p><\/span><span style=\"font-family: Arial\" lang=\"ES-TRAD\"><o:p>\u00a0<\/o:p><\/span><\/p>\n<p style=\"margin: 0cm 0cm 0pt; text-align: justify\" class=\"MsoNormal\"><st1:personname ProductID=\"La Sierra Gorda\" w:st=\"on\"><st1:personname ProductID=\"La Sierra\" w:st=\"on\"><span style=\"font-family: Arial\" lang=\"ES-TRAD\">\u00a0<\/span><\/st1:personname><\/st1:personname><\/p>\n<p><st1:personname ProductID=\"La Sierra Gorda\" w:st=\"on\"><st1:personname ProductID=\"La Sierra\" w:st=\"on\"><span style=\"font-family: Arial\" lang=\"ES-TRAD\">La Sierra<\/span><\/st1:personname><span style=\"font-family: Arial\" lang=\"ES-TRAD\"> Gorda<\/span><\/st1:personname><span style=\"font-family: Arial\" lang=\"ES-TRAD\"> es un mundo de contrastes, entre paisajes, monta\u00f1as con minerales, bosques h\u00famedos, chaparrales, fr\u00edo, lluvia.<o:p><\/o:p><\/span><span style=\"font-family: Arial\" lang=\"ES-TRAD\"><o:p>\u00a0<\/o:p><\/span><\/p>\n<p style=\"margin: 0cm 0cm 0pt; text-align: justify\" class=\"MsoNormal\"><span style=\"font-family: Arial\" lang=\"ES-TRAD\"><\/span><\/p>\n<p><span style=\"font-family: Arial\" lang=\"ES-TRAD\">El esfuerzo de sus primeros moradores ha quedado plasmado en obras monumentales como las ciudades prehisp\u00e1nicas de Ranas y Toluquilla y las famosas Misiones Pames.<o:p><\/o:p><\/span><span style=\"font-family: Arial\" lang=\"ES-TRAD\"><o:p>\u00a0<\/o:p><\/span><\/p>\n<p style=\"margin: 0cm 0cm 0pt; text-align: justify\" class=\"MsoNormal\"><span style=\"font-family: Arial\" lang=\"ES-TRAD\"><\/span><\/p>\n<p><span style=\"font-family: Arial\" lang=\"ES-TRAD\">La investigaci\u00f3n<span>\u00a0 <\/span>nos ha dado la posibilidad de precisar datos sobre la manera de vivir de sus antiguos habitantes.<o:p><\/o:p><\/span><span style=\"font-family: Arial\" lang=\"ES-TRAD\"><o:p>\u00a0<\/o:p><\/span><\/p>\n<p style=\"margin: 0cm 0cm 0pt; text-align: justify\" class=\"MsoNormal\"><span style=\"font-family: Arial\" lang=\"ES-TRAD\"><\/span><\/p>\n<p><span style=\"font-family: Arial\" lang=\"ES-TRAD\">Las llamadas misiones de Jalpan, Tancoyol, Conc\u00e1, Landa y Tilaco, nos muestran el talento de los pueblos de esta regi\u00f3n en el siglo XVlll, despu\u00e9s de haber resistido ya m\u00e1s de doscientos cincuenta a\u00f1os de invasi\u00f3n europea.<o:p><\/o:p><\/span><span style=\"font-family: Arial\" lang=\"ES-TRAD\"><o:p>\u00a0<\/o:p><\/span><\/p>\n<p style=\"margin: 0cm 0cm 0pt; text-align: justify\" class=\"MsoNormal\"><span style=\"font-family: Arial\" lang=\"ES-TRAD\"><\/span><\/p>\n<p><span style=\"font-family: Arial\" lang=\"ES-TRAD\">En 1527 el<span>\u00a0 <\/span>gran genocida Nu\u00f1o de Guzm\u00e1n conquista el se\u00f1or\u00edo de Ostia, al que pertenecen Jalpan, Xilitla, Tancoyol y Tilazo.<o:p><\/o:p><\/span><span style=\"font-family: Arial\" lang=\"ES-TRAD\"><o:p>\u00a0<\/o:p><\/span><\/p>\n<p style=\"margin: 0cm 0cm 0pt; text-align: justify\" class=\"MsoNormal\"><span style=\"font-family: Arial\" lang=\"ES-TRAD\"><\/span><\/p>\n<p><span style=\"font-family: Arial\" lang=\"ES-TRAD\">En 1550 se establecen los frailes agustinos en Xilitla y para 1554 comienza la guerra chichimeca, porque no se les dejaba el paso libre a los invasores en el llamado camino de la plata.<o:p><\/o:p><\/span><span lang=\"ES-TRAD\"><o:p><font face=\"Times New Roman\">\u00a0<\/font><\/o:p><\/span><span lang=\"ES-TRAD\"><o:p><font face=\"Times New Roman\">\u00a0<\/font><\/o:p><\/span><span lang=\"ES-TRAD\"><o:p><font face=\"Times New Roman\">\u00a0<\/font><\/o:p><\/span><\/p>\n","protected":false},"excerpt":{"rendered":"<p>La Sierra Gorda\u00a0 \u00a0 La Sierra Gorda forma parte de la sierra oriental de M\u00e9xico y abarca los ahora estados de Hidalgo, San Luis Potos\u00ed, Guanajuato y Quer\u00e9taro.\u00a0 Su nombre es probable que se deba a que es muy accidentada, rica en biodiversidad. En 1977 fue declarada Reserva de la Bi\u00f3sfera, para proteger su flora [&hellip;]<\/p>\n","protected":false},"author":249,"featured_media":0,"comment_status":"open","ping_status":"closed","sticky":false,"template":"","format":"standard","meta":{"footnotes":""},"categories":[11,10,3,7,5,4],"tags":[],"class_list":["post-993","post","type-post","status-publish","format-standard","hentry","category-fotografia","category-historia","category-huasteca-queretana","category-queretaro-pre-hispanico","category-semidesierto","category-sierra-gorda"],"_links":{"self":[{"href":"http:\/\/eloficiodehistoriar.com.mx\/index.php?rest_route=\/wp\/v2\/posts\/993","targetHints":{"allow":["GET"]}}],"collection":[{"href":"http:\/\/eloficiodehistoriar.com.mx\/index.php?rest_route=\/wp\/v2\/posts"}],"about":[{"href":"http:\/\/eloficiodehistoriar.com.mx\/index.php?rest_route=\/wp\/v2\/types\/post"}],"author":[{"embeddable":true,"href":"http:\/\/eloficiodehistoriar.com.mx\/index.php?rest_route=\/wp\/v2\/users\/249"}],"replies":[{"embeddable":true,"href":"http:\/\/eloficiodehistoriar.com.mx\/index.php?rest_route=%2Fwp%2Fv2%2Fcomments&post=993"}],"version-history":[{"count":0,"href":"http:\/\/eloficiodehistoriar.com.mx\/index.php?rest_route=\/wp\/v2\/posts\/993\/revisions"}],"wp:attachment":[{"href":"http:\/\/eloficiodehistoriar.com.mx\/index.php?rest_route=%2Fwp%2Fv2%2Fmedia&parent=993"}],"wp:term":[{"taxonomy":"category","embeddable":true,"href":"http:\/\/eloficiodehistoriar.com.mx\/index.php?rest_route=%2Fwp%2Fv2%2Fcategories&post=993"},{"taxonomy":"post_tag","embeddable":true,"href":"http:\/\/eloficiodehistoriar.com.mx\/index.php?rest_route=%2Fwp%2Fv2%2Ftags&post=993"}],"curies":[{"name":"wp","href":"https:\/\/api.w.org\/{rel}","templated":true}]}}