{"id":10021,"date":"2013-07-02T10:25:34","date_gmt":"2013-07-02T16:25:34","guid":{"rendered":"https:\/\/eloficiodehistoriar.com.mx\/?p=10021"},"modified":"2013-07-02T12:54:51","modified_gmt":"2013-07-02T18:54:51","slug":"enciclica-a-cuatro-manos","status":"publish","type":"post","link":"https:\/\/eloficiodehistoriar.com.mx\/?p=10021","title":{"rendered":"Enc\u00edclica a cuatro manos"},"content":{"rendered":"<p><em><strong>Enc\u00edclica a cuatro manos<\/strong><\/em><\/p>\n<p><em><strong>\u00a0Julio cortazar<\/strong><\/em><\/p>\n<p>(apro).- A poco m\u00e1s de tres meses de asumir el pontificado, Francisco emitir\u00e1 su primera enc\u00edclica, Lumen Fidei (La luz de la fe), que ser\u00e1 dada a conocer el pr\u00f3ximo viernes 5, inform\u00f3 este lunes la sala de prensa del Vaticano.<\/p>\n<p>Lumen Fidei fue bautizada como la \u201cenc\u00edclica a cuatro manos\u201d, debido a que su redacci\u00f3n fue iniciada por el anterior pont\u00edfice, Benedicto XVI, pero ser\u00e1 firmada y publicada por el papa Francisco.<\/p>\n<p>Y fue el mismo Francisco quien el pasado 13 de junio, ante los miembros del S\u00ednodo de Obispos, la califico de esa manera cuando dijo:<\/p>\n<p>\u201cAhora deber\u00e1 lanzarse la enc\u00edclica a cuatro manos que empez\u00f3 el papa Benedicto XVI. \u00c9l me la entreg\u00f3 a m\u00ed, es un documento fuerte. Yo tambi\u00e9n dir\u00e9 ah\u00ed que recib\u00ed este gran trabajo que hizo \u00e9l y yo llevar\u00e9 adelante\u201d.<\/p>\n<p>Como su nombre lo indica, el tema central de la enc\u00edclica es el de la fe, y con ella concluir\u00e1 la trilog\u00eda de enc\u00edclicas dedicadas a las virtudes teologales publicadas por Ratzinger durante su pontificado. Las dos anteriores son: Deus caritas est (Dios es amor), publicada en 2005, y Caritas in veritate (Caridad en la verdad), de 2009.<\/p>\n<p>Lumen Fidei ser\u00e1 presentada el pr\u00f3ximo viernes durante una rueda de prensa que realizar\u00e1n en el Vaticano Marc Ouellet, prefecto de la Congregaci\u00f3n para los Obispos, y Gerhard Ludwig Mueller, prefecto de la Congregaci\u00f3n para la Doctrina de la Fe.<\/p>\n<p>Con ellos estar\u00e1 Rino Fisichella, presidente del Pontificio para la Promoci\u00f3n de la Nueva Evangelizaci\u00f3n.<\/p>\n","protected":false},"excerpt":{"rendered":"<p>Enc\u00edclica a cuatro manos \u00a0Julio cortazar (apro).- A poco m\u00e1s de tres meses de asumir el pontificado, Francisco emitir\u00e1 su primera enc\u00edclica, Lumen Fidei (La luz de la fe), que ser\u00e1 dada a conocer el pr\u00f3ximo viernes 5, inform\u00f3 este lunes la sala de prensa del Vaticano. Lumen Fidei fue bautizada como la \u201cenc\u00edclica a [&hellip;]<\/p>\n","protected":false},"author":249,"featured_media":0,"comment_status":"open","ping_status":"closed","sticky":false,"template":"","format":"standard","meta":{"footnotes":""},"categories":[1],"tags":[],"class_list":["post-10021","post","type-post","status-publish","format-standard","hentry","category-sin-categoria"],"_links":{"self":[{"href":"https:\/\/eloficiodehistoriar.com.mx\/index.php?rest_route=\/wp\/v2\/posts\/10021","targetHints":{"allow":["GET"]}}],"collection":[{"href":"https:\/\/eloficiodehistoriar.com.mx\/index.php?rest_route=\/wp\/v2\/posts"}],"about":[{"href":"https:\/\/eloficiodehistoriar.com.mx\/index.php?rest_route=\/wp\/v2\/types\/post"}],"author":[{"embeddable":true,"href":"https:\/\/eloficiodehistoriar.com.mx\/index.php?rest_route=\/wp\/v2\/users\/249"}],"replies":[{"embeddable":true,"href":"https:\/\/eloficiodehistoriar.com.mx\/index.php?rest_route=%2Fwp%2Fv2%2Fcomments&post=10021"}],"version-history":[{"count":2,"href":"https:\/\/eloficiodehistoriar.com.mx\/index.php?rest_route=\/wp\/v2\/posts\/10021\/revisions"}],"predecessor-version":[{"id":10023,"href":"https:\/\/eloficiodehistoriar.com.mx\/index.php?rest_route=\/wp\/v2\/posts\/10021\/revisions\/10023"}],"wp:attachment":[{"href":"https:\/\/eloficiodehistoriar.com.mx\/index.php?rest_route=%2Fwp%2Fv2%2Fmedia&parent=10021"}],"wp:term":[{"taxonomy":"category","embeddable":true,"href":"https:\/\/eloficiodehistoriar.com.mx\/index.php?rest_route=%2Fwp%2Fv2%2Fcategories&post=10021"},{"taxonomy":"post_tag","embeddable":true,"href":"https:\/\/eloficiodehistoriar.com.mx\/index.php?rest_route=%2Fwp%2Fv2%2Ftags&post=10021"}],"curies":[{"name":"wp","href":"https:\/\/api.w.org\/{rel}","templated":true}]}}