{"id":10042,"date":"2013-07-04T11:33:49","date_gmt":"2013-07-04T17:33:49","guid":{"rendered":"https:\/\/eloficiodehistoriar.com.mx\/?p=10042"},"modified":"2013-07-04T11:33:49","modified_gmt":"2013-07-04T17:33:49","slug":"las-dos-latinoamericas-se-alejan-aguas","status":"publish","type":"post","link":"https:\/\/eloficiodehistoriar.com.mx\/?p=10042","title":{"rendered":"Las dos Latinoam\u00e9ricas se alejan, \u00a1aguas!"},"content":{"rendered":"<p>&nbsp;<\/p>\n<p><em><strong>Las dos Latinoam\u00e9ricas se alejan<\/strong><\/em><\/p>\n<p><em><strong>M\u00e9xico y Colombia despegan mientras la democracia recula en Ecuador y Argentina<\/strong><\/em><\/p>\n<p><em><strong>Pierpaolo Barbieri<\/strong><\/em><\/p>\n<p>En Buenos Aires, hace una semana, vi una pintada que dec\u00eda: \u201cCon Maduro y con Cristina, esta revoluci\u00f3n no termina\u201d. Es un aforismo apropiado, pero no por las razones que su autor pretend\u00eda. Hace aproximadamente seis meses hablaba en estas p\u00e1ginas de dos Am\u00e9ricas Latinas: una que mejora sus instituciones y su calidad democr\u00e1tica y otra que las destruye. Las elecciones y los acontecimientos de 2013 han profundizado la brecha entre las dos.<\/p>\n<p>&nbsp;<\/p>\n<p>Por un lado est\u00e1n Colombia, M\u00e9xico y Per\u00fa, que avanzan. El proceso de paz en Bogot\u00e1 da esperanzas de reducir el riesgo pol\u00edtico ayudando al despegue econ\u00f3mico de la \u00faltima d\u00e9cada.<\/p>\n<p>&nbsp;<\/p>\n<p>M\u00e9xico, mientras tanto, es todo lo que Brasil promet\u00eda ser sin serlo. La reforma educativa y de telecomunicaciones en el contexto del Pacto por M\u00e9xico entre el Gobierno de Enrique Pe\u00f1a Nieto y la oposici\u00f3n prometen un futuro m\u00e1s equitativo y competitivo. Y la revoluci\u00f3n energ\u00e9tica se prepara para fin de a\u00f1o. El PRI parece haberse convertido en algo mejor que la \u201cdictadura perfecta\u201d que alguna vez fue y el desarrollo en M\u00e9xico lo demuestra.<\/p>\n<p>&nbsp;<\/p>\n<p>Mientras tanto, el compromiso con el libre comercio en el contexto del TPP (Trans-Pacific Partnership) crear\u00e1 nuevas oportunidades en \u00e1reas donde el resto de la regi\u00f3n se atasca. Es francamente incre\u00edble que Venezuela, un pa\u00eds que bloquea importaciones, ejerza como presidente del abandonado Mercosur, el \u00e1rea de libre comercio liderada (en teor\u00eda) por Brasil y Argentina.<\/p>\n<p>&nbsp;<\/p>\n<p>Desprovisto del carisma de Ch\u00e1vez, el gobierno de Madruo no tiene perspectivas alentadoras<\/p>\n<p>&nbsp;<\/p>\n<p>Tal como predec\u00edan las encuestas, Rafael Correa fue elegido presidente de Ecuador por tercera vez, a pesar de que la propia Constituci\u00f3n que Correa modific\u00f3 proh\u00edbe encadenar tantos mandatos. La reelecci\u00f3n fue legal dado el contexto de la Constituci\u00f3n de 2008, pero el proceso permite a uno dudar si Correa dejar\u00e1 la presidencia en 2017. \u00bfO quiz\u00e1 se buscar\u00e1 otra forma \u201cm\u00e1s democr\u00e1tica\u201d?<\/p>\n<p>&nbsp;<\/p>\n<p>La primera gran medida del nuevo mandato de Correa en Ecuador ha sido lanzar una Ley de Comunicaci\u00f3n que limitar\u00e1 severamente la libertad de prensa. Sin aparente iron\u00eda, el Gobierno ecuatoriano que defiende a Julian Assange, el fundador de Wikileaks, y al inform\u00e1tico y exempleado de la NSA Edward Snowden ante los Estados cuyas leyes han violado amenaza al mismo tiempo con expropiar medios de comunicaci\u00f3n o censurar por estado de emergencia.<\/p>\n<p>&nbsp;<\/p>\n<p>La libertad es libertad solo cuando es para todos, no solo para los amigos o quienes critiquen a Estados Unidos. Eso se llama de muchas maneras, pero no libertad.<\/p>\n<p>&nbsp;<\/p>\n<p>A pesar de que no figuraba en los calendarios, la elecci\u00f3n presidencial en Venezuela fue hist\u00f3rica. El gran protagonista de la elecci\u00f3n de Nicol\u00e1s Maduro fue el ausente Hugo Ch\u00e1vez, quien figur\u00f3 en la campa\u00f1a mucho m\u00e1s que el presidente que se eleg\u00eda. Con la memoria y el aparato del Estado en contra, la oposici\u00f3n venezolana mont\u00f3 una campa\u00f1a heroica a pesar de su derrota aparente.<\/p>\n<p>&nbsp;<\/p>\n<p>Desprovisto del carisma de Ch\u00e1vez y los altos precios del crudo, el Gobierno de Maduro no tiene perspectivas alentadoras. Los controles econ\u00f3micos asfixian la actividad y la devaluaci\u00f3n inflacionaria contin\u00faa creando pobreza a pesar de la ret\u00f3rica. La falta de papel higi\u00e9nico puede ser el resultado del sabotaje imperialista; o bien puede ser el resultado de ide\u00f3logos haciendo pol\u00edtica econ\u00f3mica. Una posibilidad es mucho m\u00e1s realista que la otra.<\/p>\n<p>&nbsp;<\/p>\n<p>La elecci\u00f3n m\u00e1s importante en lo que resta de 2013 ser\u00e1n los comicios legislativos en Argentina, donde el Gobierno de Cristina Fern\u00e1ndez de Kirchner se juega el todo por el todo.<\/p>\n<p>&nbsp;<\/p>\n<p>La campa\u00f1a de Cristina Fern\u00e1ndez recuerda al &#8216;Reino del rev\u00e9s&#8217; de Mar\u00eda Elena Walsh<\/p>\n<p>&nbsp;<\/p>\n<p>La campa\u00f1a recuerda al Reino del rev\u00e9s de Mar\u00eda Elena Walsh, aquella famosa poetisa infantil argentina. Kirchner habla de un crecimiento econ\u00f3mico que no se refleja en las estad\u00edsticas, de controles de precios mientras niega la inflaci\u00f3n que s\u00ed se plasman en las estad\u00edsticas, de socialismo mientras se implementa un blanqueo de capitales, y de pluralismo mientras acosa a cualquier medio no adicto al poder.<\/p>\n<p>&nbsp;<\/p>\n<p>\u201cMe dijeron que en el Reino del rev\u00e9s\u201d, escrib\u00eda Walsh, \u201cun ladr\u00f3n es vigilante y otro es juez y que dos y dos son tres\u201d. La \u201cdemocratizaci\u00f3n de la justicia\u201d que la Corte Suprema bloque\u00f3 por inconstitucional llev\u00f3 a los legisladores oficialistas a hablar de un \u201cgolpe de Estado\u201d judicial. Deber\u00edan haber le\u00eddo la Constituci\u00f3n sobre la que juraron sus cargos, ya que el rol de la Corte es proteger la Carta Magna de los caprichos del Congreso. Pero en Argentina la divisi\u00f3n de poderes no caracteriza a las rep\u00fablicas, sino a las \u201coligarqu\u00edas judiciales\u201d.<\/p>\n<p>&nbsp;<\/p>\n<p>El juego se completa hablando de democracia mientras se planea un cambio constitucional para bloquear la alternancia en el poder, un requerimiento hist\u00f3rico de la democracia.<\/p>\n<p>&nbsp;<\/p>\n<p>Desde la selectividad ecuatoriana ante la libertad de prensa, a la pol\u00edtica econ\u00f3mica del chavismo y la esquizofrenia de la teleolog\u00eda kirchnerista, una de las dos Am\u00e9ricas Latinas est\u00e1 a la deriva. La otra avanza, y la brecha se agranda.<\/p>\n<p>&nbsp;<\/p>\n<p>Que esta revoluci\u00f3n termine, y sus locuras con ella.<\/p>\n<p>&nbsp;<\/p>\n<p>Pierpaolo Barbieri es fellow de la Escuela kennedy de Gobierno en Harvard. Su libro Hitler&#8217;s shadow empire ser\u00e1 publicado por Harvard University Press este a\u00f1o. Su pr\u00f3ximo proyecto se centra en la historia econ\u00f3mica de Am\u00e9rica Latina.<\/p>\n","protected":false},"excerpt":{"rendered":"<p>&nbsp; Las dos Latinoam\u00e9ricas se alejan M\u00e9xico y Colombia despegan mientras la democracia recula en Ecuador y Argentina Pierpaolo Barbieri En Buenos Aires, hace una semana, vi una pintada que dec\u00eda: \u201cCon Maduro y con Cristina, esta revoluci\u00f3n no termina\u201d. Es un aforismo apropiado, pero no por las razones que su autor pretend\u00eda. Hace aproximadamente [&hellip;]<\/p>\n","protected":false},"author":249,"featured_media":0,"comment_status":"open","ping_status":"closed","sticky":false,"template":"","format":"standard","meta":{"footnotes":""},"categories":[1],"tags":[],"class_list":["post-10042","post","type-post","status-publish","format-standard","hentry","category-sin-categoria"],"_links":{"self":[{"href":"https:\/\/eloficiodehistoriar.com.mx\/index.php?rest_route=\/wp\/v2\/posts\/10042","targetHints":{"allow":["GET"]}}],"collection":[{"href":"https:\/\/eloficiodehistoriar.com.mx\/index.php?rest_route=\/wp\/v2\/posts"}],"about":[{"href":"https:\/\/eloficiodehistoriar.com.mx\/index.php?rest_route=\/wp\/v2\/types\/post"}],"author":[{"embeddable":true,"href":"https:\/\/eloficiodehistoriar.com.mx\/index.php?rest_route=\/wp\/v2\/users\/249"}],"replies":[{"embeddable":true,"href":"https:\/\/eloficiodehistoriar.com.mx\/index.php?rest_route=%2Fwp%2Fv2%2Fcomments&post=10042"}],"version-history":[{"count":2,"href":"https:\/\/eloficiodehistoriar.com.mx\/index.php?rest_route=\/wp\/v2\/posts\/10042\/revisions"}],"predecessor-version":[{"id":10044,"href":"https:\/\/eloficiodehistoriar.com.mx\/index.php?rest_route=\/wp\/v2\/posts\/10042\/revisions\/10044"}],"wp:attachment":[{"href":"https:\/\/eloficiodehistoriar.com.mx\/index.php?rest_route=%2Fwp%2Fv2%2Fmedia&parent=10042"}],"wp:term":[{"taxonomy":"category","embeddable":true,"href":"https:\/\/eloficiodehistoriar.com.mx\/index.php?rest_route=%2Fwp%2Fv2%2Fcategories&post=10042"},{"taxonomy":"post_tag","embeddable":true,"href":"https:\/\/eloficiodehistoriar.com.mx\/index.php?rest_route=%2Fwp%2Fv2%2Ftags&post=10042"}],"curies":[{"name":"wp","href":"https:\/\/api.w.org\/{rel}","templated":true}]}}