{"id":10047,"date":"2013-07-05T11:41:38","date_gmt":"2013-07-05T17:41:38","guid":{"rendered":"https:\/\/eloficiodehistoriar.com.mx\/?p=10047"},"modified":"2013-07-05T11:42:44","modified_gmt":"2013-07-05T17:42:44","slug":"fuera-los-negros-de-sudafrica-le-gritaba-a-mandela-y-mandela-resiste","status":"publish","type":"post","link":"https:\/\/eloficiodehistoriar.com.mx\/?p=10047","title":{"rendered":"\u00a1Fuera los negros de Sudafrica! le gritaba a Mandela y Mandela Resiste"},"content":{"rendered":"<h3>Nelson Mandela<\/h3>\n<p>&nbsp;<\/p>\n<p><b>Nelson Rolihlahla Mandela<\/b>, destacado pol\u00edtico sudafricano, reconocido mundialmente por su pol\u00edtica basada en un socialismo africano: nacionalista, antirracista y antiimperialista.<\/p>\n<p>Naci\u00f3 el 18 de julio de 1918 en Transkei. Fue elegido miembro del\u00a0<b>Consejo de Representantes Estudiantiles<\/b>\u00a0en el colegio universitario donde estudi\u00f3, siendo luego expulsado junto con un compa\u00f1ero, por participar en una huelga estudiantil. Se traslad\u00f3 a Johannesburgo, donde en 1941 complet\u00f3 sus estudios de bachillerato por correspondencia en la Unisa, y luego estudi\u00f3 derecho en la Universidad de Wiswatersrand.<\/p>\n<p>En 1944,\u00a0<b>Mandela<\/b>\u00a0ingresa en el\u00a0<b>Congreso Nacional Africano (ANC)<\/b>\u00a0un movimiento de lucha contra la opresi\u00f3n de los negros sudafricanos. Entre 1952 y 1959, el Congreso sufre una ruptura, y surge una nueva clase de activistas negros,\u00a0<b>los africanistas<\/b>, en demanda de acciones m\u00e1s dr\u00e1sticas<b>contra el r\u00e9gimen del Partido Nacional<\/b>.<\/p>\n<p>El endurecimiento del r\u00e9gimen racista lleg\u00f3 a su culminaci\u00f3n en 1956, con el plan del gobierno de crear siete reservas o bantustanes, territorios marginales supuestamente independientes, en los que confinar a la mayor\u00eda negra. El\u00a0<b>ANC<\/b>\u00a0respondi\u00f3 con\u00a0<b>manifestaciones y boicoteos<\/b>, que condujeron a la detenci\u00f3n de la mayor parte de sus dirigentes,\u00a0<b>Mandela<\/b>\u00a0y otros 150 compa\u00f1eros son arrestados el 5 de diciembre de 1956 y sentenciados a prisi\u00f3n, que cumplen entre 1956 y 1983 hasta ser liberados. Mientras estuvo en la c\u00e1rcel, su reputaci\u00f3n creci\u00f3 y lleg\u00f3 a ser conocido como el l\u00edder negro m\u00e1s importante en Sud\u00e1frica. Mandela nunca comprometer\u00eda a su organizaci\u00f3n a abandonar la lucha armada a cambio de la libertad personal.<\/p>\n<p>En 1961\u00a0<b>Mandela<\/b>\u00a0fue elegido secretario honorario del\u00a0<b>Congreso de Acci\u00f3n Nacional de Toda \u00c1frica<\/b>, un nuevo movimiento clandestino que adopt\u00f3 el sabotaje como medio de lucha contra el r\u00e9gimen de la reci\u00e9n proclamada Rep\u00fablica Sudafricana; y se encarg\u00f3 de dirigir el brazo armado del\u00a0<b>ANC<\/b>\u00a0(la Lanza de la Naci\u00f3n). Su estrategia se centr\u00f3 en atacar instalaciones de importancia econ\u00f3mica o de valor simb\u00f3lico, excluyendo atentar contra vidas humanas.<\/p>\n<p><b>Frederik De Klerk<\/b>, presidente de la\u00a0<b>Rep\u00fablica por el Partido Nacional<\/b>, fue quien finalmente liber\u00f3 a\u00a0<b>Nelson Mandela<\/b>\u00a0en 1990, convirti\u00e9ndolo en su principal interlocutor para negociar el proceso de democratizaci\u00f3n. Ambos compartieron el\u00a0<b>Premio Nobel de la Paz<\/b>\u00a0en 1993. Un a\u00f1o m\u00e1s tarde<b>Mandela<\/b>\u00a0se convirti\u00f3 en el primer presidente negro de Sud\u00e1frica. Desde ese cargo\u00a0<b>Nelson Mandela<\/b>\u00a0puso en marcha una pol\u00edtica de reconciliaci\u00f3n nacional.<\/p>\n<p>A lo largo de su trayectoria pol\u00edtica,\u00a0<b>Mandela<\/b>\u00a0ha sido galardonado con diversos premios y condecoraciones.<\/p>\n","protected":false},"excerpt":{"rendered":"<p>Nelson Mandela &nbsp; Nelson Rolihlahla Mandela, destacado pol\u00edtico sudafricano, reconocido mundialmente por su pol\u00edtica basada en un socialismo africano: nacionalista, antirracista y antiimperialista. Naci\u00f3 el 18 de julio de 1918 en Transkei. Fue elegido miembro del\u00a0Consejo de Representantes Estudiantiles\u00a0en el colegio universitario donde estudi\u00f3, siendo luego expulsado junto con un compa\u00f1ero, por participar en una [&hellip;]<\/p>\n","protected":false},"author":249,"featured_media":0,"comment_status":"open","ping_status":"closed","sticky":false,"template":"","format":"standard","meta":{"footnotes":""},"categories":[1],"tags":[],"class_list":["post-10047","post","type-post","status-publish","format-standard","hentry","category-sin-categoria"],"_links":{"self":[{"href":"https:\/\/eloficiodehistoriar.com.mx\/index.php?rest_route=\/wp\/v2\/posts\/10047","targetHints":{"allow":["GET"]}}],"collection":[{"href":"https:\/\/eloficiodehistoriar.com.mx\/index.php?rest_route=\/wp\/v2\/posts"}],"about":[{"href":"https:\/\/eloficiodehistoriar.com.mx\/index.php?rest_route=\/wp\/v2\/types\/post"}],"author":[{"embeddable":true,"href":"https:\/\/eloficiodehistoriar.com.mx\/index.php?rest_route=\/wp\/v2\/users\/249"}],"replies":[{"embeddable":true,"href":"https:\/\/eloficiodehistoriar.com.mx\/index.php?rest_route=%2Fwp%2Fv2%2Fcomments&post=10047"}],"version-history":[{"count":3,"href":"https:\/\/eloficiodehistoriar.com.mx\/index.php?rest_route=\/wp\/v2\/posts\/10047\/revisions"}],"predecessor-version":[{"id":10049,"href":"https:\/\/eloficiodehistoriar.com.mx\/index.php?rest_route=\/wp\/v2\/posts\/10047\/revisions\/10049"}],"wp:attachment":[{"href":"https:\/\/eloficiodehistoriar.com.mx\/index.php?rest_route=%2Fwp%2Fv2%2Fmedia&parent=10047"}],"wp:term":[{"taxonomy":"category","embeddable":true,"href":"https:\/\/eloficiodehistoriar.com.mx\/index.php?rest_route=%2Fwp%2Fv2%2Fcategories&post=10047"},{"taxonomy":"post_tag","embeddable":true,"href":"https:\/\/eloficiodehistoriar.com.mx\/index.php?rest_route=%2Fwp%2Fv2%2Ftags&post=10047"}],"curies":[{"name":"wp","href":"https:\/\/api.w.org\/{rel}","templated":true}]}}