{"id":10578,"date":"2013-10-05T12:20:50","date_gmt":"2013-10-05T18:20:50","guid":{"rendered":"https:\/\/eloficiodehistoriar.com.mx\/?p=10578"},"modified":"2013-10-05T12:20:50","modified_gmt":"2013-10-05T18:20:50","slug":"obispo-jorge-carlos-patron-wong-donde-un-servidor-pueda-ayudar-a-su-iglesia-pueden-contar-conmigo","status":"publish","type":"post","link":"https:\/\/eloficiodehistoriar.com.mx\/?p=10578","title":{"rendered":"Obispo Jorge Carlos Patr\u00f3n Wong: donde un servidor pueda ayudar a su Iglesia pueden contar conmigo\u00bb."},"content":{"rendered":"<p><strong>\u00abCuando la Iglesia te pida algo t\u00fa di s\u00ed. Despu\u00e9s uno ve c\u00f3mo le hace\u00bb. Monse\u00f1or Jorge Carlos Patr\u00f3n Wong<\/strong><\/p>\n<p><strong>Abad Herver Hern\u00e1ndez<\/strong><\/p>\n<p><strong>Arquidi\u00f3cesis de Xalapa<\/strong><\/p>\n<p>Obispo conocido por su gran participaci\u00f3n en las redes sociales, cercano a los feligreses, que denota una enorme alegr\u00eda y confianza, adem\u00e1s de una humildad que fascina, monse\u00f1or Jorge Carlos Patr\u00f3n Wong hoy nombrado por el papa Francisco Secretario para los Seminarios de la Congregaci\u00f3n para el Clero del Vaticano y elev\u00e1ndolo a su vez a la dignidad de arzobispo.<\/p>\n<p>&nbsp;<\/p>\n<p>Monse\u00f1or Patr\u00f3n Wong es originario de M\u00e9rida, Yucat\u00e1n, mismo lugar donde estudi\u00f3 y se orden\u00f3 sacerdote en enero de 1988. Es un obispo formador, con m\u00e1s de 16 a\u00f1os de experiencia, fue prefecto del Seminario menor de Yucat\u00e1n y rector del mismo. Tambi\u00e9n fue presidente de la Organizaci\u00f3n de Seminarios Mexicanos (OSMEX) y presidente de la Organizaci\u00f3n de Seminarios Latinoamericanos (OSLAM). En octubre de 2009 fue nombrado por el papa em\u00e9rito Benedicto XVI, obispo coadjutor de Papantla y en mayo del 2012 VII obispo del mismo lugar. Con esta trayectoria su nombramiento no resulta sorpresivo para las personas que m\u00e1s conocen su formaci\u00f3n, pero en entrevista para \u201cAl\u00e9grate\u201d comenta. \u00abJam\u00e1s pens\u00e9 en una posibilidad de ser secretario de una Congregaci\u00f3n del Vaticano, me lleg\u00f3 una llamada telef\u00f3nica a las 5 de la ma\u00f1ana, de esas que cambian la vida, del Nuncio apost\u00f3lico; \u00e9l se encontraba en Europa y recibi\u00f3 una llamada del Cardenal Bertone (Secretario de Estado del Vaticano) porque el papa hab\u00eda elegido a un mexicano para esta nueva misi\u00f3n y el Nuncio apost\u00f3lico ten\u00eda la obligaci\u00f3n de hablar con ese mexicano, que era Jorge Carlos Patr\u00f3n Wong, as\u00ed de sencillo, as\u00ed de claro\u00bb.<\/p>\n<p>&nbsp;<\/p>\n<p>\u00abMi respuesta inmediata fue s\u00ed\u00bb. Recuerda en este momento la ense\u00f1anza del obispo Manuel Castro Ruiz. \u00abCuando la Iglesia te pida algo a trav\u00e9s de sus superiores leg\u00edtimos, t\u00fa di s\u00ed con la oraci\u00f3n al Esp\u00edritu Santo, despu\u00e9s uno ve c\u00f3mo le hace\u00bb. Cuando se le solicit\u00f3 ser obispo de Papantla inmediatamente dijo que s\u00ed, cuando fue rector del Seminario dijo s\u00ed, y as\u00ed espera responder a lo que la Iglesia cat\u00f3lica necesita. \u00abLo primero que hice a las 5 de la ma\u00f1ana, cuando recib\u00ed la noticia, fue dirigirme a la capilla a orar, contemplando, pellizc\u00e1ndome para saber si lo que estaba viviendo no era un sue\u00f1o y frente al Sant\u00edsimo darle gracias a Dios por esta distinci\u00f3n que no es para una persona, es una distinci\u00f3n y confianza a M\u00e9xico y a Am\u00e9rica Latina. Con esto el papa nos dice que quiere estar cerca de M\u00e9xico, lo tiene muy presente; el hecho de escoger a un mexicano es para tener a M\u00e9xico cerca, es un regalo de Dios y todos los regalos de Dios son sorpresivos, ni los merecemos ni los esperamos pero agradezco este regalo\u00bb.<\/p>\n<p>&nbsp;<\/p>\n<p>Desde su nombramiento como obispo coadjutor de Papantla hasta el nombramiento como VII obispo, s\u00f3lo hab\u00edan pasado 4 de a\u00f1os de servicio; podr\u00eda decirse que es poco tiempo\u00a0 para poder conocer y apegarse a una comunidad. Sin embargo, monse\u00f1or Patr\u00f3n Wong agradece enormemente el respaldo dado, no solamente por Papantla, sino por Monse\u00f1or Hip\u00f3lito Reyes Larios, que lo apoy\u00f3 en todo momento, lo hizo un hermano m\u00e1s de la provincia. \u00abA Papantla le dejo la experiencia de Iglesia que vivimos, que fue una experiencia de mucha participaci\u00f3n, de mucha comuni\u00f3n, una renovaci\u00f3n profunda de la fe, de la dignidad que cada sacerdote, cada religiosa, cada laico tiene; vivimos especialmente un a\u00f1o de transformaciones estructurales y de actitudes, y renovamos nuestra espiritualidad. Agradezco enormemente a la provincia de Xalapa, a Puebla donde tambi\u00e9n estuve y a la di\u00f3cesis de Yucat\u00e1n\u00bb, coment\u00f3.<\/p>\n<p>&nbsp;<\/p>\n<p>Durante su a\u00f1o como obispo titular de Papantla fue testigo del gran trabajo que se logr\u00f3 con los sacerdotes, de la renovaci\u00f3n de la participaci\u00f3n de los laicos, de un equipo efectivo de formadores del Seminario entre m\u00e1s actividades que dieron fortaleza a la estructura de la di\u00f3cesis. \u00abS\u00e9 que mi misi\u00f3n se acaba en la di\u00f3cesis de Papantla y viene un nuevo obispo y un buen obispo para continuar lo que hemos logrado todos juntos; les quiero mucho, me llevo la experiencia de la di\u00f3cesis de Papantla, de la provincia, la llevo en el coraz\u00f3n, decirles donde Jorge Carlos est\u00e9, van a tener un arzobispo amigo, donde un servidor pueda ayudar a su Iglesia pueden contar conmigo\u00bb.<\/p>\n<p>&nbsp;<\/p>\n<p>Toda nueva etapa en la vida de las personas trae consigo, mas experiencias, expectativas y tambi\u00e9n retos. Menciona que \u00abel gran reto es que el coraz\u00f3n cat\u00f3lico que uno tiene se haga con vida cat\u00f3lica; voy a entrar en contacto con continentes enteros que yo no conozco, \u00c1frica, Ocean\u00eda, conozco Am\u00e9rica Latina por el cargo que tuve como presidente de la Organizaci\u00f3n de Seminarios de Am\u00e9rica Latina; conozco algunos casos en Canad\u00e1, en Estados Unidos, por la cercan\u00eda geogr\u00e1fica, pero me va a tocar como reto entrar en una din\u00e1mica verdaderamente universal; yo le pido a Dios que tenga un coraz\u00f3n abierto, un coraz\u00f3n cat\u00f3lico, que es un coraz\u00f3n sin fronteras\u00bb.<\/p>\n<p>&nbsp;<\/p>\n<p>Monse\u00f1or Patr\u00f3n Wong solicit\u00f3 al Santo Padre empezar con su cargo despu\u00e9s de noviembre, una vez terminadas las actividades del A\u00f1o de la fe, para as\u00ed poder convivir m\u00e1s tiempo con la comunidad. Menciona tambi\u00e9n que le han llegado cientos de tweets felicit\u00e1ndolo por este nuevo nombramiento, as\u00ed como mensajes en Facebook. \u00abMe tomar\u00e1 d\u00edas el poder leer cada uno de los mensajes de apoyo y felicitaci\u00f3n que he recibido por parte de todos los mexicanos, nunca pens\u00e9 el alcance que esto pudiera tener, pero agradezco a cada uno de ellos ese apoyo incondicional\u00bb.<\/p>\n","protected":false},"excerpt":{"rendered":"<p>\u00abCuando la Iglesia te pida algo t\u00fa di s\u00ed. Despu\u00e9s uno ve c\u00f3mo le hace\u00bb. Monse\u00f1or Jorge Carlos Patr\u00f3n Wong Abad Herver Hern\u00e1ndez Arquidi\u00f3cesis de Xalapa Obispo conocido por su gran participaci\u00f3n en las redes sociales, cercano a los feligreses, que denota una enorme alegr\u00eda y confianza, adem\u00e1s de una humildad que fascina, monse\u00f1or Jorge [&hellip;]<\/p>\n","protected":false},"author":249,"featured_media":0,"comment_status":"open","ping_status":"closed","sticky":false,"template":"","format":"standard","meta":{"footnotes":""},"categories":[1],"tags":[],"class_list":["post-10578","post","type-post","status-publish","format-standard","hentry","category-sin-categoria"],"_links":{"self":[{"href":"https:\/\/eloficiodehistoriar.com.mx\/index.php?rest_route=\/wp\/v2\/posts\/10578","targetHints":{"allow":["GET"]}}],"collection":[{"href":"https:\/\/eloficiodehistoriar.com.mx\/index.php?rest_route=\/wp\/v2\/posts"}],"about":[{"href":"https:\/\/eloficiodehistoriar.com.mx\/index.php?rest_route=\/wp\/v2\/types\/post"}],"author":[{"embeddable":true,"href":"https:\/\/eloficiodehistoriar.com.mx\/index.php?rest_route=\/wp\/v2\/users\/249"}],"replies":[{"embeddable":true,"href":"https:\/\/eloficiodehistoriar.com.mx\/index.php?rest_route=%2Fwp%2Fv2%2Fcomments&post=10578"}],"version-history":[{"count":1,"href":"https:\/\/eloficiodehistoriar.com.mx\/index.php?rest_route=\/wp\/v2\/posts\/10578\/revisions"}],"predecessor-version":[{"id":10579,"href":"https:\/\/eloficiodehistoriar.com.mx\/index.php?rest_route=\/wp\/v2\/posts\/10578\/revisions\/10579"}],"wp:attachment":[{"href":"https:\/\/eloficiodehistoriar.com.mx\/index.php?rest_route=%2Fwp%2Fv2%2Fmedia&parent=10578"}],"wp:term":[{"taxonomy":"category","embeddable":true,"href":"https:\/\/eloficiodehistoriar.com.mx\/index.php?rest_route=%2Fwp%2Fv2%2Fcategories&post=10578"},{"taxonomy":"post_tag","embeddable":true,"href":"https:\/\/eloficiodehistoriar.com.mx\/index.php?rest_route=%2Fwp%2Fv2%2Ftags&post=10578"}],"curies":[{"name":"wp","href":"https:\/\/api.w.org\/{rel}","templated":true}]}}