{"id":10580,"date":"2013-10-07T17:47:20","date_gmt":"2013-10-07T23:47:20","guid":{"rendered":"https:\/\/eloficiodehistoriar.com.mx\/?p=10580"},"modified":"2013-10-07T17:52:35","modified_gmt":"2013-10-07T23:52:35","slug":"el-rock-en-mexico-1950-2010-en-el-museo-del-objeto","status":"publish","type":"post","link":"https:\/\/eloficiodehistoriar.com.mx\/?p=10580","title":{"rendered":"El Rock en M\u00e9xico 1950-2010 en el Museo del Objeto"},"content":{"rendered":"<p>A partir del 29 de agosto<\/p>\n<p style=\"color: #333333; font-style: normal; line-height: 24px;\"><a style=\"font-style: normal; line-height: 24px; text-decoration: underline;\" href=\"https:\/\/eloficiodehistoriar.com.mx\/wp-content\/uploads\/2013\/10\/rock-540x599.png\"><img loading=\"lazy\" decoding=\"async\" class=\"size-medium wp-image-10581 alignleft\" style=\"border-color: #bbbbbb; background-color: #eeeeee;\" alt=\"Exposici\u00f3n El Rock en M\u00e9xico 1950-2010\" src=\"https:\/\/eloficiodehistoriar.com.mx\/wp-content\/uploads\/2013\/10\/rock-540x599-270x300.png\" width=\"270\" height=\"300\" srcset=\"https:\/\/eloficiodehistoriar.com.mx\/wp-content\/uploads\/2013\/10\/rock-540x599-270x300.png 270w, https:\/\/eloficiodehistoriar.com.mx\/wp-content\/uploads\/2013\/10\/rock-540x599.png 540w\" sizes=\"auto, (max-width: 270px) 100vw, 270px\" \/><\/a><\/p>\n<p>El rock es un lenguaje, una cultura, una forma de expresi\u00f3n y sensibilizaci\u00f3n social. A trav\u00e9s de este g\u00e9nero -desde su origen y a lo largo de su historia- la juventud ha podido articular de manera efectiva diferentes demandas. Revisar la historia del rock nos lleva, por un lado, al relato de un conjunto de tensiones culturales entre los sectores sociales, pol\u00edticos y econ\u00f3micos; as\u00ed como de las conquistas logradas por parte de los agentes culturales involucrados. Esta exposici\u00f3n relata el origen y transformaci\u00f3n de la capacidad disruptiva del rock a lo largo de su historia en nuestro pa\u00eds. Es la historia de nuevas<\/p>\n<p>formas de comportamiento juvenil, de c\u00f3mo la experiencia del ser joven se transform\u00f3 irreversiblemente y se constituy\u00f3 como una categor\u00eda cultural.<\/p>\n<p>La historia de este g\u00e9nero constituye una vertiente para revisar y reflexionar sobre nuestra propia historia cultural. Hoy en d\u00eda, el rock genera industria y entretenimiento, pero detr\u00e1s de la l\u00f3gica de consumo hay una riqueza hist\u00f3rica que lo respalda y lo coloca como eje de muchos ideales dentro de nuestra sociedad.<\/p>\n<p>Con esta exposici\u00f3n, por primera vez en el contexto de un museo, se realiza un recorrido de la historia del rock en M\u00e9xico, desde la d\u00e9cada de los cincuenta hasta los primeros a\u00f1os del siglo XXI, a partir de objetos, documentos, carteles y volantes; im\u00e1genes, narraciones hist\u00f3ricas, material de audio y video.<\/p>\n<h3><a href=\"http:\/\/elmodo.mx\/visita-el-museo\/\">VISITA EL MUSEO<\/a><\/h3>\n<p>Colima 145,<br \/>\nLa Roma<br \/>\nCiudad de M\u00e9xico<br \/>\nAbierto de mi\u00e9rcoles a domingo de 10 a 18 hrs.<br \/>\nTel\u00e9fono: 5533 96 37<\/p>\n","protected":false},"excerpt":{"rendered":"<p>A partir del 29 de agosto El rock es un lenguaje, una cultura, una forma de expresi\u00f3n y sensibilizaci\u00f3n social. A trav\u00e9s de este g\u00e9nero -desde su origen y a lo largo de su historia- la juventud ha podido articular de manera efectiva diferentes demandas. Revisar la historia del rock nos lleva, por un lado, [&hellip;]<\/p>\n","protected":false},"author":249,"featured_media":0,"comment_status":"open","ping_status":"closed","sticky":false,"template":"","format":"standard","meta":{"footnotes":""},"categories":[8,21,11,10,22,9],"tags":[],"class_list":["post-10580","post","type-post","status-publish","format-standard","hentry","category-ciudad-de-queretaro","category-espectaculos","category-fotografia","category-historia","category-musica","category-otros-lugares"],"_links":{"self":[{"href":"https:\/\/eloficiodehistoriar.com.mx\/index.php?rest_route=\/wp\/v2\/posts\/10580","targetHints":{"allow":["GET"]}}],"collection":[{"href":"https:\/\/eloficiodehistoriar.com.mx\/index.php?rest_route=\/wp\/v2\/posts"}],"about":[{"href":"https:\/\/eloficiodehistoriar.com.mx\/index.php?rest_route=\/wp\/v2\/types\/post"}],"author":[{"embeddable":true,"href":"https:\/\/eloficiodehistoriar.com.mx\/index.php?rest_route=\/wp\/v2\/users\/249"}],"replies":[{"embeddable":true,"href":"https:\/\/eloficiodehistoriar.com.mx\/index.php?rest_route=%2Fwp%2Fv2%2Fcomments&post=10580"}],"version-history":[{"count":3,"href":"https:\/\/eloficiodehistoriar.com.mx\/index.php?rest_route=\/wp\/v2\/posts\/10580\/revisions"}],"predecessor-version":[{"id":10584,"href":"https:\/\/eloficiodehistoriar.com.mx\/index.php?rest_route=\/wp\/v2\/posts\/10580\/revisions\/10584"}],"wp:attachment":[{"href":"https:\/\/eloficiodehistoriar.com.mx\/index.php?rest_route=%2Fwp%2Fv2%2Fmedia&parent=10580"}],"wp:term":[{"taxonomy":"category","embeddable":true,"href":"https:\/\/eloficiodehistoriar.com.mx\/index.php?rest_route=%2Fwp%2Fv2%2Fcategories&post=10580"},{"taxonomy":"post_tag","embeddable":true,"href":"https:\/\/eloficiodehistoriar.com.mx\/index.php?rest_route=%2Fwp%2Fv2%2Ftags&post=10580"}],"curies":[{"name":"wp","href":"https:\/\/api.w.org\/{rel}","templated":true}]}}