{"id":10587,"date":"2013-10-08T12:43:41","date_gmt":"2013-10-08T18:43:41","guid":{"rendered":"https:\/\/eloficiodehistoriar.com.mx\/?p=10587"},"modified":"2013-10-08T12:43:41","modified_gmt":"2013-10-08T18:43:41","slug":"america-latina-en-su-peor-ano-en-los-ultimos-diez","status":"publish","type":"post","link":"https:\/\/eloficiodehistoriar.com.mx\/?p=10587","title":{"rendered":"Am\u00e9rica Latina en su peor a\u00f1o en los \u00faltimos diez"},"content":{"rendered":"<p><strong>El PIB de Am\u00e9rica Latina y Caribe afronta uno de los peores a\u00f1os de la d\u00e9cada<\/strong><\/p>\n<p><strong>El Fondo cree que el fin de los est\u00edmulos puede afectar a la regi\u00f3n, aunque de forma limitada<\/strong><\/p>\n<p><strong>\u00a0<\/strong><\/p>\n<p><strong>\u00a0\u00a0\u00a0 El FMI prev\u00e9 una mejora del PIB para Espa\u00f1a, pero con m\u00e1s paro<\/strong><\/p>\n<p>&nbsp;<\/p>\n<p>Sandro Pozzi<\/p>\n<p>Nueva York<\/p>\n<p>Cambio a la vista en el motor de la econom\u00eda mundial. Si los pa\u00edses emergentes fueron los que impulsaron el crecimiento durante los \u00faltimos cinco a\u00f1os, ahora levantan el pie del acelerador antes de compartir el mando. En el caso de las econom\u00edas de Am\u00e9rica Latina y Caribe, eso se traduce en un crecimiento del 2,7% para este a\u00f1o, uno de los m\u00e1s bajos de la \u00faltima d\u00e9cada, de acuerdo con la \u00faltima proyecci\u00f3n del Fondo Monetario Internacional.<\/p>\n<p>&nbsp;<\/p>\n<p>El recorte es importante. La previsi\u00f3n que public\u00f3 hace seis meses el FMI daba una expansi\u00f3n del 3,4% para este a\u00f1o. Ahora lo sit\u00faa dos d\u00e9cimas por debajo al de 2012. Como indica el informe que se someter\u00e1 a la reuni\u00f3n de esta semana en Washington, en el caso de Latinoam\u00e9rica dominan en este momento factores que tiran a la baja del crecimiento, en gran medida porque las condiciones externas son menos favorables.<\/p>\n<p>&nbsp;<\/p>\n<p>El FMI se\u00f1ala en todo caso que el crecimiento volver\u00e1 tomar fuerza de forma gradual hasta alcanzar el 3,1% en 2014, gracias a un repunte la demanda externa. En este caso, la nueva proyecci\u00f3n se queda ocho d\u00e9cimas por debajo a la en abril. Pese a la moderaci\u00f3n prevista, la regi\u00f3n crecer\u00e1 cerca de la media global. Para este a\u00f1o, la proyecci\u00f3n es de una expansi\u00f3n del 2,9% en todo el mundo y del 1,2% para las econom\u00edas avanzadas.<\/p>\n<p>m\u00e1s informaci\u00f3n<\/p>\n<p>&nbsp;<\/p>\n<p>El FMI pide un plan coordinado para la retirada de los est\u00edmulos monetarios<\/p>\n<p>Opini\u00f3n: El verdadero gigante de Latinoam\u00e9rica<\/p>\n<p>La retirada de est\u00edmulos en Estados Unidos juega contra los emergentes<\/p>\n<p>EE UU y el freno de los emergentes lastran la recuperaci\u00f3n<\/p>\n<p>La regi\u00f3n busca la atenci\u00f3n de los inversores espa\u00f1oles<\/p>\n<p>&nbsp;<\/p>\n<p>Pero el FMI tambi\u00e9n considera que Am\u00e9rica Latina es la regi\u00f3n m\u00e1s vulnerable ante un cambio de pol\u00edtica monetaria en EE UU, sobre todo si los tipos de inter\u00e9s de los bonos suben r\u00e1pido. Para el conjunto de los mercados emergentes, la proyecci\u00f3n del FMI es de una expansi\u00f3n del 4,5% este a\u00f1o, frente al 5,3% que dijo en abril y el 4,9% que registr\u00f3 en 2012. El que viene repuntar\u00e1 al 5,1%, tambi\u00e9n lejos del 5,7% que hab\u00eda previsto.<\/p>\n<p>&nbsp;<\/p>\n<p>El gran temor del FMI es que la Reserva Federal proceda a retirar los est\u00edmulos sin que la econom\u00eda se haya recuperado por completo y crear volatilidad en el mercado. El proceso de abandono podr\u00eda empezar tan pronto como a finales de octubre, pero su efecto en el flujo de los capitales se nota desde hace meses. Las econom\u00edas m\u00e1s vulnerables son la de los pa\u00edses cuyas divisas est\u00e1n aparejadas al d\u00f3lar estadounidense.<\/p>\n<p>&nbsp;<\/p>\n<p>La pol\u00edtica de dinero barato en EE UU provoc\u00f3 que la inversi\u00f3n extranjera se dirigiera hacia Am\u00e9rica Latina, lo que ayud\u00f3 a potenciar su crecimiento durante la crisis tras superar el bache de 2009. Pero este a\u00f1o, como indican desde el FMI, ya se observa una desaceleraci\u00f3n significativa. Christine Largade ha pedido por eso a la Fed que act\u00fae con responsabilidad y pensando en los efectos que puede causar fuera de Estados Unidos.<\/p>\n<p>&nbsp;<\/p>\n<p>\u201cAl repatriar los inversores fondos hacia EE UU, los pa\u00edses m\u00e1s expuestos ser\u00e1n lo que tiene una posici\u00f3n fiscal m\u00e1s d\u00e9bil y una inflaci\u00f3n m\u00e1s alta\u201d, se\u00f1ala Olivier Blanchard. Pese al riesgo, el FMI no cree que esta vez el inicio hacia la transici\u00f3n monetaria vaya a tener un efecto desestabilizador de las econom\u00edas en Latinoam\u00e9rica, como en el pasado. Augura m\u00e1s bien que ser\u00e1 \u201climitado\u201d.<\/p>\n<p>Previsiones por pa\u00edses<\/p>\n<p>&nbsp;<\/p>\n<p>M\u00e9xico, por ejemplo, cuenta ahora con un tipo de cambio m\u00e1s flexible, una inflaci\u00f3n m\u00e1s baja y una mejor pol\u00edtica fiscal, lo que amortiguar\u00e1n cambios. La proyecci\u00f3n del FMI es de un crecimiento del 1,2% frente al 3,6% en 2012. El recorte en la previsi\u00f3n es de m\u00e1s de dos puntos, reflejo del fuerte debilitamiento en el primer semestre. Volver\u00e1 al 3% en 2014, gracias a un repunte de la demanda en EE UU y al impacto de las reformas.<\/p>\n<p>&nbsp;<\/p>\n<p>En el caso de Brasil, la econom\u00eda m\u00e1s importante de la regi\u00f3n, rebaja su previsi\u00f3n al 2,5% este a\u00f1o y el pr\u00f3ximo. Hace seis meses proyect\u00f3 un crecimiento del 3% en 2013 y del 4% en 2014. La depreciaci\u00f3n de su moneda le ayudar\u00e1 a mejorar la competitividad exterior y amortiguar\u00e1 \u201cparcialmente\u201d el impacto de un incremento de tipos, dicen los econom\u00edas del Fondo. Pero la alta inflaci\u00f3n juega en contra y puede lastrar el consumo. La incertidumbre pol\u00edtica frenar\u00e1 la actividad.<\/p>\n<p>&nbsp;<\/p>\n<p>El FMI proyecta ahora para Argentina un crecimiento del 3,5% para este a\u00f1o, con lo que casi dobla el 1,9% con el que se cerr\u00f3 2012 y es mejor que el 2,8% que anticip\u00f3 en el informe de primavera. El ritmo de la expansi\u00f3n se moderar\u00e1 al 2,8% en 2014, en este caso se recorta frente al 3,5% que recog\u00eda en la previsi\u00f3n de hace seis meses.<\/p>\n<p>&nbsp;<\/p>\n<p>En el caso concreto de Colombia, el Fondo anticipa una moderaci\u00f3n del crecimiento desde el 4% en 2012 al 3,7% en 2013, para de ah\u00ed volver al 4,2%. Hace seis meses la proyecci\u00f3n fue del 4,1% y del 4,5%, reflejo de los cuellos de botella con los que se puede topar su econom\u00eda por la ca\u00edda en el precio y en la demanda de las materias primas.<\/p>\n<p>&nbsp;<\/p>\n<p>Para Chile, Per\u00fa y Uruguay, tambi\u00e9n se espera una moderaci\u00f3n del crecimiento a un nivel m\u00e1s sostenido, aunque seguir\u00e1 siendo \u201crelativamente fuerte\u201d. El FMI cree que en su caso el incremento de los salarios y las bajas tasas de paro deber\u00edan apoyar el consumo privado.<\/p>\n<p>&nbsp;<\/p>\n<p>Precisamente, sobre la dependencia general hacia el negocio de las materias primas, el FMI advierte de que considera este v\u00ednculo como el principal riesgo para la regi\u00f3n. Los motivos son la ca\u00edda de precios y la disminuci\u00f3n de la demanda en pa\u00edses hacia los que exporta, como China. En este caso en concreto se cita tambi\u00e9n a Venezuela. Por lo general, solo este componente se comer\u00e1 medio punto del crecimiento en la regi\u00f3n.<\/p>\n<p>La situaci\u00f3n fiscal empeora<\/p>\n<p>&nbsp;<\/p>\n<p>De nuevo, el FMI pide que se preste atenci\u00f3n al gasto p\u00fablico ahora que estudian medidas para hacer frente a la moderaci\u00f3n del crecimiento. En algunos pa\u00edses, como Brasil, el margen es m\u00ednimo. Es m\u00e1s, por lo general se considera que la situaci\u00f3n fiscal es peor en este momento que antes de la crisis. Problema al que se le suma un mayor d\u00e9ficit en la balanza de pagos.<\/p>\n<p>&nbsp;<\/p>\n<p>\u201cTratar de mantener tasas insostenibles de crecimiento por la v\u00eda de los est\u00edmulos fiscales lo \u00fanico que har\u00e1 es debilitar la finanzas p\u00fablicas y elevar el d\u00e9ficit exterior\u201d, advierte el FMI, que deja claro que cada pa\u00eds es diferente y que por ese motivo cada Gobierno debe calibrar las respuestas al cambio de ciclo de la manera m\u00e1s realista posible. De nuevo, defiende elevar la productividad y el ahorro.<\/p>\n<p>&nbsp;<\/p>\n<p>Dicho esto, en los pa\u00edses con los precios bajo control, la rebaja de tipos deber\u00eda ser un arma de defensa a tener lista si la situaci\u00f3n empeora. No es el caso de Brasil, concluye el FMI, a la vista de los altos precios que sufre el consumidor. Tambi\u00e9n se invita a los pa\u00edses a que vigilen el sistema financiero, para poder identificar y tomar medidas en caso de que emerjan vulnerabilidades.<\/p>\n","protected":false},"excerpt":{"rendered":"<p>El PIB de Am\u00e9rica Latina y Caribe afronta uno de los peores a\u00f1os de la d\u00e9cada El Fondo cree que el fin de los est\u00edmulos puede afectar a la regi\u00f3n, aunque de forma limitada \u00a0 \u00a0\u00a0\u00a0 El FMI prev\u00e9 una mejora del PIB para Espa\u00f1a, pero con m\u00e1s paro &nbsp; Sandro Pozzi Nueva York Cambio [&hellip;]<\/p>\n","protected":false},"author":249,"featured_media":0,"comment_status":"open","ping_status":"closed","sticky":false,"template":"","format":"standard","meta":{"footnotes":""},"categories":[1],"tags":[],"class_list":["post-10587","post","type-post","status-publish","format-standard","hentry","category-sin-categoria"],"_links":{"self":[{"href":"https:\/\/eloficiodehistoriar.com.mx\/index.php?rest_route=\/wp\/v2\/posts\/10587","targetHints":{"allow":["GET"]}}],"collection":[{"href":"https:\/\/eloficiodehistoriar.com.mx\/index.php?rest_route=\/wp\/v2\/posts"}],"about":[{"href":"https:\/\/eloficiodehistoriar.com.mx\/index.php?rest_route=\/wp\/v2\/types\/post"}],"author":[{"embeddable":true,"href":"https:\/\/eloficiodehistoriar.com.mx\/index.php?rest_route=\/wp\/v2\/users\/249"}],"replies":[{"embeddable":true,"href":"https:\/\/eloficiodehistoriar.com.mx\/index.php?rest_route=%2Fwp%2Fv2%2Fcomments&post=10587"}],"version-history":[{"count":1,"href":"https:\/\/eloficiodehistoriar.com.mx\/index.php?rest_route=\/wp\/v2\/posts\/10587\/revisions"}],"predecessor-version":[{"id":10588,"href":"https:\/\/eloficiodehistoriar.com.mx\/index.php?rest_route=\/wp\/v2\/posts\/10587\/revisions\/10588"}],"wp:attachment":[{"href":"https:\/\/eloficiodehistoriar.com.mx\/index.php?rest_route=%2Fwp%2Fv2%2Fmedia&parent=10587"}],"wp:term":[{"taxonomy":"category","embeddable":true,"href":"https:\/\/eloficiodehistoriar.com.mx\/index.php?rest_route=%2Fwp%2Fv2%2Fcategories&post=10587"},{"taxonomy":"post_tag","embeddable":true,"href":"https:\/\/eloficiodehistoriar.com.mx\/index.php?rest_route=%2Fwp%2Fv2%2Ftags&post=10587"}],"curies":[{"name":"wp","href":"https:\/\/api.w.org\/{rel}","templated":true}]}}