{"id":10589,"date":"2013-10-08T12:48:41","date_gmt":"2013-10-08T18:48:41","guid":{"rendered":"https:\/\/eloficiodehistoriar.com.mx\/?p=10589"},"modified":"2013-10-08T12:48:41","modified_gmt":"2013-10-08T18:48:41","slug":"nuestra-orientacion-politica-por-predisposicion-natural-y-biologica-dicen","status":"publish","type":"post","link":"https:\/\/eloficiodehistoriar.com.mx\/?p=10589","title":{"rendered":"Nuestra orientaci\u00f3n pol\u00edtica por predisposici\u00f3n natural y biol\u00f3gica, dicen"},"content":{"rendered":"<p>&nbsp;<\/p>\n<p><strong>\u201cEn Am\u00e9rica Latina la clase media ha hecho que se encoja el espectro pol\u00edtico\u201d<\/strong><\/p>\n<p><strong>El antrop\u00f3logo y ex asesor de Alejando Toledo defiende en \u2018Our Political Nature\u2019 que nuestra predisposici\u00f3n biol\u00f3gica determina la orientaci\u00f3n pol\u00edtica<\/strong><\/p>\n<p><strong>\u00a0\u00a0\u00a0\u00a0 Hacia una comprensi\u00f3n m\u00e1s profunda de nuestra naturaleza pol\u00edtica<\/strong><\/p>\n<p><strong>\u00a0Eva Saiz<\/strong><\/p>\n<p><strong>Washington<\/strong><\/p>\n<p><strong>Desde que Arist\u00f3t<\/strong>eles definiera al ser humano como un animal pol\u00edtico -en alusi\u00f3n a c\u00f3mo su desarrollo y lo que le caracteriza va unido a su relaci\u00f3n con la sociedad en la que vive-, los an\u00e1lisis sobre nuestra naturaleza pol\u00edtica y los factores que nos llevan a decantarnos por la derecha o la izquierda no han parado de sucederse.<\/p>\n<p>En un momento en el que esa polarizaci\u00f3n ideol\u00f3gica parece m\u00e1s extrema que nunca, el antrop\u00f3logo y asesor pol\u00edtico, entre otros del expresidente peruano Alejandro Toledo, Avi Tuschman, suma al debate una nueva perspectiva que vincula de manera indefectible nuestra orientaci\u00f3n pol\u00edtica con nuestra predisposici\u00f3n natural y biol\u00f3gica, por encima de otros factores intelectuales o econ\u00f3micos.<\/p>\n<p>&nbsp;<\/p>\n<p>En su libro Our Political Nature, que Tuschman present\u00f3 el pasado jueves en la sede del Banco Interamericano de Desarrollo, el autor explica c\u00f3mo la teor\u00eda evolutiva determina en buena medida nuestra naturaleza pol\u00edtica. El autor ha invertido 10 a\u00f1os de estudios y an\u00e1lisis a los que ha incorporado su experiencia como asesor pol\u00edtico de varios presidentes, adem\u00e1s de un profuso n\u00famero de estudios antropol\u00f3gicos, neurocient\u00edficos y gen\u00e9ticos.<\/p>\n<p>&nbsp;<\/p>\n<p>Pregunta. Usted se muestra convencido en su libro, de que su lectura puede ayudar a mejorar el proceso democr\u00e1tico. \u00bfC\u00f3mo?<\/p>\n<p>&nbsp;<\/p>\n<p>Respuesta. La gente con un mayor nivel educativo y quienes muestran un mayor inter\u00e9s por la pol\u00edtica, se involucran mucho m\u00e1s en la vida p\u00fablica, en el sentido de que absorben cada vez m\u00e1s y m\u00e1s informaci\u00f3n sobre los acontecimientos pol\u00edticos, suministrada por medios de comunicaci\u00f3n que cada d\u00eda est\u00e1n m\u00e1s polarizados. Eso contribuye a abrir todav\u00eda m\u00e1s el abismo que separa a la derecha de la izquierda. Este tipo de personas se vuelve cada vez m\u00e1s eficiente a la hora de organizar ideolog\u00edas coherentes que se basan en sus propias predisposiciones, pero si ellos tuvieran la oportunidad de tomar su tiempo, mirar hacia el pasado y comprobar la l\u00f3gica evolutiva de su orientaci\u00f3n pol\u00edtica, abrir\u00edan un entendimiento mucho m\u00e1s profundo hacia la moderaci\u00f3n pol\u00edtica. Con un entendimiento m\u00e1s profundo se podr\u00eda lograr elevar el nivel de nuestro discurso pol\u00edtico y fortalecer nuestras instituciones democr\u00e1ticas.<\/p>\n<p>&nbsp;<\/p>\n<p>Con un entendimiento m\u00e1s profundo de nuestra l\u00f3gica evolutiva de nuestra orientaci\u00f3n pol\u00edtica se podr\u00eda lograr elevar el nivel de nuestro discurso pol\u00edtico y fortalecer nuestras instituciones democr\u00e1ticas\u00bb<\/p>\n<p>&nbsp;<\/p>\n<p>P. \u00bfC\u00f3mo se compagina esa reflexi\u00f3n que usted reclama con la vor\u00e1gine informativa propia de las nuevas tecnolog\u00edas donde la informaci\u00f3n y las opiniones parecen quedar obsoletas en el mismo momento de haberse publicado?<\/p>\n<p>&nbsp;<\/p>\n<p>R. Estamos en una \u00e9poca en la que se est\u00e1n inyectando esteroides al m\u00fasculo de la opini\u00f3n p\u00fablica en el mundo. Lo hemos visto en la Primavera \u00c1rabe y el la Revoluci\u00f3n Twitter en Ir\u00e1n, donde fueron las redes sociales las que contribuyeron a propagar las protestas. Se est\u00e1 fortaleciendo la opini\u00f3n p\u00fablica m\u00e1s que nunca y es un hecho que la democracia actual es un fen\u00f3meno relativamente nuevo. Pero en mi libro se concluye que las ra\u00edces de esas actitudes tienen un or\u00edgenes prehist\u00f3ricos. Lo importante es entender lo que subyace detr\u00e1s de esa opini\u00f3n p\u00fablica que se fortalece con Internet.<\/p>\n<p>&nbsp;<\/p>\n<p>P. Si, como usted defiende, nuestra orientaci\u00f3n pol\u00edtica viene determinada en buena medida por la gen\u00e9tica, \u00bfpara qu\u00e9 sirven los partidos pol\u00edticos o los m\u00edtines en los que se trata de convencer a una persona de que vote a su favor?<\/p>\n<p>&nbsp;<\/p>\n<p>R. Esa cuesti\u00f3n es clave. Yo no soy determinista. Estudio tras estudio, hemos comprobado que entre el 40 y el 60% de la variaci\u00f3n de nuestras actitudes pol\u00edticas proviene de las diferencias gen\u00e9ticas entre individuos, lo que explica que el ambiente en el que uno se desarrolla tambi\u00e9n tiene un gran impacto.<\/p>\n<p>&nbsp;<\/p>\n<p>Lo importante es entender lo que subyace detr\u00e1s de esa opini\u00f3n p\u00fablica que se fortalece con Internet\u00bb<\/p>\n<p>&nbsp;<\/p>\n<p>P. Entonces, \u00bfno se pueden resolver los conflictos desde una perspectiva solamente biol\u00f3gica o evolutiva?<\/p>\n<p>&nbsp;<\/p>\n<p>R. Exacto. Para encontrar soluciones pol\u00edticas hay que dialogar. Adem\u00e1s de nuestra predisposici\u00f3n natural, entre la poblaci\u00f3n tambi\u00e9n recorre el espectro de la coherencia ideol\u00f3gica. Las \u00e9lites pol\u00edticas tienen actitudes coherentes similares hacia la derecha y la izquierda, pero luego hay un amplio espectro de la ciudadan\u00eda que no tiene decidido su voto o a la que s\u00f3lo le preocupa el estado de la econom\u00eda y culpa o premia a la Administraci\u00f3n, sin importar si es conservadora o progresista. Esa estructura tambi\u00e9n es importante.<\/p>\n<p>&nbsp;<\/p>\n<p>P. Sus teor\u00edas se basan en las distintas percepciones de las personas hacia el tribalismo, la tolerancia ante la desigualdad y la percepci\u00f3n de la naturaleza humana que son las que permiten pronosticar y explicar la orientaci\u00f3n pol\u00edtica de los individuos. \u00bfHay alguno de estos factores que sea m\u00e1s determinante que los dem\u00e1s para explicar las preferencias a la hora de votar?<\/p>\n<p>&nbsp;<\/p>\n<p>R. Es una buena pregunta para investigaciones futuras, pero yo sospecho que depende del ambiente. Durante la Guerra Fr\u00eda, la mayor preocupaci\u00f3n giraba en torno a la tolerancia a la desigualdad, pero ahora las ideolog\u00edas son m\u00e1s fuertes, el problema del terrorismo es m\u00e1s grave, est\u00e1n reemergiendo los partidos extremistas en muchos pa\u00edses. Se trata de un rompecabezas que repercute en nuestra vida privada y pol\u00edtica y que tiene una \u00edntima vinculaci\u00f3n con el pasado y la historia natural de nuestra especie.<\/p>\n<p>&nbsp;<\/p>\n<p>P. En su libro relaciona el crecimiento econ\u00f3mico de Am\u00e9rica Latina con el incremento de la tendencia hacia la moderaci\u00f3n pol\u00edtica entre sus electores. \u00bfLos extremismos, de derechas y de izquierdas, est\u00e1n abocados a desaparecer?<\/p>\n<p>&nbsp;<\/p>\n<p>Entre el 40 y el 60% de la variaci\u00f3n de nuestras actitudes pol\u00edticas proviene de las diferencias gen\u00e9ticas entre individuos, lo que explica que el ambiente en el que uno se desarrolla tambi\u00e9n tiene un gran impacto\u00bb<\/p>\n<p>&nbsp;<\/p>\n<p>R. Entre 2002 y 2008, el incremento del PIB per c\u00e1pita en la regi\u00f3n se increment\u00f3 en un 19% y en ese per\u00edodo subi\u00f3 la proporci\u00f3n de moderaci\u00f3n pol\u00edtica en un 13%, es decir, que un 1,46% de crecimiento de PIB compr\u00f3 un 1% de moderaci\u00f3n pol\u00edtica. Todav\u00eda hay diferencias entre la izquierda y la derecha, pero en pa\u00edses como Brasil, Chile o Colombia \u00e9stas son menores debido al crecimiento de la clase media que ha hecho que se encoja el espectro pol\u00edtico. Hoy hay m\u00e1s estabilidad y pragmatismo.<\/p>\n<p>&nbsp;<\/p>\n<p>P. Pero, precisamente, en esos pa\u00edses las protestas en contra del modelo econ\u00f3mico, la desigualdad social y la demanda de m\u00e1s oportunidades y mayor justicia social no paran de sucederse\u2026<\/p>\n<p>&nbsp;<\/p>\n<p>R. Como la clase media es m\u00e1s grande, aunque opten por pol\u00edticas m\u00e1s moderadas, sus expectativas son m\u00e1s altas. Hay una especie de dolor de crecimiento. La gente pobre tiene m\u00e1s fe en que una autoridad pol\u00edtica, sea de izquierdas o de derechas, vaya a actuar a favor de sus intereses. Pero la clase media pierde esa fe en que las autoridades vayan a hacer lo correcto. Conforme mejora la situaci\u00f3n econ\u00f3mica, crece el individualismo, hay mayor libertad financiera, y eso contribuye a que se cuestione el sistema no \u00fanicamente desde las instituciones.<\/p>\n<p>&nbsp;<\/p>\n<p>La gente pobre tiene m\u00e1s fe en que una autoridad pol\u00edtica, sea de izquierdas o de derechas, vaya a actuar a favor de sus intereses. Pero la clase media pierde esa fe en que las autoridades vayan a hacer lo correcto\u00bb<\/p>\n<p>&nbsp;<\/p>\n<p>P. Dentro de esas corrientes extremistas que todav\u00eda existen en Am\u00e9rica Latina se encuentra el chavismo. Usted alude al fallecido presidente venezolano Hugo Ch\u00e1vez en varios cap\u00edtulos de su libro, uno de ellos centrado en las figuras de los dictadores.<\/p>\n<p>&nbsp;<\/p>\n<p>R. Se trata del cap\u00edtulo titulado: La auto-decepci\u00f3n en las personas y en los pol\u00edticos, se trata de un cap\u00edtulo que ahonda en los dictadores de extrema izquierda y de extrema derecha y en c\u00f3mo traicionan sus valores ideol\u00f3gicos, esos valores destinados a servir al grupo y no al individuo, a favor de sus intereses personales. Ch\u00e1vez se puso el ch\u00e1ndal, algo ideol\u00f3gico, pero no ofreci\u00f3 igualdad.<\/p>\n<p>&nbsp;<\/p>\n<p>P. Sin elevarlo al grado de dictador, por supuesto, pero algo parecido se podr\u00eda decir del expresidente peruano del que usted fue asesor, Alejandro Toledo, acosado por casos de corrupci\u00f3n. A \u00e9l tambi\u00e9n se le acusa de utilizar su cargo para su propio beneficio econ\u00f3mico.<\/p>\n<p>&nbsp;<\/p>\n<p>Ch\u00e1vez se puso el ch\u00e1ndal, algo ideol\u00f3gico, pero no ofreci\u00f3 igualdad\u00bb<\/p>\n<p>&nbsp;<\/p>\n<p>R. [Silencio]<\/p>\n<p>&nbsp;<\/p>\n<p>P. Retomado su convicci\u00f3n de que su libro puede ayudar a resolver conflictos pol\u00edticos. \u00bfQu\u00e9 consejo les dar\u00eda a los miembros del Capitolio para acabar con el actual cierre de la Administraci\u00f3n?<\/p>\n<p>&nbsp;<\/p>\n<p>R. Las personas tiene prejuicios que se generan en funci\u00f3n con su tolerancia a la desigualdad y esto repercute en c\u00f3mo cada uno percibe la redistribuci\u00f3n o la no redistribuci\u00f3n de los impuestos. Por tanto, estos desacuerdos en el Congreso no tienen tanto que ver con una cuesti\u00f3n eminentemente t\u00e9cnica, sino con la debilidad humana de hacer de ellos una cuesti\u00f3n ideol\u00f3gica. Mis amigos economistas sostienen que lo que deber\u00edan hacer los pol\u00edticos es adoptar un sistema impositivo contrac\u00edclico, en lugar de someterlo casi exclusivamente a la corriente de la opini\u00f3n ciudadana.<\/p>\n","protected":false},"excerpt":{"rendered":"<p>&nbsp; \u201cEn Am\u00e9rica Latina la clase media ha hecho que se encoja el espectro pol\u00edtico\u201d El antrop\u00f3logo y ex asesor de Alejando Toledo defiende en \u2018Our Political Nature\u2019 que nuestra predisposici\u00f3n biol\u00f3gica determina la orientaci\u00f3n pol\u00edtica \u00a0\u00a0\u00a0\u00a0 Hacia una comprensi\u00f3n m\u00e1s profunda de nuestra naturaleza pol\u00edtica \u00a0Eva Saiz Washington Desde que Arist\u00f3teles definiera al ser [&hellip;]<\/p>\n","protected":false},"author":249,"featured_media":0,"comment_status":"open","ping_status":"closed","sticky":false,"template":"","format":"standard","meta":{"footnotes":""},"categories":[1],"tags":[],"class_list":["post-10589","post","type-post","status-publish","format-standard","hentry","category-sin-categoria"],"_links":{"self":[{"href":"https:\/\/eloficiodehistoriar.com.mx\/index.php?rest_route=\/wp\/v2\/posts\/10589","targetHints":{"allow":["GET"]}}],"collection":[{"href":"https:\/\/eloficiodehistoriar.com.mx\/index.php?rest_route=\/wp\/v2\/posts"}],"about":[{"href":"https:\/\/eloficiodehistoriar.com.mx\/index.php?rest_route=\/wp\/v2\/types\/post"}],"author":[{"embeddable":true,"href":"https:\/\/eloficiodehistoriar.com.mx\/index.php?rest_route=\/wp\/v2\/users\/249"}],"replies":[{"embeddable":true,"href":"https:\/\/eloficiodehistoriar.com.mx\/index.php?rest_route=%2Fwp%2Fv2%2Fcomments&post=10589"}],"version-history":[{"count":1,"href":"https:\/\/eloficiodehistoriar.com.mx\/index.php?rest_route=\/wp\/v2\/posts\/10589\/revisions"}],"predecessor-version":[{"id":10590,"href":"https:\/\/eloficiodehistoriar.com.mx\/index.php?rest_route=\/wp\/v2\/posts\/10589\/revisions\/10590"}],"wp:attachment":[{"href":"https:\/\/eloficiodehistoriar.com.mx\/index.php?rest_route=%2Fwp%2Fv2%2Fmedia&parent=10589"}],"wp:term":[{"taxonomy":"category","embeddable":true,"href":"https:\/\/eloficiodehistoriar.com.mx\/index.php?rest_route=%2Fwp%2Fv2%2Fcategories&post=10589"},{"taxonomy":"post_tag","embeddable":true,"href":"https:\/\/eloficiodehistoriar.com.mx\/index.php?rest_route=%2Fwp%2Fv2%2Ftags&post=10589"}],"curies":[{"name":"wp","href":"https:\/\/api.w.org\/{rel}","templated":true}]}}