{"id":10610,"date":"2013-10-15T13:16:14","date_gmt":"2013-10-15T19:16:14","guid":{"rendered":"https:\/\/eloficiodehistoriar.com.mx\/?p=10610"},"modified":"2013-10-15T13:16:14","modified_gmt":"2013-10-15T19:16:14","slug":"banda-filarmonica-mixe","status":"publish","type":"post","link":"https:\/\/eloficiodehistoriar.com.mx\/?p=10610","title":{"rendered":"Banda Filarmonica MIXE"},"content":{"rendered":"<div>\n<p style=\"text-align: center;\"><em>Realizar\u00e1 dos conciertos en la explanada del Palacio de Bellas Artes<\/em><\/p>\n<\/div>\n<div style=\"text-align: center;\"><em>Banda Filarm\u00f3nica mixe celebra 36 a\u00f1os de difundir el espectro musical de Oaxaca<\/em><\/div>\n<div style=\"text-align: center;\">\n<p><em>La agrupaci\u00f3n de Santa Mar\u00eda Tlahuitoltepec no s\u00f3lo recibe a estudiantes de la entidad, sino de otros estados, dice su director art\u00edstico<\/em><\/p>\n<p><em><q>Muchas mujeres llegan con sus hijos para estudiar<\/q><\/em><\/p>\n<\/div>\n<div id=\"article-text\">\n<div style=\"text-align: center;\">\n<div><em>\u00a0<\/em><\/div>\n<\/div>\n<div>\n<div style=\"text-align: center;\"><strong>Ana M\u00f3nica Rodr\u00edguez<\/strong><\/div>\n<div><\/div>\n<div><\/div>\n<p>Para celebrar 36 a\u00f1os de trayectoria, la Banda Filarm\u00f3nica del Centro de Capacitaci\u00f3n Musical y Desarrollo de la Cultura Mixe (Cecam) efectuar\u00e1 dos conciertos, junto con otros invitados, la pr\u00f3xima semana en la explanada del Palacio de Bellas Artes.<\/p>\n<p>Con sede en Santa Mar\u00eda Tlahuitoltepec, Oaxaca, abrir\u00e1 la temporada <em>A las puertas del Palacio,<\/em> a partir de las 20 horas, los d\u00edas 21 y 22 de octubre.<\/p>\n<p>La banda del Cecam ha trabajado durante m\u00e1s de tres d\u00e9cadas en crear y difundir no s\u00f3lo la cultura mixe, sino un amplio espectro de m\u00fasica tradicional de Oaxaca para mandar un mensaje desde la naturaleza.<\/p>\n<p>El Cecam <q>no s\u00f3lo es una escuela para las comunidades ind\u00edgenas de Oaxaca, sino para estudiantes de otros estados<\/q>, explic\u00f3 Vladimir Medina, director art\u00edstico de la agrupaci\u00f3n.<\/p>\n<p>A lo largo de su historia, el centro ha recibido a j\u00f3venes de diversas regiones del estado de Oaxaca, con lenguas diferentes y distintas realidades, con la finalidad de unir cosmovisiones en un solo lugar para, mediante la m\u00fasica, unir tradiciones, a\u00f1adi\u00f3 Medina.<\/p>\n<p>En la banda, agreg\u00f3, tambi\u00e9n participan mujeres las cuales tienen una fuerte actividad musical e <q>incluso llegan al Cecam con sus ni\u00f1os para estudiar y ensayar<\/q>.<\/p>\n<p>Los jam\u00e1s conquistados<\/p>\n<p>En el centro se crea m\u00fasica nueva, fortalece su tradici\u00f3n y trabaja por la educaci\u00f3n y los valores ind\u00edgenas de las generaciones de egresados. <q>Muchos de los que fueron estudiantes en el Cecam, ahora son importantes m\u00fasicos y est\u00e1n con grandes orquestas<\/q>.<\/p>\n<p>Silvestre V\u00e1zquez, director del Cecam, explic\u00f3: <q>Nosotros estamos en una comunidad ind\u00edgena que llamamos Los jam\u00e1s conquistados, ubicada en los cerros m\u00e1s altos de Oaxaca y formamos a j\u00f3venes de bajos recursos<\/q>.<\/p>\n<p>El Cecam tiene en total 320 alumnos \u2013desde cuatro hasta 20 a\u00f1os de edad\u2013 de los cuales, indic\u00f3, <q>70 son pupilos internos y, de \u00e9stos, 50 reciben beca de 29 pesos diarios para alimentos, la cual entrega la Comisi\u00f3n Nacional para el Desarrollo de los Pueblos Ind\u00edgenas (CDI)<\/q>.<\/p>\n<\/div>\n<div>\n<p>Silvestre V\u00e1zquez hizo un llamado a las autoridades para que el Cecam sea reconocido oficialmente <q>porque hasta la fecha no tenemos una clave y hemos estado pidiendo esto a los gobiernos estatal y federal, as\u00ed como a la Secretar\u00eda de Educaci\u00f3n P\u00fablica, porque no existe una escuela con estas caracter\u00edsticas en el pa\u00eds<\/q>.<\/p>\n<p>La m\u00fasica que se crea en la instituci\u00f3n, prosigui\u00f3 V\u00e1zquez \u2013quien hered\u00f3 el legado art\u00edstico y pedag\u00f3gico de su padre\u2013 <q>emerge de nuestros campos, cerros y de la propia naturaleza. Esta piezas musicales, tambi\u00e9n las combinamos con otros artistas, como los que nos acompa\u00f1aran durante las presentaciones en la explanada del Palacio Bellas Artes<\/q>.<\/p>\n<p>La Banda Filarm\u00f3nica del Cecam ya se ha presentado dos veces en la Sala Principal de Bellas Artes y, esta ocasi\u00f3n, los conciertos ser\u00e1n al aire libre y gratuitos.<\/p>\n<p>Nuevo disco<\/p>\n<p>Los m\u00fasicos del Cecam tambi\u00e9n presentar\u00e1n su m\u00e1s reciente producci\u00f3n discogr\u00e1fica <em>X\u00eb\u00ebw<\/em>, con la que celebraron 35 a\u00f1os de actividad, grabado con apoyo del Fondo Nacional para la Cultura y las Artes y da t\u00edtulo a estos conciertos.<\/p>\n<p>En el festejo musical de la banda Filarm\u00f3nica del Cecam, en la explanada del Palacio de Bellas Artes, participar\u00e1n Susana Harp, Ana D\u00edaz, Troker, Hello Seahorse!, Sonex, Adri\u00e1n Terrazas-Gonz\u00e1lez, Mar\u00eda Reyna, SDB, Belafonte Sensacional, Colectivo Aho, Coro de Ni\u00f1os Schola Cantorum de M\u00e9xico y Natalia Lafourcade el 22 de octubre, entre otros.<\/p>\n<p>Antes, el domingo 20, la banda oaxaque\u00f1a compartir\u00e1 con los transe\u00fantes otra fiesta musical en una calenda organizada junto con la Secretar\u00eda del Medio Ambiente y el programa Mu\u00e9vete en Bici, la cual saldr\u00e1 a las 11 horas de la Fuente Bicentenario (Reforma y avenida Ju\u00e1rez) para dirigirse en un recorrido de dos kil\u00f3metros hacia el \u00c1ngel de la Independencia.<\/p>\n<\/div>\n<\/div>\n","protected":false},"excerpt":{"rendered":"<p>Realizar\u00e1 dos conciertos en la explanada del Palacio de Bellas Artes Banda Filarm\u00f3nica mixe celebra 36 a\u00f1os de difundir el espectro musical de Oaxaca La agrupaci\u00f3n de Santa Mar\u00eda Tlahuitoltepec no s\u00f3lo recibe a estudiantes de la entidad, sino de otros estados, dice su director art\u00edstico Muchas mujeres llegan con sus hijos para estudiar \u00a0 [&hellip;]<\/p>\n","protected":false},"author":249,"featured_media":0,"comment_status":"open","ping_status":"closed","sticky":false,"template":"","format":"standard","meta":{"footnotes":""},"categories":[1],"tags":[],"class_list":["post-10610","post","type-post","status-publish","format-standard","hentry","category-sin-categoria"],"_links":{"self":[{"href":"https:\/\/eloficiodehistoriar.com.mx\/index.php?rest_route=\/wp\/v2\/posts\/10610","targetHints":{"allow":["GET"]}}],"collection":[{"href":"https:\/\/eloficiodehistoriar.com.mx\/index.php?rest_route=\/wp\/v2\/posts"}],"about":[{"href":"https:\/\/eloficiodehistoriar.com.mx\/index.php?rest_route=\/wp\/v2\/types\/post"}],"author":[{"embeddable":true,"href":"https:\/\/eloficiodehistoriar.com.mx\/index.php?rest_route=\/wp\/v2\/users\/249"}],"replies":[{"embeddable":true,"href":"https:\/\/eloficiodehistoriar.com.mx\/index.php?rest_route=%2Fwp%2Fv2%2Fcomments&post=10610"}],"version-history":[{"count":1,"href":"https:\/\/eloficiodehistoriar.com.mx\/index.php?rest_route=\/wp\/v2\/posts\/10610\/revisions"}],"predecessor-version":[{"id":10611,"href":"https:\/\/eloficiodehistoriar.com.mx\/index.php?rest_route=\/wp\/v2\/posts\/10610\/revisions\/10611"}],"wp:attachment":[{"href":"https:\/\/eloficiodehistoriar.com.mx\/index.php?rest_route=%2Fwp%2Fv2%2Fmedia&parent=10610"}],"wp:term":[{"taxonomy":"category","embeddable":true,"href":"https:\/\/eloficiodehistoriar.com.mx\/index.php?rest_route=%2Fwp%2Fv2%2Fcategories&post=10610"},{"taxonomy":"post_tag","embeddable":true,"href":"https:\/\/eloficiodehistoriar.com.mx\/index.php?rest_route=%2Fwp%2Fv2%2Ftags&post=10610"}],"curies":[{"name":"wp","href":"https:\/\/api.w.org\/{rel}","templated":true}]}}