{"id":10612,"date":"2013-10-20T21:32:47","date_gmt":"2013-10-21T03:32:47","guid":{"rendered":"https:\/\/eloficiodehistoriar.com.mx\/?p=10612"},"modified":"2013-10-20T21:33:33","modified_gmt":"2013-10-21T03:33:33","slug":"gravity-se-llama-gravedad","status":"publish","type":"post","link":"https:\/\/eloficiodehistoriar.com.mx\/?p=10612","title":{"rendered":"\u00abGravity\u00bb se llama \u00abGravedad\u00bb"},"content":{"rendered":"<h1>La pel\u00edcula Gravity, de Alfonso Cuar\u00f3n, fue concebida en espa\u00f1ol<\/h1>\n<p id=\"sumario-nota-nueva-2011\">Esa fue la confesi\u00f3n del director mexicano, quien explic\u00f3 que su dominio del ingl\u00e9s no es el mejor.<\/p>\n<div id=\"datos-nota\">Por: Elpa\u00eds.com.co |<\/div>\n<div id=\"contenido-nota-nueva-2011\">\n<div id=\"foto-principal-nota-nueva-2011\"><img decoding=\"async\" title=\"\" alt=\"\" src=\"http:\/\/www.elpais.com.co\/elpais\/sites\/default\/files\/imagecache\/350x100\/2013\/10\/mexico-gravity___spanmxmu104.jpg-0ff11.jpg\" \/><\/p>\n<div><\/div>\n<div>\n<p>Aunque afirm\u00f3 que los di\u00e1logos fueron trabajados en ingl\u00e9s, el director de Gravity, Alfonso Cuar\u00f3n, dijo que la pel\u00edcula fue concebida en espa\u00f1ol.<\/p>\n<p>Tras a\u00f1os de dirigir cintas para los grandes estudios de Hollywood cualquiera pensar\u00eda que Alfonso Cuar\u00f3n desarrolla sus filmes en ingl\u00e9s, pero el cineasta mexicano confiesa que su dominio de dicho idioma es \u00abpat\u00e9tico\u00bb y su aclamada cinta \u00abGravity\u00bb fue concebida en espa\u00f1ol.<\/p>\n<\/div>\n<\/div>\n<p><strong>\u00abMi ingl\u00e9s es pat\u00e9tico, igual que mi espa\u00f1ol\u00bb, dijo con humor Cuar\u00f3n. \u00abLos di\u00e1logos los trabajamos juntos en ingl\u00e9s, pero toda la concepci\u00f3n es en espa\u00f1ol. Cuando hablamos y estamos discutiendo la escena, la discutimos en espa\u00f1ol, cuando nos ponemos a escribir se convierte en ingl\u00e9s\u00bb, dijo sobre su trabajo con su hijo Jon\u00e1s, quien es co-escritor del guion, y seg\u00fan el director es quien realmente habla ingl\u00e9s.<\/strong><\/p>\n<p>\u00abDiscutimos todo en espa\u00f1ol, despu\u00e9s en ingl\u00e9s espec\u00edficamente vamos frase por frase, pero yo tiro mi mal ingl\u00e9s y \u00e9l lo convierte en buen ingl\u00e9s\u00bb, dijo Cuar\u00f3n en la Ciudad de M\u00e9xico, donde se estrena la pel\u00edcula el viernes como la abridora del Festival de Cine de Morelia.<\/p>\n<p>Gravity (Gravedad), protagonizada por George Clooney y Sandra Bullock sigue el viaje de un par de astronautas que quedan varados en una misi\u00f3n espacial y luchan por sobrevivir en el espacio.<\/p>\n<p>El hijo del realizador precis\u00f3 que por ser una cinta producida en Estados Unidos se deb\u00eda desarrollar en ingl\u00e9s, por practicidad con el estudio y el elenco, pero que el espa\u00f1ol crea una mayor sinergia entre ambos.<\/p>\n<p>\u00abLa cuesti\u00f3n es que hay muchas veces que nos entendemos mejor en espa\u00f1ol. Porque ni mi ingl\u00e9s ni el suyo (son buenos)\u00bb, precis\u00f3 Jon\u00e1s. \u00abSu ingl\u00e9s y el m\u00edo hacen como un ingl\u00e9s medio decente, pero hab\u00eda ciertos temas que escrib\u00edamos de manera m\u00e1s f\u00e1cil, porque nos solt\u00e1bamos, en espa\u00f1ol y ya despu\u00e9s traduc\u00edamos\u00bb, agreg\u00f3.<\/p>\n<p><strong>Alfonso Cuar\u00f3n, quien ha sido nominado a tres Oscar, incluidos dos por su labor como guionista de \u00abY tu mam\u00e1 tambi\u00e9n\u00bb y de \u00abChildren of men\u00bb, se\u00f1al\u00f3 que a pesar de haber desarrollado su carrera dirigiendo producciones extranjeras sus ra\u00edces mexicanas siguen imponi\u00e9ndose.<\/strong><\/p>\n<p>\u00abLo que somos, lo que yo soy, lo que es Jon\u00e1s, est\u00e1 formado por quien somos. Yo pienso en chilango, ni siquiera en espa\u00f1ol o mexicano, yo pienso en chilango, para bien o para mal\u00bb, expres\u00f3 Cuar\u00f3n refiri\u00e9ndose al apodo que se le da a los habitantes de la fren\u00e9tica y gigantesca capital mexicana.<\/p>\n<p>\u00abGravity\u00bb se estren\u00f3 en la pasada edici\u00f3n del Festival de Cine de Venecia y ha recaudado m\u00e1s de 200 millones desde que debut\u00f3 en cines de Estados Unidos, donde ha liderado las listas de taquilla durante dos semanas.<\/p>\n<p>El filme ha sido aclamado por especialistas y otros cineastas por su historia y por los logros t\u00e9cnicos y visuales, con una fotograf\u00eda a cargo del mexicano Emmanuel \u00abChivo\u00bb Lubezki, compa\u00f1ero de f\u00f3rmula del director desde hace d\u00e9cadas. Pero para los Cuar\u00f3n, uno de los mayores \u00e9xitos ha sido devolver la fe en el cine en 3D con su espect\u00e1culo cinematogr\u00e1fico espacial.<\/p>\n<p><strong>\u00abEl gran premio ha sido ver que la gente est\u00e1 yendo a las salas y a verla en 3D. Mucha gente hab\u00eda perdido la fe en el 3D, porque muchas veces la pel\u00edcula no amerita el 3D, pero lo que est\u00e1 pasando con `Gravity&#8217; es que s\u00ed vale la pena el uso de 3D\u00bb, celebr\u00f3 Jon\u00e1s.<\/strong><\/p>\n<p>\u00abEn mercados donde el 3D se estaba muriendo, renaci\u00f3. Es porque esta pel\u00edcula est\u00e1 pensada en 3D y por desgracia se ha mandado mucho producto y no est\u00e1 pensado en 3D\u00bb, agreg\u00f3 su padre.<\/p>\n<\/div>\n","protected":false},"excerpt":{"rendered":"<p>La pel\u00edcula Gravity, de Alfonso Cuar\u00f3n, fue concebida en espa\u00f1ol Esa fue la confesi\u00f3n del director mexicano, quien explic\u00f3 que su dominio del ingl\u00e9s no es el mejor. Por: Elpa\u00eds.com.co | Aunque afirm\u00f3 que los di\u00e1logos fueron trabajados en ingl\u00e9s, el director de Gravity, Alfonso Cuar\u00f3n, dijo que la pel\u00edcula fue concebida en espa\u00f1ol. Tras [&hellip;]<\/p>\n","protected":false},"author":249,"featured_media":0,"comment_status":"open","ping_status":"closed","sticky":false,"template":"","format":"standard","meta":{"footnotes":""},"categories":[23,21,11],"tags":[],"class_list":["post-10612","post","type-post","status-publish","format-standard","hentry","category-cine","category-espectaculos","category-fotografia"],"_links":{"self":[{"href":"https:\/\/eloficiodehistoriar.com.mx\/index.php?rest_route=\/wp\/v2\/posts\/10612","targetHints":{"allow":["GET"]}}],"collection":[{"href":"https:\/\/eloficiodehistoriar.com.mx\/index.php?rest_route=\/wp\/v2\/posts"}],"about":[{"href":"https:\/\/eloficiodehistoriar.com.mx\/index.php?rest_route=\/wp\/v2\/types\/post"}],"author":[{"embeddable":true,"href":"https:\/\/eloficiodehistoriar.com.mx\/index.php?rest_route=\/wp\/v2\/users\/249"}],"replies":[{"embeddable":true,"href":"https:\/\/eloficiodehistoriar.com.mx\/index.php?rest_route=%2Fwp%2Fv2%2Fcomments&post=10612"}],"version-history":[{"count":2,"href":"https:\/\/eloficiodehistoriar.com.mx\/index.php?rest_route=\/wp\/v2\/posts\/10612\/revisions"}],"predecessor-version":[{"id":10614,"href":"https:\/\/eloficiodehistoriar.com.mx\/index.php?rest_route=\/wp\/v2\/posts\/10612\/revisions\/10614"}],"wp:attachment":[{"href":"https:\/\/eloficiodehistoriar.com.mx\/index.php?rest_route=%2Fwp%2Fv2%2Fmedia&parent=10612"}],"wp:term":[{"taxonomy":"category","embeddable":true,"href":"https:\/\/eloficiodehistoriar.com.mx\/index.php?rest_route=%2Fwp%2Fv2%2Fcategories&post=10612"},{"taxonomy":"post_tag","embeddable":true,"href":"https:\/\/eloficiodehistoriar.com.mx\/index.php?rest_route=%2Fwp%2Fv2%2Ftags&post=10612"}],"curies":[{"name":"wp","href":"https:\/\/api.w.org\/{rel}","templated":true}]}}