{"id":10647,"date":"2013-11-17T15:04:09","date_gmt":"2013-11-17T21:04:09","guid":{"rendered":"https:\/\/eloficiodehistoriar.com.mx\/?p=10647"},"modified":"2013-11-17T15:04:09","modified_gmt":"2013-11-17T21:04:09","slug":"como-averiguar-si-uno-esta-vivo-o-es-un-muerto-viviente-eduardo-galeano","status":"publish","type":"post","link":"https:\/\/eloficiodehistoriar.com.mx\/?p=10647","title":{"rendered":"\u00ab\u00bfC\u00f3mo averiguar si uno est\u00e1 vivo o es un muerto viviente?\u00bb Eduardo Galeano"},"content":{"rendered":"<div>\n<h2>\u201cElegir entre la dignidad y la obediencia\u201d: Eduardo Galeano habla sobre el mundo actual<\/h2>\n<h3>EDUARDO GALEANO, SIEMPRE L\u00daCIDO Y CR\u00cdTICO, OFRECI\u00d3 UNA ENTREVISTA AL DIARIO CATAL\u00c1N LA VANGUARDIA DONDE HABLA DE TEMAS CRUCIALES DEL ESCENARIO POL\u00cdTICO ACTUAL: LA LIBERTAD, LA L\u00d3GICA DEL TRABAJO Y LA PRODUCCI\u00d3N, EL DILEMA ENTRE LA DIGNIDAD Y LA OBEDIENCIA<\/h3>\n<h3>pijamasurf.<\/h3>\n<h3><a href=\"http:\/\/pijamasurf.com\/2012\/05\/elegir-entre-la-dignidad-y-la-obediencia-eduardo-galeano-entrevista\/galeano-entrevista\/\" rel=\"attachment wp-att-46814\"><img loading=\"lazy\" decoding=\"async\" title=\"galeano-entrevista\" alt=\"\" src=\"http:\/\/cdn.pijamasurf.com\/wp-content\/uploads\/2012\/05\/galeano-entrevista.jpg\" width=\"480\" height=\"181\" \/><\/a><\/h3>\n<\/div>\n<div>\n<p>Eduardo Galeano es uno de los intelectuales latinoamericanos m\u00e1s reconocidos de varias generaciones, sobre todo por su singular mezcla de lucidez, combatividad y cr\u00edtica, aderezada con un estilo que lo hermana con algunos de los movimientos literarios m\u00e1s celebrados del continente.<\/p>\n<p>Recientemente Galeano, ya de 71 a\u00f1os de edad, ofreci\u00f3 una entrevista al diario catal\u00e1n La Vanguardia, realizada por la periodista Ima Sanch\u00eds. Ah\u00ed el autor de\u00a0<em>Las venas abiertas de Am\u00e9rica Latina<\/em>, entre otros t\u00edtulos no menos le\u00eddos, habl\u00f3 de la situaci\u00f3n actual de este mundo basado en la l\u00f3gica utilitaria del trabajo y al producci\u00f3n, en el desgaste que esta acarrea para otros aspectos fundamentales del ser humano como las relaciones sociales o la posibilidad de libertad.<\/p>\n<p>\u201cSomos una civilizaci\u00f3n de soledades que se encuentran y desencuentran continuamente sin reconocerse. Ese es nuestro drama, un mundo organizado para el desv\u00ednculo, donde el otro es siempre una amenaza y nunca una promesa\u201d, dice Galeano, para quien el pr\u00f3jimo se ha convertido, acaso sin nosotros quererlo, en una especie de enemigo al cual, sin embargo, es necesario y urgente acercarse.<\/p>\n<p>El escritor uruguayo ahond\u00f3 sobre ese comportamiento acr\u00edtico que parece dominar a la mayor\u00eda de la poblaci\u00f3n en el mundo, por el cual situaciones como la guerra, el miedo o la violencia nos parecen totalmente normales, siendo que, en sentido estricto, no deber\u00edan suceder.<\/p>\n<p>Sanch\u00eds pregunta frontalmente: \u201c\u00bfSomos un gran reba\u00f1o de borregos?\u201d, a lo cual Galeano responde, no sin cierto animo esperanzador: \u201cPor todos lados aparecen s\u00edmbolos asombrosos de resistencia y de vida. Lo mejor que tiene la vida es la capacidad de sorpresa\u201d.<\/p>\n<p>\u00bfC\u00f3mo averiguar si uno est\u00e1 vivo o es un muerto viviente?<\/p>\n<p>Habr\u00e1 que preguntarse hasta qu\u00e9 punto soy capaz de amar y de elegir entre la dignidad y la indignidad, de decir no, de desobedecer. Capaz de caminar con tus propias piernas, pensar con tu propia cabeza y sentir con el propio coraz\u00f3n en lugar de resignarte a pensar lo que te dicen.<\/p>\n<p>[\u2026]<\/p>\n<p>\u00bfQu\u00e9 faceta humana nos destruye?<\/p>\n<p>El conformismo, la aceptaci\u00f3n de la realidad como un destino y no como un desaf\u00edo que nos invita al cambio, a resistir, a rebelarnos, a imaginar en lugar de vivir el futuro como una penitencia inevitable.<\/p>\n<p>En cuanto a la libertad, un asunto siempre dif\u00edcil de definir en su dimensi\u00f3n pr\u00e1ctica, Galeano dice:<\/p>\n<p>Los desaf\u00edos que uno enfrenta cada d\u00eda son los que te abren una rendija para elegir entre la dignidad y la obediencia. Libre es el que es capaz todav\u00eda de elegir la defensa de su dignidad en un mundo donde, quieras o no, en alg\u00fan momento tendr\u00e1s que tomar partido entre los indignos y los indignados.<\/p>\n<p>[<a href=\"http:\/\/www.lavanguardia.com\/lacontra\/20120525\/54299733087\/eduardo-galeano-confundimos-la-grandeza-con-lo-grandote.html\" target=\"_blank\" rel=\"nofollow\">La Vanguardia<\/a>]<\/p>\n<\/div>\n","protected":false},"excerpt":{"rendered":"<p>\u201cElegir entre la dignidad y la obediencia\u201d: Eduardo Galeano habla sobre el mundo actual EDUARDO GALEANO, SIEMPRE L\u00daCIDO Y CR\u00cdTICO, OFRECI\u00d3 UNA ENTREVISTA AL DIARIO CATAL\u00c1N LA VANGUARDIA DONDE HABLA DE TEMAS CRUCIALES DEL ESCENARIO POL\u00cdTICO ACTUAL: LA LIBERTAD, LA L\u00d3GICA DEL TRABAJO Y LA PRODUCCI\u00d3N, EL DILEMA ENTRE LA DIGNIDAD Y LA OBEDIENCIA pijamasurf. [&hellip;]<\/p>\n","protected":false},"author":249,"featured_media":0,"comment_status":"open","ping_status":"closed","sticky":false,"template":"","format":"standard","meta":{"footnotes":""},"categories":[10,27,12,26,9],"tags":[54],"class_list":["post-10647","post","type-post","status-publish","format-standard","hentry","category-historia","category-latinoamerica","category-libros","category-mundo","category-otros-lugares","tag-mundo"],"_links":{"self":[{"href":"https:\/\/eloficiodehistoriar.com.mx\/index.php?rest_route=\/wp\/v2\/posts\/10647","targetHints":{"allow":["GET"]}}],"collection":[{"href":"https:\/\/eloficiodehistoriar.com.mx\/index.php?rest_route=\/wp\/v2\/posts"}],"about":[{"href":"https:\/\/eloficiodehistoriar.com.mx\/index.php?rest_route=\/wp\/v2\/types\/post"}],"author":[{"embeddable":true,"href":"https:\/\/eloficiodehistoriar.com.mx\/index.php?rest_route=\/wp\/v2\/users\/249"}],"replies":[{"embeddable":true,"href":"https:\/\/eloficiodehistoriar.com.mx\/index.php?rest_route=%2Fwp%2Fv2%2Fcomments&post=10647"}],"version-history":[{"count":1,"href":"https:\/\/eloficiodehistoriar.com.mx\/index.php?rest_route=\/wp\/v2\/posts\/10647\/revisions"}],"predecessor-version":[{"id":10648,"href":"https:\/\/eloficiodehistoriar.com.mx\/index.php?rest_route=\/wp\/v2\/posts\/10647\/revisions\/10648"}],"wp:attachment":[{"href":"https:\/\/eloficiodehistoriar.com.mx\/index.php?rest_route=%2Fwp%2Fv2%2Fmedia&parent=10647"}],"wp:term":[{"taxonomy":"category","embeddable":true,"href":"https:\/\/eloficiodehistoriar.com.mx\/index.php?rest_route=%2Fwp%2Fv2%2Fcategories&post=10647"},{"taxonomy":"post_tag","embeddable":true,"href":"https:\/\/eloficiodehistoriar.com.mx\/index.php?rest_route=%2Fwp%2Fv2%2Ftags&post=10647"}],"curies":[{"name":"wp","href":"https:\/\/api.w.org\/{rel}","templated":true}]}}