{"id":10650,"date":"2013-11-19T22:56:30","date_gmt":"2013-11-20T04:56:30","guid":{"rendered":"https:\/\/eloficiodehistoriar.com.mx\/?p=10650"},"modified":"2013-11-19T22:56:30","modified_gmt":"2013-11-20T04:56:30","slug":"brindo-por-doris-lessing","status":"publish","type":"post","link":"https:\/\/eloficiodehistoriar.com.mx\/?p=10650","title":{"rendered":"Brindo por Doris Lessing"},"content":{"rendered":"<div>\n<div>\n<h1 id=\"titulo_noticia\"><a href=\"https:\/\/eloficiodehistoriar.com.mx\/wp-content\/uploads\/2013\/11\/lessing.jpg\"><img loading=\"lazy\" decoding=\"async\" class=\"alignleft size-medium wp-image-10652\" alt=\"Doris Lessing\" src=\"https:\/\/eloficiodehistoriar.com.mx\/wp-content\/uploads\/2013\/11\/lessing-300x274.jpg\" width=\"300\" height=\"274\" srcset=\"https:\/\/eloficiodehistoriar.com.mx\/wp-content\/uploads\/2013\/11\/lessing-300x274.jpg 300w, https:\/\/eloficiodehistoriar.com.mx\/wp-content\/uploads\/2013\/11\/lessing.jpg 328w\" sizes=\"auto, (max-width: 300px) 100vw, 300px\" \/><\/a>Brindo por Doris Lessing<\/h1>\n<p><span style=\"color: #000000; font-weight: bold;\">La escritora mexicana, ganadora del Premio Cervantes, recuerda as\u00ed a la Nobel fallecida<\/span><\/p>\n<\/div>\n<div>\n<ul>\n<li><strong><a href=\"http:\/\/cultura.elpais.com\/cultura\/2013\/11\/19\/actualidad\/1384867881_975442.html\" target=\"_blank\">Elena Poniatowska, premio Cervantes<\/a><\/strong><\/li>\n<li>El Pa\u00eds.<\/li>\n<\/ul>\n<\/div>\n<\/div>\n<div>\n<div id=\"cuerpo_noticia\">\n<p>Levanto una taza de te en honor de Doris Lessing y recuerdo la severidad de su rostro (y el peinado de raya en medio y cabello pegado al cr\u00e1neo que conserv\u00f3 toda la vida) en la desangelada comida que le ofreci\u00f3 la SOGEM de los escritores en que Jos\u00e9 Mar\u00eda Fern\u00e1ndez Uns\u00e1in, director de la misma, no supo ni presentarla. M\u00e1s que a comer con escritores habr\u00edamos acertado al invitarla con los mexicanos m\u00e1s pobres, los prietitos, los inocentes, los iletrados, los insulares que le recordaran a sus conocidos en la granja de Rodesia, \u00c1frica.<\/p>\n<p>Recuerdo que cuando obtuvo el Nobel en 2007 dijo al descender del taxi de regreso a su casa \u00abI couldn\u2019t care less\u00bb. Tambi\u00e9n a la austriaca Elfriede Jellinek, tres a\u00f1os antes, el premio la puso de mal humor y ninguna de las dos fue a recibirlo.\u00a0<em>El Cuaderno Dorado<\/em>, biblia pol\u00edtica de feministas publicada en 1962 fue una puerta abierta para las mujeres quienes a partir de ella se manifestaron en contra del racismo, el sexismo y sobre todo se inclinaron por todo lo que no tuviera que ver con la vieja Europa y su rancio puritanismo. A pesar de que la propia Doris Lessing siempre fue una buena terrorista, el comunismo la dej\u00f3 esc\u00e9ptica, sus dos hijos de un primer matrimonio se quedaron en \u00c1frica y el \u00faltimo, enfermo, la hizo declarar que le salv\u00f3 la vida porque se dedic\u00f3 no s\u00f3lo a si misma sino a \u00e9l.<\/p>\n<p>Brindo por Doris Lessing en medio del bullicio callejero de M\u00e9xico, el de los olores y sabores, el de los gritos en la plaza, el de los que no toman te a las cinco de la tarde ni miran a los dem\u00e1s desde la altura de su taza.<\/p>\n<\/div>\n<\/div>\n","protected":false},"excerpt":{"rendered":"<p>Brindo por Doris Lessing La escritora mexicana, ganadora del Premio Cervantes, recuerda as\u00ed a la Nobel fallecida Elena Poniatowska, premio Cervantes El Pa\u00eds. Levanto una taza de te en honor de Doris Lessing y recuerdo la severidad de su rostro (y el peinado de raya en medio y cabello pegado al cr\u00e1neo que conserv\u00f3 toda [&hellip;]<\/p>\n","protected":false},"author":249,"featured_media":0,"comment_status":"open","ping_status":"closed","sticky":false,"template":"","format":"standard","meta":{"footnotes":""},"categories":[24,10,27,12,28,26,9],"tags":[],"class_list":["post-10650","post","type-post","status-publish","format-standard","hentry","category-ciudad-de-mexico","category-historia","category-latinoamerica","category-libros","category-literatura","category-mundo","category-otros-lugares"],"_links":{"self":[{"href":"https:\/\/eloficiodehistoriar.com.mx\/index.php?rest_route=\/wp\/v2\/posts\/10650","targetHints":{"allow":["GET"]}}],"collection":[{"href":"https:\/\/eloficiodehistoriar.com.mx\/index.php?rest_route=\/wp\/v2\/posts"}],"about":[{"href":"https:\/\/eloficiodehistoriar.com.mx\/index.php?rest_route=\/wp\/v2\/types\/post"}],"author":[{"embeddable":true,"href":"https:\/\/eloficiodehistoriar.com.mx\/index.php?rest_route=\/wp\/v2\/users\/249"}],"replies":[{"embeddable":true,"href":"https:\/\/eloficiodehistoriar.com.mx\/index.php?rest_route=%2Fwp%2Fv2%2Fcomments&post=10650"}],"version-history":[{"count":1,"href":"https:\/\/eloficiodehistoriar.com.mx\/index.php?rest_route=\/wp\/v2\/posts\/10650\/revisions"}],"predecessor-version":[{"id":10653,"href":"https:\/\/eloficiodehistoriar.com.mx\/index.php?rest_route=\/wp\/v2\/posts\/10650\/revisions\/10653"}],"wp:attachment":[{"href":"https:\/\/eloficiodehistoriar.com.mx\/index.php?rest_route=%2Fwp%2Fv2%2Fmedia&parent=10650"}],"wp:term":[{"taxonomy":"category","embeddable":true,"href":"https:\/\/eloficiodehistoriar.com.mx\/index.php?rest_route=%2Fwp%2Fv2%2Fcategories&post=10650"},{"taxonomy":"post_tag","embeddable":true,"href":"https:\/\/eloficiodehistoriar.com.mx\/index.php?rest_route=%2Fwp%2Fv2%2Ftags&post=10650"}],"curies":[{"name":"wp","href":"https:\/\/api.w.org\/{rel}","templated":true}]}}