{"id":10656,"date":"2013-12-09T20:35:58","date_gmt":"2013-12-10T02:35:58","guid":{"rendered":"https:\/\/eloficiodehistoriar.com.mx\/?p=10656"},"modified":"2013-12-09T20:38:02","modified_gmt":"2013-12-10T02:38:02","slug":"cartel-vive-latino","status":"publish","type":"post","link":"https:\/\/eloficiodehistoriar.com.mx\/?p=10656","title":{"rendered":"Cartel Vive Latino"},"content":{"rendered":"<header>\n<h1>CARTEL OFICIAL DEL VIVE LATINO 2014<\/h1>\n<p>\u00a1Arcade Fire, Nine Inch Nails, Placebo, Zurdok, Los Tigres del Norte, Maldita Vecindad y m\u00e1s!<\/p>\n<p><img loading=\"lazy\" decoding=\"async\" class=\"alignleft\" alt=\"Vive Latino 2014.\" src=\"http:\/\/www.lifeboxset.com\/wp-content\/uploads\/2013\/12\/vl-14-3.jpg\" width=\"630\" height=\"729\" \/><\/p>\n<\/header>\n<section>Vive Latino 2014.El\u00a0<strong>Festival Iberoamericano de Cultura Musical Vive Latino<\/strong>, en su edici\u00f3n 2014, se realizar\u00e1 los pr\u00f3ximos 27, 28, 29 y 30 de marzo en las instalaciones del\u00a0<strong>Foro Sol<\/strong>\u00a0de la Ciudad de M\u00e9xico. Desde hace algunos meses se ha cocinado toda la informaci\u00f3n sobre el esperado XV aniversario del festival, por lo que abajo les compartimos los \u00faltimos detalles del\u00a0<strong>Vive Latino 2014<\/strong>, toda la informaci\u00f3n actualizada.<\/p>\n<p>El d\u00e9cimo quinto aniversario del\u00a0<strong>Vive Latino<\/strong>\u00a0ser\u00e1 engalanado por bandas como\u00a0<strong>Arcade Fire<\/strong>,<strong>Zo\u00e9<\/strong>,\u00a0<strong>Nine Inch Nails<\/strong>,\u00a0<strong>Placebo<\/strong>,\u00a0<strong>Maldita Vecindad y los Hijos del Quinto Patio<\/strong>,\u00a0<strong>Los Tigres del Norte<\/strong>,\u00a0<strong>Cut Copy<\/strong>,\u00a0<strong>AFI<\/strong>,\u00a0<strong>Little Jesus<\/strong>,\u00a0<strong>Zurdok<\/strong>\u00a0y muchos, muchos m\u00e1s. A continuaci\u00f3n les compartimos los detalles.<\/p>\n<p><strong><span style=\"text-decoration: underline;\">Fechas<\/span><\/strong><\/p>\n<p>Del 27 al 30 de marzo de 2014.<\/p>\n<p><strong><span style=\"text-decoration: underline;\">Lugar<\/span><\/strong><\/p>\n<p>Foro Sol del Aut\u00f3dromo Hermanos Rodr\u00edguez.<\/p>\n<p><strong><span style=\"text-decoration: underline;\">Bandas<\/span><\/strong><\/p>\n<p><strong>Jueves<\/strong><\/p>\n<p>AFI<br \/>\nAtto &amp; the Majestics<br \/>\nChoclock<br \/>\nCopper Gamins<br \/>\nDiplo<br \/>\nEstelares<br \/>\nHello Seahorse!<br \/>\nJessica Hern\u00e1ndez and the Deltas<br \/>\nKomodo<br \/>\nLa Santa Cecilia<br \/>\nLiquits<br \/>\nLos Bunkers<br \/>\nLos Esquizitos<br \/>\nLos Infierno<br \/>\nLos Inmortales S.A.<br \/>\nMad Professor<br \/>\nNine Inch Nails<br \/>\nOdisseo<br \/>\nof Montreal<br \/>\nPablito Mix<br \/>\nSimpson Ahuevo<br \/>\nSonido San Francisco<br \/>\nThe Burning of Rome<br \/>\nThe Cavernarios<br \/>\nVicente Gayo<br \/>\nZurdok<\/p>\n<p><strong>Viernes<\/strong><\/p>\n<p>Alex Otaola &amp; Iraida Noriega<br \/>\nAna Tijoux<br \/>\nArcade Fire<br \/>\nAutoramas<br \/>\nBanda Bast\u00f3n<br \/>\nBanda Bostik<br \/>\nCaballeros del Plan G<br \/>\nCaloncho<br \/>\nCamila Moreno<br \/>\nCarlos Mares<br \/>\nCharly Monttana<br \/>\nCoctel Intergal\u00e1ctico<br \/>\nC\u00f3mo Asesinar a Felipes<br \/>\nCut Copy<br \/>\nDani Umpi<br \/>\nDaniel Maloso<br \/>\nElis Paprika<br \/>\nEly Guerra<br \/>\nFerm\u00edn IV<br \/>\nFrikstailers<br \/>\nFurland<br \/>\nJuana Molina<br \/>\nJumbo<br \/>\nL.A.<br \/>\nLeo Justi<br \/>\nLos Tres<br \/>\nLove of Lesbian<br \/>\nLunice<br \/>\nMaching\u00f3n<br \/>\nMooi<br \/>\nNo Te Va A Gustar<br \/>\nPellejos<br \/>\nRebel Cats<br \/>\nRusko<br \/>\nRVSB<br \/>\nSeis Peatones<br \/>\nSilverio<br \/>\nSr. Bikini<br \/>\nTako<br \/>\nThe Polyphonic Spree<br \/>\nTodd Clouser: A Love Electric<br \/>\nTorreblanca<br \/>\nURSS Bajo el \u00c1rbol<\/p>\n<p><strong>S\u00e1bado<\/strong><\/p>\n<p>\u00c1gora<br \/>\nCadena Perpetua<br \/>\nC\u00e1llate Mark<br \/>\nCalle 13<br \/>\nCarlos M\u00e9ndez<br \/>\nCarmen Costa<br \/>\nCeci Bastida<br \/>\nChancha V\u00eda Circuito<br \/>\nDancing Mood<br \/>\nDaniela Spalla<br \/>\nDe La Tierra<br \/>\nDiamante El\u00e9ctrico<br \/>\nDr. Kr\u00e1pula<br \/>\nEl Freaky<br \/>\nEl Gran Silencio<br \/>\nEmir Kusturika &amp; the No Smoking Orchestra<br \/>\nGaia<br \/>\nGuadalupe Plata<br \/>\nHelado Negro<br \/>\nI Can Chase Dragons<br \/>\nKraken<br \/>\nLittle Jeus<br \/>\nLori Meyers<br \/>\nLos Caligaris<br \/>\nLos Fascinantes<br \/>\nLos Marty<br \/>\nLos Tigres del Norte<br \/>\nLos Tiros<br \/>\nLuzbel<br \/>\nMaldita Vecindad y los Hijos del Quinto Patio<br \/>\nMotorama<br \/>\nOuternational<br \/>\nPrimal Scream<br \/>\nQuantic<br \/>\nRey Pila<br \/>\nReyno<br \/>\nSiete Catorce<br \/>\nSonido Mart\u00ednez<br \/>\nTechnicolor Fabrics<br \/>\nTwenty One Pilots<br \/>\nYokozuna<\/p>\n<p><strong>Domingo<\/strong><\/p>\n<p>2manydj\u2019s<br \/>\nAlerta Kamarada<br \/>\nBungalo Dub feat. Lengualerta<br \/>\nCarnavale di Vendetta<br \/>\nChe Sudaka<br \/>\nChocQuib Town<br \/>\nClubz<br \/>\nConsulado Popular<br \/>\nDJ Rashad &amp; DJ Spinn<br \/>\nDJ Rupture<br \/>\nEl Ch\u00e1vez<br \/>\nEnanitos Verdes<br \/>\nFito P\u00e1ez<br \/>\nJavier Estrada<br \/>\nJuana F\u00e9<br \/>\nJulieta Venegas<br \/>\nKakkmaddafakka<br \/>\nLa Bien Querida<br \/>\nLa Gusana Ciega<br \/>\nLa Vela Puerca<br \/>\nLa Vida Boh\u00e9me<br \/>\nLao<br \/>\nLos Cafres<br \/>\nLos Fontana<br \/>\nPlacebo<br \/>\nProyecto Maconha<br \/>\nRadaid<br \/>\nRastrillos<br \/>\nRoyal Club<br \/>\nSangre Ma\u00edz<br \/>\nSaoko<br \/>\nSonido La Changa<br \/>\nSonido S\u00faperchango<br \/>\nStandstill<br \/>\nThe Sexican<br \/>\nThe Wookies<br \/>\nTroker<br \/>\nZo\u00e9<\/p>\n<p><strong><span style=\"text-decoration: underline;\">Horarios<\/span><\/strong><\/p>\n<p>Los horarios se dar\u00e1n a conocer en el mes de enero de 2014.<\/p>\n<p><strong><span style=\"text-decoration: underline;\">Boletos<\/span><\/strong><\/p>\n<p>De venta al p\u00fablico en general: 10 de diciembre de 2013, 11:00 hrs.<\/p>\n<p><strong><span style=\"text-decoration: underline;\">Precios<\/span><\/strong><\/p>\n<p>Precio por d\u00eda: $800<br \/>\nPrecio por d\u00eda Platino: $1,000<br \/>\nAbono tres d\u00edas: $1,800<br \/>\nAbono cuatro d\u00edas: $2,000<\/p>\n<p>Nota: Los abonos de tres d\u00edas est\u00e1n disponibles en tres configuraciones: Jue-Vie-S\u00e1b, Jue-Vie-Dom, Jue-S\u00e1b-Dom, Vie-S\u00e1b-Dom<\/p>\n<p>Boletos disponibles por\u00a0<a href=\"http:\/\/www.ticketmaster.com.mx\/search?tm_link=tm_header_search&amp;user_input=&amp;q=vive+latino&amp;search.x=0&amp;search.y=0\" target=\"_blank\">Ticketmaster<\/a>.<\/p>\n<p><a href=\"http:\/\/www.lifeboxset.com\/coberturas\/cobertura-vive-latino-2013\/\" target=\"_blank\">\u00a0<\/a><\/p>\n<\/section>\n","protected":false},"excerpt":{"rendered":"<p>CARTEL OFICIAL DEL VIVE LATINO 2014 \u00a1Arcade Fire, Nine Inch Nails, Placebo, Zurdok, Los Tigres del Norte, Maldita Vecindad y m\u00e1s! Vive Latino 2014.El\u00a0Festival Iberoamericano de Cultura Musical Vive Latino, en su edici\u00f3n 2014, se realizar\u00e1 los pr\u00f3ximos 27, 28, 29 y 30 de marzo en las instalaciones del\u00a0Foro Sol\u00a0de la Ciudad de M\u00e9xico. Desde [&hellip;]<\/p>\n","protected":false},"author":249,"featured_media":0,"comment_status":"open","ping_status":"closed","sticky":false,"template":"","format":"standard","meta":{"footnotes":""},"categories":[24,21,11,27,26,22,9],"tags":[],"class_list":["post-10656","post","type-post","status-publish","format-standard","hentry","category-ciudad-de-mexico","category-espectaculos","category-fotografia","category-latinoamerica","category-mundo","category-musica","category-otros-lugares"],"_links":{"self":[{"href":"https:\/\/eloficiodehistoriar.com.mx\/index.php?rest_route=\/wp\/v2\/posts\/10656","targetHints":{"allow":["GET"]}}],"collection":[{"href":"https:\/\/eloficiodehistoriar.com.mx\/index.php?rest_route=\/wp\/v2\/posts"}],"about":[{"href":"https:\/\/eloficiodehistoriar.com.mx\/index.php?rest_route=\/wp\/v2\/types\/post"}],"author":[{"embeddable":true,"href":"https:\/\/eloficiodehistoriar.com.mx\/index.php?rest_route=\/wp\/v2\/users\/249"}],"replies":[{"embeddable":true,"href":"https:\/\/eloficiodehistoriar.com.mx\/index.php?rest_route=%2Fwp%2Fv2%2Fcomments&post=10656"}],"version-history":[{"count":2,"href":"https:\/\/eloficiodehistoriar.com.mx\/index.php?rest_route=\/wp\/v2\/posts\/10656\/revisions"}],"predecessor-version":[{"id":10658,"href":"https:\/\/eloficiodehistoriar.com.mx\/index.php?rest_route=\/wp\/v2\/posts\/10656\/revisions\/10658"}],"wp:attachment":[{"href":"https:\/\/eloficiodehistoriar.com.mx\/index.php?rest_route=%2Fwp%2Fv2%2Fmedia&parent=10656"}],"wp:term":[{"taxonomy":"category","embeddable":true,"href":"https:\/\/eloficiodehistoriar.com.mx\/index.php?rest_route=%2Fwp%2Fv2%2Fcategories&post=10656"},{"taxonomy":"post_tag","embeddable":true,"href":"https:\/\/eloficiodehistoriar.com.mx\/index.php?rest_route=%2Fwp%2Fv2%2Ftags&post=10656"}],"curies":[{"name":"wp","href":"https:\/\/api.w.org\/{rel}","templated":true}]}}