{"id":10660,"date":"2013-12-12T00:09:01","date_gmt":"2013-12-12T06:09:01","guid":{"rendered":"https:\/\/eloficiodehistoriar.com.mx\/?p=10660"},"modified":"2013-12-12T00:10:25","modified_gmt":"2013-12-12T06:10:25","slug":"presenta-cafe-tacvba-el-documental-el-objeto-antes-llamado-disco","status":"publish","type":"post","link":"https:\/\/eloficiodehistoriar.com.mx\/?p=10660","title":{"rendered":"Presenta Caf\u00e9 Tacvba el documental &#8216;El objeto antes llamado disco&#8217;"},"content":{"rendered":"<p><i><a href=\"https:\/\/eloficiodehistoriar.com.mx\/wp-content\/uploads\/2013\/12\/Caf\u00e9-Tacvba-El-Objeto-Antes-Llamado-Disco-La-Pel\u00edcula.jpg\"><img loading=\"lazy\" decoding=\"async\" class=\"alignleft size-medium wp-image-10661\" alt=\"Caf\u00e9-Tacvba-El-Objeto-Antes-Llamado-Disco-La-Pel\u00edcula\" src=\"https:\/\/eloficiodehistoriar.com.mx\/wp-content\/uploads\/2013\/12\/Caf\u00e9-Tacvba-El-Objeto-Antes-Llamado-Disco-La-Pel\u00edcula-213x300.jpg\" width=\"213\" height=\"300\" srcset=\"https:\/\/eloficiodehistoriar.com.mx\/wp-content\/uploads\/2013\/12\/Caf\u00e9-Tacvba-El-Objeto-Antes-Llamado-Disco-La-Pel\u00edcula-213x300.jpg 213w, https:\/\/eloficiodehistoriar.com.mx\/wp-content\/uploads\/2013\/12\/Caf\u00e9-Tacvba-El-Objeto-Antes-Llamado-Disco-La-Pel\u00edcula.jpg 682w\" sizes=\"auto, (max-width: 213px) 100vw, 213px\" \/><\/a><\/i><\/p>\n<p>La Jornada<\/p>\n<p><i>M\u00e9xico, DF.\u00a0<\/i>La banda mexicana de rock Caf\u00e9 Tacvba present\u00f3 la pel\u00edcula\u00a0<i>El objeto antes llamado disco<\/i>, que se centra en la producci\u00f3n de su \u00e1lbum hom\u00f3nimo de 2012, grabado en la ciudad de M\u00e9xico, Buenos Aires, Santiago de Chile y Los \u00c1ngeles.<\/p>\n<p>El documental, del estadunidense Gregory Allen, se exhibir\u00e1 en cines los d\u00edas 10 y 11 de diciembre en 33 salas de la cadena Cin\u00e9polis, que tambi\u00e9n opera en Centro Am\u00e9rica y Colombia.<\/p>\n<p>\u00abCreo que este documental me hace reiterar la idea de que formo parte de una fuerza creativa llamada Caf\u00e9 Tacvba, que no se limita a recorrer los caminos y las estructuras planteadas y que, a casi 25 a\u00f1os de historia, no necesita recurrir a los grandes \u00e9xitos para que la gente se involucre con lo que somos y seguimos siendo\u00bb, dijo el bajista Quique Rangel ayer lunes en una conferencia de prensa.<\/p>\n<p>En el filme Allen registr\u00f3 en im\u00e1genes los diferentes procesos por los que pasaron los integrantes de la banda, desde la idea que concibi\u00f3 el vocalista Rub\u00e9n Albarr\u00e1n de derribar los muros de un estudio e invitar al p\u00fablico a presenciar la grabaci\u00f3n de los temas, hasta la realizaci\u00f3n de una gira que permitiera una interacci\u00f3n m\u00e1s cercana entre el grupo y sus seguidores durante los conciertos.<\/p>\n<p>Por ejemplo, durante los ensayos previos a la grabaci\u00f3n del \u00e1lbum, Gustavo Santaolalla le cambi\u00f3 la jugada al grupo e hizo que el guitarrista Joselo Rangel y el tecladista Emmanuel del Real intercambiaran las letras de un par de canciones y cada uno interpretara el tema que el otro hab\u00eda escrito.<\/p>\n<p>\u00ab\u00a1Joselo, canta la canci\u00f3n como si se la estuvieras cantando a tu hija!\u00bb, le dijo el productor argentino al m\u00fasico, quien intentaba concentrarse para imprimir el mayor sentimiento posible a\u00a0<i>Espuma<\/i>.<\/p>\n<p>Dicha escena qued\u00f3 precisamente \u00a0plasmada en el documental.\u00a0\u00abEste trabajo es una observaci\u00f3n del proceso de hacer un disco. As\u00ed como\u00a0<i>El objeto antes llamado disco<\/i>\u00a0fue un experimento en muchos sentidos para Caf\u00e9 Tacvba. Para m\u00ed tambi\u00e9n lo fue, pero participando con una c\u00e1mara\u00bb, explic\u00f3 Allen, con quien el tecladista Emmanuel del Real trabaj\u00f3 en el documental\u00a0<i>Hecho en M\u00e9xico<\/i>\u00a0hace casi un par de a\u00f1os.<\/p>\n<p>Aproximadamente un a\u00f1o dur\u00f3 la filmaci\u00f3n y edici\u00f3n de\u00a0<i>El objeto antes llamado disco. La pel\u00edcula<\/i>, proyecto que llev\u00f3 a Allen a acompa\u00f1ar a la banda a Buenos Aires, Santiago, Ciudad de M\u00e9xico y Los Angeles, lugares hasta donde el cuarteto mexicano llev\u00f3 este \u00abestudio itinerante\u00bb, cuyas puertas abri\u00f3 al p\u00fablico para que fuera testigo de su grabaci\u00f3n.<\/p>\n<p>\u00abHay un momento m\u00e1s \u00edntimo en el proceso de concepci\u00f3n de un disco de Tacvba, que ese s\u00ed, por lo menos hasta el d\u00eda de hoy, no lo hemos compartido y ser\u00e1 dif\u00edcil hacerlo porque es el momento en el que se crea\u00bb, dijo Albarr\u00e1n. \u00abPuede ser que en alg\u00fan momento hagamos un proyecto en el que ese momento se integra. Por ahora preferimos guardarlo en secreto\u00bb.<\/p>\n<p>La banda afirm\u00f3 durante la presentaci\u00f3n que con el concierto del s\u00e1bado pasado ofrecido en la ciudad de M\u00e9xico\u00a0cerr\u00f3 su gira internacional, \u00a0tras haber recorrido toda Am\u00e9rica Latina, varias ciudades en Estados Unidos y ofrecer un recital en Espa\u00f1a. Esto, junto con el\u00a0estreno y un par de presentaciones en Colombia y en Centro Am\u00e9rica cierra sus actividades de este a\u00f1o y empieza los preparativos para los festejos por su 25 aniversario.<\/p>\n<p>\u00abHay muchas expectativa por los 25 a\u00f1os (en 2014), pero todav\u00eda no sabemos qu\u00e9 vamos a hacer\u00bb, aclar\u00f3 Quique Rangel, quien agreg\u00f3 que \u00abpara nosotros es necesario darnos un receso para luego recapitular todo este periodo y determinar cu\u00e1l es el siguiente paso\u00bb, se\u00f1al\u00f3 Quique Rangel.<\/p>\n<p>Son m\u00e1s de dos d\u00e9cadas en los escenarios, \u00aby nos han tocado varios cambios generacionales y eso nos renueva, nos gusta, no nos gustar\u00eda ser un objeto de nostalgia\u00bb, indic\u00f3 Meme del Real, responsable de teclados y percusiones.<\/p>\n<p><i>El objeto antes llamado disco. La pel\u00edcula<\/i>\u00a0llegar\u00e1 a las salas de cine en M\u00e9xico, en una primera etapa, el mi\u00e9rcoles y jueves. Tambi\u00e9n se exhibir\u00e1 en el espacio cinematogr\u00e1fico Carpa Ambulante del Festival Iberoamericano de Cultura Musical Vive Latino, que se llevar\u00e1 acabo del 27 al 30 de marzo pr\u00f3ximos.<\/p>\n<p>Posteriormente se exhibir\u00e1 en los complejos cinematrogr\u00e1ficos del interior del pa\u00eds y en Centroam\u00e9rica a finales de enero, cuando forme parte de la selecci\u00f3n oficial de Ambulante, la gira de documentales creada por los actores mexicanos Diego Luna y Gael Garc\u00eda Bernal.<\/p>\n<p>Caf\u00e9 Tacvba compite por El Gram\u00f3fono Dorado de los Grammy en la categor\u00eda de mejor \u00e1lbum latino de m\u00fasica rock, urbana o alternativa con\u00a0<i>El objeto antes llamado disco<\/i>.<\/p>\n<p>Entre finales de marzo y principios de abril, la banda ganadora de premios Grammy y Latin Grammy participar\u00e1 en las ediciones del Festival Lollapalooza Chile, Argentina y Brasil, donde compartir\u00e1n escenario con Nine Inch Nails, Red Hot Chili Peppers, Arcade Fire, Soundgarden y Phoenix.<\/p>\n","protected":false},"excerpt":{"rendered":"<p>La Jornada M\u00e9xico, DF.\u00a0La banda mexicana de rock Caf\u00e9 Tacvba present\u00f3 la pel\u00edcula\u00a0El objeto antes llamado disco, que se centra en la producci\u00f3n de su \u00e1lbum hom\u00f3nimo de 2012, grabado en la ciudad de M\u00e9xico, Buenos Aires, Santiago de Chile y Los \u00c1ngeles. El documental, del estadunidense Gregory Allen, se exhibir\u00e1 en cines los d\u00edas [&hellip;]<\/p>\n","protected":false},"author":249,"featured_media":0,"comment_status":"open","ping_status":"closed","sticky":false,"template":"","format":"standard","meta":{"footnotes":""},"categories":[23,24,21,11,27,26,22,9],"tags":[],"class_list":["post-10660","post","type-post","status-publish","format-standard","hentry","category-cine","category-ciudad-de-mexico","category-espectaculos","category-fotografia","category-latinoamerica","category-mundo","category-musica","category-otros-lugares"],"_links":{"self":[{"href":"https:\/\/eloficiodehistoriar.com.mx\/index.php?rest_route=\/wp\/v2\/posts\/10660","targetHints":{"allow":["GET"]}}],"collection":[{"href":"https:\/\/eloficiodehistoriar.com.mx\/index.php?rest_route=\/wp\/v2\/posts"}],"about":[{"href":"https:\/\/eloficiodehistoriar.com.mx\/index.php?rest_route=\/wp\/v2\/types\/post"}],"author":[{"embeddable":true,"href":"https:\/\/eloficiodehistoriar.com.mx\/index.php?rest_route=\/wp\/v2\/users\/249"}],"replies":[{"embeddable":true,"href":"https:\/\/eloficiodehistoriar.com.mx\/index.php?rest_route=%2Fwp%2Fv2%2Fcomments&post=10660"}],"version-history":[{"count":1,"href":"https:\/\/eloficiodehistoriar.com.mx\/index.php?rest_route=\/wp\/v2\/posts\/10660\/revisions"}],"predecessor-version":[{"id":10662,"href":"https:\/\/eloficiodehistoriar.com.mx\/index.php?rest_route=\/wp\/v2\/posts\/10660\/revisions\/10662"}],"wp:attachment":[{"href":"https:\/\/eloficiodehistoriar.com.mx\/index.php?rest_route=%2Fwp%2Fv2%2Fmedia&parent=10660"}],"wp:term":[{"taxonomy":"category","embeddable":true,"href":"https:\/\/eloficiodehistoriar.com.mx\/index.php?rest_route=%2Fwp%2Fv2%2Fcategories&post=10660"},{"taxonomy":"post_tag","embeddable":true,"href":"https:\/\/eloficiodehistoriar.com.mx\/index.php?rest_route=%2Fwp%2Fv2%2Ftags&post=10660"}],"curies":[{"name":"wp","href":"https:\/\/api.w.org\/{rel}","templated":true}]}}