{"id":10686,"date":"2014-01-08T00:13:12","date_gmt":"2014-01-08T06:13:12","guid":{"rendered":"https:\/\/eloficiodehistoriar.com.mx\/?p=10686"},"modified":"2014-01-08T00:13:12","modified_gmt":"2014-01-08T06:13:12","slug":"la-banda-filarmonica-del-cecam-presenta-el-cd-xeew","status":"publish","type":"post","link":"https:\/\/eloficiodehistoriar.com.mx\/?p=10686","title":{"rendered":"La Banda Filarm\u00f3nica del CECAM presenta el CD \u2018X\u00eb\u00ebw\u2019"},"content":{"rendered":"<h1>La Banda Filarm\u00f3nica del CECAM presenta el CD \u2018X\u00eb\u00ebw\u2019<\/h1>\n<p><a href=\"http:\/\/www.solucionpolitica.net\/wp-content\/uploads\/2013\/09\/la-sierra.jpg\"><img loading=\"lazy\" decoding=\"async\" title=\"la sierra\" alt=\"\" src=\"http:\/\/www.solucionpolitica.net\/wp-content\/uploads\/2013\/09\/la-sierra-300x199.jpg\" width=\"300\" height=\"199\" \/><\/a><\/p>\n<div id=\"innerContent\">\n<p>Laura Haddad<\/p>\n<p><strong>Oaxaca, Oax; 7 de septiembre del 2013.-\u00a0<\/strong>Donde las sierras madre oriental y occidental de M\u00e9xico se hacen nudo, surge el nuevo disco de la Banda Filarm\u00f3nica del CECAM (Centro de Educaci\u00f3n Centro de Capacitaci\u00f3n Musical y Desarrollo de la Cultura Mixe), X\u00cb\u00cbW. Esta Banda Filarm\u00f3nica actualmente es dirigida por el veracruzano Vladimir Medina y cuenta con reconocimiento a nivel internacional, el cual le ha valido que en este nuevo material discogr\u00e1fico participen destacados nombres de m\u00fasicos y cantantes de M\u00e9xico.<\/p>\n<p>X\u00cb\u00cbW en lengua Mixe quiere decir \u201cFiesta\u201d y es as\u00ed como a manera de festejo por m\u00e1s de sus 35 a\u00f1os de existencia, los j\u00f3venes ind\u00edgenas quienes integran la Banda Filarm\u00f3nica del CECAM grabaron este disco con tres meses de trabajo en los que tuvieron como estudio de grabaci\u00f3n una exalberca, de donde emergi\u00f3 el m\u00e1s puro sonido de la m\u00fasica tradicional no solo de la regi\u00f3n Mixe, Oaxaca, si no de M\u00e9xico; as\u00ed como se recrearon los ritmos de la tradici\u00f3n, se interpretaron aquellos que hoy significan la m\u00fasica contempor\u00e1nea mexicana.<\/p>\n<p>Una Fiesta con invitados de lujo<\/p>\n<p>El disco X\u00cb\u00cbW, Fiesta, fue grabado gracias a los apoyos del Consejo Nacional para la Cultura y las Artes (CONACULTA) y el FONCA.<\/p>\n<p>Llevando la batuta de la Banda para la grabaci\u00f3n del disco, as\u00ed como teniendo participaci\u00f3n en los arreglos estuvo Vladimir Medina, quien en exclusiva para IMAGEN habl\u00f3 sobre los pormenores de X\u00cb\u00cbW, el cual ser\u00e1 presentado el 21 y 22 de octubre pr\u00f3ximo en la explanada del Palacio de Bellas Artes, Ciudad de M\u00e9xico.<\/p>\n<p>\u201cEs una celebraci\u00f3n, en cada celebraci\u00f3n uno tiene invitados, el nombre del disco es X\u00cb\u00cbW que en Mixe quiere decir fiesta. Hab\u00eda que traer invitados a esta fiesta\u201d, expres\u00f3.<\/p>\n<p>Y entre los invitados a esta Fiesta de la Banda Filarm\u00f3nica del CECAM, est\u00e1n los veracruzanos Sonex y Natalia Lafourcade, as\u00ed como la oaxaque\u00f1a Lila Downs, adem\u00e1s del mexicano premiado con un grammy Adri\u00e1n Terrazas-Gonz\u00e1lez y la regiomontana Ely Guerra, entre otros.<\/p>\n<p>\u201cEstuvimos analizando quienes podr\u00edan ser invitados que se sintieran a gusto con nuestra m\u00fasica, con nuestra fiesta, y que adem\u00e1s aportaran algo novedoso a todo lo que el CECAM hab\u00eda hecho, buscando llegar a nuevos p\u00fablicos, a p\u00fablicos m\u00e1s j\u00f3venes\u201d, precis\u00f3 Vladimir.<\/p>\n<p>Y es as\u00ed como el disco X\u00cb\u00cbW est\u00e1 integrado por 24 sencillos, de los cuales dos revelan la presencia de Veracruz y sus artistas.<\/p>\n<p>Uno es la grabaci\u00f3n del son jarocho El Agua Nieve, muy a la manera de Los Sonex, con un estilo de fusi\u00f3n con otras m\u00fasicas contempor\u00e1neas como el Jazz y subrayando el zapateado. El otro es \u201cUn derecho de nacimiento\u201d, de Natalia Lafourcade pieza original, que la joven coatepecana la hizo suya con la interpretaci\u00f3n, adem\u00e1s la comparti\u00f3 con la Banda desde el proceso de grabaci\u00f3n, arreglos e ideas de producci\u00f3n.<\/p>\n<p>Natalia no es la \u00fanica que presenta una propuesta original para este disco, tambi\u00e9n lo hicieron Ely Guerra, la agrupaci\u00f3n de rock Troker y el Colectivo Aho.<\/p>\n<p>Participan tambi\u00e9n en este material discogr\u00e1fico, alumnos, exalumnos y maestros del CECAM realizando \u201cuna mezcla de sones y jarabes tradicionales re-arreglados\u201d interpretados por Susana Harp y Hello Sea Horse, adem\u00e1s de los ya mencionados Adri\u00e1n Terrazas, Sonex y Lila Downs.<\/p>\n<p>Por el Grammy<\/p>\n<p>\u201cHay gente que ha comentado que este disco podr\u00eda ser acreedor a un Premio Grammy y se ha empezado a manejar que se inscriba a ver si la academia de Estados Unidos lo acepta y a ver si podemos estar ah\u00ed\u201d, expres\u00f3 Vladimir Media.<\/p>\n<p>Lo cierto es que este disco ha logrado reunir a j\u00f3venes talentos en formaci\u00f3n de la Escuela del Centro de Educaci\u00f3n Centro de Capacitaci\u00f3n Musical y Desarrollo de la Cultura Mixe con figuras consagradas de la m\u00fasica y el canto que creen en la apuesta cultural y social de este centro, donde miles de j\u00f3venes ind\u00edgenas (chinantecos, zapotecos, mixtecos, chontales, triquis, mazatecos, n\u00e1huatls, amuzgos, chatinos y mixes, originarios de los estados de Michoac\u00e1n, Tabasco, Veracruz, Puebla, Morelos y el Estado de M\u00e9xico), cuyas edades son entre los 14 y 24 a\u00f1os, se han formado musicalmente desde su creaci\u00f3n en 1979.<\/p>\n<p>En voz de Betsy Nayeli V\u00e1zquez Cardoso y Perla Jazm\u00edn Mart\u00ednez Mart\u00ednez, dos j\u00f3venes m\u00fasicos que participaron en X\u00cb\u00cbW, este disco ya es \u201cHistoria\u201d, que se suma al legado de la m\u00fasica mexicana y un \u201cRecuerdo\u201d que se quedar\u00e1 siempre en la mente de los 40 j\u00f3venes que integran la Banda Filarm\u00f3nica del CECAM.<\/p>\n<p>X\u00cb\u00cbW, se dar\u00e1 a conocer al p\u00fablico con un concierto que tendr\u00e1 lugar la explanada del Palacio de Bellas Artes, en la capital del pa\u00eds, el pr\u00f3xmo 21 y 22 de octubre del presente a\u00f1o, con la participaci\u00f3n de algunos de los artistas invitados.<\/p>\n<p>Discograf\u00eda de la Banda Filarm\u00f3nica del CECAM<\/p>\n<p>1982 FANDANGO MIXE<br \/>\n1992 VOZ DE LA SIERRA<br \/>\n1992 ENTRE LAS FLORES<br \/>\n1992 EL SAUCE Y LA PALMA<br \/>\n1993 BAJO EL CIELO MIXE<br \/>\n1998 FIESTA ANIMADA<br \/>\n1999 PEQUE\u00d1A SERENATA<br \/>\n2002 FLOR DE PRIMAVERA<br \/>\n2002 NORMA<br \/>\n2005 SONES DE TIERRA Y NUBE, VOL. I.<br \/>\n2006 MUSICA PARA BANDA DE VIENTOS<br \/>\n2007 JU\u00c1REZ INMORTAL<br \/>\n2011 ENSAMBLE DE METALES Y PERCUSIONES DEL CECAM<br \/>\n2013 X\u00cb\u00cbW, Fiesta<\/p>\n<p>&nbsp;<\/p>\n<div align=\"center\"><\/div>\n<\/div>\n","protected":false},"excerpt":{"rendered":"<p>La Banda Filarm\u00f3nica del CECAM presenta el CD \u2018X\u00eb\u00ebw\u2019 Laura Haddad Oaxaca, Oax; 7 de septiembre del 2013.-\u00a0Donde las sierras madre oriental y occidental de M\u00e9xico se hacen nudo, surge el nuevo disco de la Banda Filarm\u00f3nica del CECAM (Centro de Educaci\u00f3n Centro de Capacitaci\u00f3n Musical y Desarrollo de la Cultura Mixe), X\u00cb\u00cbW. Esta Banda [&hellip;]<\/p>\n","protected":false},"author":249,"featured_media":0,"comment_status":"open","ping_status":"closed","sticky":false,"template":"","format":"standard","meta":{"footnotes":""},"categories":[30,24,27,26,22],"tags":[],"class_list":["post-10686","post","type-post","status-publish","format-standard","hentry","category-arte","category-ciudad-de-mexico","category-latinoamerica","category-mundo","category-musica"],"_links":{"self":[{"href":"https:\/\/eloficiodehistoriar.com.mx\/index.php?rest_route=\/wp\/v2\/posts\/10686","targetHints":{"allow":["GET"]}}],"collection":[{"href":"https:\/\/eloficiodehistoriar.com.mx\/index.php?rest_route=\/wp\/v2\/posts"}],"about":[{"href":"https:\/\/eloficiodehistoriar.com.mx\/index.php?rest_route=\/wp\/v2\/types\/post"}],"author":[{"embeddable":true,"href":"https:\/\/eloficiodehistoriar.com.mx\/index.php?rest_route=\/wp\/v2\/users\/249"}],"replies":[{"embeddable":true,"href":"https:\/\/eloficiodehistoriar.com.mx\/index.php?rest_route=%2Fwp%2Fv2%2Fcomments&post=10686"}],"version-history":[{"count":1,"href":"https:\/\/eloficiodehistoriar.com.mx\/index.php?rest_route=\/wp\/v2\/posts\/10686\/revisions"}],"predecessor-version":[{"id":10688,"href":"https:\/\/eloficiodehistoriar.com.mx\/index.php?rest_route=\/wp\/v2\/posts\/10686\/revisions\/10688"}],"wp:attachment":[{"href":"https:\/\/eloficiodehistoriar.com.mx\/index.php?rest_route=%2Fwp%2Fv2%2Fmedia&parent=10686"}],"wp:term":[{"taxonomy":"category","embeddable":true,"href":"https:\/\/eloficiodehistoriar.com.mx\/index.php?rest_route=%2Fwp%2Fv2%2Fcategories&post=10686"},{"taxonomy":"post_tag","embeddable":true,"href":"https:\/\/eloficiodehistoriar.com.mx\/index.php?rest_route=%2Fwp%2Fv2%2Ftags&post=10686"}],"curies":[{"name":"wp","href":"https:\/\/api.w.org\/{rel}","templated":true}]}}