{"id":10691,"date":"2014-01-15T22:56:50","date_gmt":"2014-01-16T04:56:50","guid":{"rendered":"https:\/\/eloficiodehistoriar.com.mx\/?p=10691"},"modified":"2017-05-24T18:32:07","modified_gmt":"2017-05-25T00:32:07","slug":"empezar-de-cero-la-historia-de-jimi-hendrix","status":"publish","type":"post","link":"https:\/\/eloficiodehistoriar.com.mx\/?p=10691","title":{"rendered":"Empezar de cero, la historia de Jimi Hendrix"},"content":{"rendered":"<p>\u201cHendrix dej\u00f3 una huella indeleble, muy particular, en la m\u00fasica popular, y aceler\u00f3 el ya de por s\u00ed din\u00e1mico ritmo del cambio del rock de finales de los sesenta con su s\u00edntesis revolucionaria de violencia a la guitarra, improvisaci\u00f3n descarada, ensue\u00f1os mel\u00f3dicos espaciales y una intensidad confesional nacida del blues\u201d. New York Magazine<\/p>\n<p>Editorial Sexto Piso public\u00f3: \u00a0<em>Empezar de cero, la historia de Jimi Hendrix<\/em>\u00a0contada por \u00e9l mismo a partir de un trabajo de recopilaci\u00f3n de material audiovisual e impreso realizado por el cineasta Peter Neal, y que originalmente se concibi\u00f3 como base para el gui\u00f3n del documental que Neal\u00a0 prepara sobre el m\u00fasico. El resultado de esta investigaci\u00f3n es un testimonio \u00fanico: el relato de la vida y del viaje interior de Jimi a trav\u00e9s de las letras de sus canciones y de sus propias palabras, como si de una autobiograf\u00eda se tratara.<\/p>\n<p>Gracias a este texto, por primera vez, fans de uno de los mejores guitarristas del mundo comprender\u00e1n las contradicciones de un personaje fascinante, adelantado a su tiempo, perfeccionista y cuya filosof\u00eda quiz\u00e1 pueda resumirse en una sola frase, que \u00e9l mismo pronunci\u00f3: \u201cHay que darle a la gente algo con lo que so\u00f1ar\u201d.<\/p>\n<p>Empezar de cero, la historia de Jimi Hendrix fue editado por Sexto Piso, la traducci\u00f3n del texto original fue hecha por Raquel Vicedo.<\/p>\n<p>Jimi Hendrix es considerado, por muchos, como el mejor guitarrista de todos los tiempos, y uno de los m\u00fasicos m\u00e1s influyentes de la historia del rock. Su forma de ver el mundo y su manera de transmitir sus pensamientos y emociones a trav\u00e9s de la m\u00fasica hicieron de \u00e9l un \u00edcono, idolatrado por muchos e incomprendido por muchos otros.<\/p>\n<p>Con informaci\u00f3n de\u00a0Sexto Piso<\/p>\n","protected":false},"excerpt":{"rendered":"<p>\u201cHendrix dej\u00f3 una huella indeleble, muy particular, en la m\u00fasica popular, y aceler\u00f3 el ya de por s\u00ed din\u00e1mico ritmo del cambio del rock de finales de los sesenta con su s\u00edntesis revolucionaria de violencia a la guitarra, improvisaci\u00f3n descarada, ensue\u00f1os mel\u00f3dicos espaciales y una intensidad confesional nacida del blues\u201d. New York Magazine Editorial Sexto [&hellip;]<\/p>\n","protected":false},"author":249,"featured_media":0,"comment_status":"open","ping_status":"closed","sticky":false,"template":"","format":"standard","meta":{"footnotes":""},"categories":[30,21,11,10,26,22],"tags":[],"class_list":["post-10691","post","type-post","status-publish","format-standard","hentry","category-arte","category-espectaculos","category-fotografia","category-historia","category-mundo","category-musica"],"_links":{"self":[{"href":"https:\/\/eloficiodehistoriar.com.mx\/index.php?rest_route=\/wp\/v2\/posts\/10691","targetHints":{"allow":["GET"]}}],"collection":[{"href":"https:\/\/eloficiodehistoriar.com.mx\/index.php?rest_route=\/wp\/v2\/posts"}],"about":[{"href":"https:\/\/eloficiodehistoriar.com.mx\/index.php?rest_route=\/wp\/v2\/types\/post"}],"author":[{"embeddable":true,"href":"https:\/\/eloficiodehistoriar.com.mx\/index.php?rest_route=\/wp\/v2\/users\/249"}],"replies":[{"embeddable":true,"href":"https:\/\/eloficiodehistoriar.com.mx\/index.php?rest_route=%2Fwp%2Fv2%2Fcomments&post=10691"}],"version-history":[{"count":3,"href":"https:\/\/eloficiodehistoriar.com.mx\/index.php?rest_route=\/wp\/v2\/posts\/10691\/revisions"}],"predecessor-version":[{"id":12355,"href":"https:\/\/eloficiodehistoriar.com.mx\/index.php?rest_route=\/wp\/v2\/posts\/10691\/revisions\/12355"}],"wp:attachment":[{"href":"https:\/\/eloficiodehistoriar.com.mx\/index.php?rest_route=%2Fwp%2Fv2%2Fmedia&parent=10691"}],"wp:term":[{"taxonomy":"category","embeddable":true,"href":"https:\/\/eloficiodehistoriar.com.mx\/index.php?rest_route=%2Fwp%2Fv2%2Fcategories&post=10691"},{"taxonomy":"post_tag","embeddable":true,"href":"https:\/\/eloficiodehistoriar.com.mx\/index.php?rest_route=%2Fwp%2Fv2%2Ftags&post=10691"}],"curies":[{"name":"wp","href":"https:\/\/api.w.org\/{rel}","templated":true}]}}