{"id":10693,"date":"2014-01-15T23:03:13","date_gmt":"2014-01-16T05:03:13","guid":{"rendered":"https:\/\/eloficiodehistoriar.com.mx\/?p=10693"},"modified":"2014-01-15T23:03:13","modified_gmt":"2014-01-16T05:03:13","slug":"serge-latouche-la-gente-feliz-no-suele-consumir","status":"publish","type":"post","link":"https:\/\/eloficiodehistoriar.com.mx\/?p=10693","title":{"rendered":"Serge Latouche: \u00abLa gente feliz no suele consumir\u00bb"},"content":{"rendered":"<h2><a href=\"http:\/\/www.creadess.org\/index.php\/informate\/de-interes\/articulos-de-opinion\/24729-serge-latouche-la-gente-feliz-no-suele-consumir\">Serge Latouche: \u00abLa gente feliz no suele consumir\u00bb<\/a><\/h2>\n<h4><img loading=\"lazy\" decoding=\"async\" alt=\"24729\" src=\"http:\/\/www.creadess.org\/images\/2014\/enero\/24729.jpg\" width=\"200\" height=\"133\" \/>NACIDO EN VANNES (FRANCIA) HACE 70 A\u00d1OS, ANTE UN P\u00daBLICO QUE LE ESCUCHABA SENTADO HASTA EN LOS PASILLOS DE ACCESO AL SAL\u00d3N DE ACTOS DEL COLEGIO MAYOR LARRAONA DE PAMPLONA, SUBRAYABA AYER NOCHE QUE EL ACTUAL RITMO DE CRECIMIENTO ECON\u00d3MICO MUNDIAL ES TAN INSOSTENIBLE COMO EL DETERIORO Y LA FALTA DE RECURSOS EN EL PLANETA.<\/h4>\n<h4>\u00a0INVITADO POR EL COLECTIVO DALE VUELTA-BIRA BESTE ALDERA, Y BAJO EL T\u00cdTULO DE SU CONFERENCIA EL DECRECIMIENTO, \u00bfUNA ALTERNATIVA AL CAPITALISMO? , RECLAM\u00d3 QUE LA SOCIEDAD ESTABLEZCA UNA AUTOLIMITACI\u00d3N DE SU CONSUMO Y DE LA EXPLOTACI\u00d3N MEDIOAMBIENTAL. DESDE SU PUNTO DE VISTA NO SE TRATA DE PLANTEAR UNA INVOLUCI\u00d3N SINO ACOPLAR LA VELOCIDAD DE GASTO DE LOS RECURSOS NATURALES CON SU REGENERACI\u00d3N.<\/h4>\n<p>Especialista en relaciones econ\u00f3micas Norte \/ Sur, premio europeo Amalfi de sociolog\u00eda y ciencias sociales, su movimiento decrecentista, nacido en los a\u00f1os 70 y extendido en Francia, defiende la sobriedad en la vida y la preservaci\u00f3n de los recursos naturales antes de su agotamiento. A su juicio, si el decrecimiento no es controlado \u00abel decrecimiento que ya estamos experimentando\u00bb ser\u00e1 consecuencia del hundimiento de una forma de capitalismo insostenible, y adem\u00e1s ser\u00e1 desmesurado y traum\u00e1tico.<\/p>\n<p>Una bomba sem\u00e1ntica. Afirma Serge Latouche que el t\u00e9rmino decrecimiento es un eslogan, \u00abuna bomba sem\u00e1ntica provocada para contrarrestar la intoxicaci\u00f3n del llamado desarrollo sostenible\u00bb, una forma de pensamiento, la sostenibilidad, extendida por el economicismo liberal de los a\u00f1os ochenta, y que propicia pagar por todo, \u00abpor ejemplo, en el caso del trigo, obliga a pagar por los excedentes, por su almacenamiento y tambi\u00e9n hay que pagar por destruir los sobrantes\u00bb. \u00abDeber\u00edamos hablar de A-crecimiento\u00bb, dijo como una invitaci\u00f3n hacia la reflexi\u00f3n sobre nuestro estilo de vida, incluso sobre la exhibici\u00f3n de los superfluo y el enriquecimiento desmesurado.<\/p>\n<p>Desde su punto de vista \u00abvivimos fagotizados por la econom\u00eda de la acumulaci\u00f3n que conlleva a la frustraci\u00f3n y a querer lo que no tenemos y ni necesitamos\u00bb, lo cual, afirma, conduce a estados de infelicidad. \u00abHemos detectado un aumento de suicidios en Francia en ni\u00f1os\u00bb, agreg\u00f3, para aludir m\u00e1s adelante a la concesi\u00f3n por parte de los bancos de cr\u00e9ditos al consumo a personas sin sueldo y patrimonio como sucedi\u00f3 en Estados Unidos en el inicio de la crisis econ\u00f3mica mundial. Para el profesor Latouche, \u00abla gente feliz no suele consumir\u00bb.<\/p>\n<p>Sus n\u00fameros como economista aseguran que le dan la raz\u00f3n: cada a\u00f1o hay m\u00e1s habitantes en el planeta a la vez que disminuyen los recursos, sin olvidar que consumir significa producir residuos y que el impacto ambiental de un espa\u00f1ol equivale a 2,2 hect\u00e1reas, y que cada a\u00f1o se consumen 15 millones de hect\u00e1reas de bosque \u00abesenciales para la vida\u00bb. \u00abY si vivimos a este ritmo es porque \u00c1frica lo permite\u00bb, subray\u00f3. Para el profesor Latouche, cual cualquier tipo de escasez, alimentaria o de petr\u00f3leo, conducir\u00e1 a la pobreza de la mayor\u00eda y al mayor enriquecimiento de las minor\u00edas representadas en la grandes compa\u00f1\u00edas petroleras o agroalimentarias.<\/p>\n<p>Trabajar menos y producir de forma inteligente. Tachado por sus detractores de ingenuo, postul\u00f3 trabajar menos y repartir el empleo, pero trabajar menos para vivir y cultivar m\u00e1s la vida, insisti\u00f3. Desde un proyecto que calific\u00f3 como \u00abecosocialista\u00bb, adem\u00e1s de consumir menos, la sociedad deber\u00eda consumir mejor, para lo cual propuso producir cerca de donde se vive y de forma ecol\u00f3gica para evitar que por cualquier puesto fronterizo entre Espa\u00f1a y Francia circulen hasta 4.000 camiones a la semana \u00abcon tomates de Andaluc\u00eda cruz\u00e1ndose con tomates holandeses\u00bb. Finaliz\u00f3 con una alabanza al estoicismo representado en Espa\u00f1a por S\u00e9neca: \u00abNo se obtiene la felicidad si no podemos limitar nuestros deseos y necesidades\u00bb.<\/p>\n<p><a href=\"http:\/\/www.diariodenavarra.es\/20110211\/navarra\/serge-latouche-gente-feliz-suele-consumir.html?not=2011021103385837&amp;idnot=2011021103385837&amp;dia=20110211#.Uq0lcD4qu8c.facebook\">http:\/\/www.diariodenavarra.es\/20110211\/navarra\/serge-latouche-gente-feliz-suele-consumir.html?not=2011021103385837&amp;idnot=2011021103385837&amp;dia=20110211#.Uq0lcD4qu8c.facebook<\/a><\/p>\n","protected":false},"excerpt":{"rendered":"<p>Serge Latouche: \u00abLa gente feliz no suele consumir\u00bb NACIDO EN VANNES (FRANCIA) HACE 70 A\u00d1OS, ANTE UN P\u00daBLICO QUE LE ESCUCHABA SENTADO HASTA EN LOS PASILLOS DE ACCESO AL SAL\u00d3N DE ACTOS DEL COLEGIO MAYOR LARRAONA DE PAMPLONA, SUBRAYABA AYER NOCHE QUE EL ACTUAL RITMO DE CRECIMIENTO ECON\u00d3MICO MUNDIAL ES TAN INSOSTENIBLE COMO EL DETERIORO [&hellip;]<\/p>\n","protected":false},"author":249,"featured_media":0,"comment_status":"open","ping_status":"closed","sticky":false,"template":"","format":"standard","meta":{"footnotes":""},"categories":[30,10,27,12,28,26,9],"tags":[],"class_list":["post-10693","post","type-post","status-publish","format-standard","hentry","category-arte","category-historia","category-latinoamerica","category-libros","category-literatura","category-mundo","category-otros-lugares"],"_links":{"self":[{"href":"https:\/\/eloficiodehistoriar.com.mx\/index.php?rest_route=\/wp\/v2\/posts\/10693","targetHints":{"allow":["GET"]}}],"collection":[{"href":"https:\/\/eloficiodehistoriar.com.mx\/index.php?rest_route=\/wp\/v2\/posts"}],"about":[{"href":"https:\/\/eloficiodehistoriar.com.mx\/index.php?rest_route=\/wp\/v2\/types\/post"}],"author":[{"embeddable":true,"href":"https:\/\/eloficiodehistoriar.com.mx\/index.php?rest_route=\/wp\/v2\/users\/249"}],"replies":[{"embeddable":true,"href":"https:\/\/eloficiodehistoriar.com.mx\/index.php?rest_route=%2Fwp%2Fv2%2Fcomments&post=10693"}],"version-history":[{"count":1,"href":"https:\/\/eloficiodehistoriar.com.mx\/index.php?rest_route=\/wp\/v2\/posts\/10693\/revisions"}],"predecessor-version":[{"id":10694,"href":"https:\/\/eloficiodehistoriar.com.mx\/index.php?rest_route=\/wp\/v2\/posts\/10693\/revisions\/10694"}],"wp:attachment":[{"href":"https:\/\/eloficiodehistoriar.com.mx\/index.php?rest_route=%2Fwp%2Fv2%2Fmedia&parent=10693"}],"wp:term":[{"taxonomy":"category","embeddable":true,"href":"https:\/\/eloficiodehistoriar.com.mx\/index.php?rest_route=%2Fwp%2Fv2%2Fcategories&post=10693"},{"taxonomy":"post_tag","embeddable":true,"href":"https:\/\/eloficiodehistoriar.com.mx\/index.php?rest_route=%2Fwp%2Fv2%2Ftags&post=10693"}],"curies":[{"name":"wp","href":"https:\/\/api.w.org\/{rel}","templated":true}]}}