{"id":10695,"date":"2014-01-15T23:05:44","date_gmt":"2014-01-16T05:05:44","guid":{"rendered":"https:\/\/eloficiodehistoriar.com.mx\/?p=10695"},"modified":"2014-01-15T23:05:44","modified_gmt":"2014-01-16T05:05:44","slug":"el-hotel-donde-la-musica-cobra-vida","status":"publish","type":"post","link":"https:\/\/eloficiodehistoriar.com.mx\/?p=10695","title":{"rendered":"El hotel donde la m\u00fasica cobra vida"},"content":{"rendered":"<h1>Nhow Berl\u00edn: el hotel donde la m\u00fasica cobra vida<\/h1>\n<p>Por\u00a0<a title=\"Entradas de Luz Espinosa\" href=\"http:\/\/culturacolectiva.com\/author\/magdaduduls\/\" rel=\"author\">Luz Espinosa<\/a>\u00a0octubre 31, 2013<a href=\"http:\/\/www.twitter.com\/magdaduduls\" target=\"blank\">@magdaduduls<\/a><\/p>\n<div id=\"home-main\">\n<div id=\"post-area\">\n<div id=\"content-area\">\n<div id=\"astrata-toolbar\">\n<div><a href=\"http:\/\/culturacolectiva.com\/nhow-berlin-el-hotel-donde-la-musica-cobra-vida\/#\">La arquitectura es como la m\u00fasica, un conjunto de bellas piezas para formar una bella sinfon\u00eda. \u201cUna forma de m\u00fasica congelada\u201d que invita a detonar la creatividad, a descubrir en cada muro, ventana y detalle que la construcci\u00f3n tiene vida.<\/a><\/div>\n<\/div>\n<p>Berl\u00edn es una de las ciudades m\u00e1s visitadas del mundo, su arquitectura es el testigo insobornable de la historia, porque, dec\u00eda Octavio Paz, \u00a0no se puede hablar de un gran edificio sin reconocer en \u00e9l el testigo de una \u00e9poca, su cultura, su sociedad y sus intenciones.<\/p>\n<p><a href=\"http:\/\/culturacolectiva.com\/wp-content\/uploads\/2013\/10\/nhowberlin15.jpg\"><img loading=\"lazy\" decoding=\"async\" alt=\"nhowberlin15\" src=\"http:\/\/culturacolectiva.com\/wp-content\/uploads\/2013\/10\/nhowberlin15.jpg\" width=\"561\" height=\"432\" \/><\/a><br \/>\nBerl\u00edn es un centro cultural y art\u00edstico de primer nivel. Es una de las ciudades m\u00e1s influyentes en el \u00e1mbito pol\u00edtico de la Uni\u00f3n Europea y en 2006 fue elegida Ciudad Creativa por la Unesco. A\u00a0pesar del largo proceso de reconstrucci\u00f3n que la capital alemana tuvo que pasar despu\u00e9s de los conflictos a los que se enfrent\u00f3, la ciudad se ha llenado del \u201cencanto arquitect\u00f3nico, el que la t\u00e9cnica de la regla T y el dise\u00f1o se tom\u00f3 como punto de partida para llevar a la humanidad hacia un porvenir mejor.<\/p>\n<p><a href=\"http:\/\/culturacolectiva.com\/wp-content\/uploads\/2013\/10\/nhow_berlin.jpg\"><img loading=\"lazy\" decoding=\"async\" alt=\"nhow_berlin\" src=\"http:\/\/culturacolectiva.com\/wp-content\/uploads\/2013\/10\/nhow_berlin.jpg\" width=\"640\" height=\"400\" \/><\/a><br \/>\nEn el coraz\u00f3n de Berl\u00edn, situado a orillas del r\u00edo Spree, en el epicentro de la escena de la m\u00fasica, la moda y la creatividad, se construy\u00f3 un hotel pensado y dise\u00f1ado para el \u00a0estilo de vida de los artistas: el nhow Berl\u00edn.<\/p>\n<p>Karim Rashid es el dise\u00f1ador que dio vida a este concepto, el Nhow Berl\u00edn es una espacio creado para artistas, m\u00fasicos en especial, en su interior hay estudios de grabaci\u00f3n, centros de presentaci\u00f3n, foros y galer\u00edas. El concepto arquitect\u00f3nico implica la trisecci\u00f3n del edificio en forma de torres y fue concebido por Sergei Tchoban.<\/p>\n<div id=\"gallery-0\">\n<div><img decoding=\"async\" alt=\"\" src=\"http:\/\/culturacolectiva.com\/wp-content\/uploads\/2013\/10\/arquitectura1.jpg\" \/><\/div>\n<div><img decoding=\"async\" alt=\"\" src=\"http:\/\/culturacolectiva.com\/wp-content\/uploads\/2013\/10\/arquitectura1.jpg\" data-target=\"#gallery-0\" \/><img decoding=\"async\" alt=\"\" src=\"http:\/\/culturacolectiva.com\/wp-content\/uploads\/2013\/10\/arquitectiura-fincional.jpg\" data-target=\"#gallery-0\" \/><img decoding=\"async\" alt=\"\" src=\"http:\/\/culturacolectiva.com\/wp-content\/uploads\/2013\/10\/tchoban.jpg\" data-target=\"#gallery-0\" \/><\/div>\n<\/div>\n<p>&nbsp;<\/p>\n<p>En su interior se fusiona la m\u00fasica, el dise\u00f1o y la arquitectura, \u00a0se encuentra entre los estudios Universal y los MTV de Berl\u00edn, en sus inmediaciones se ubican los mejores clubs de m\u00fasica y el estadio O2 World, el centro de conciertos de Berl\u00edn. Estos fueron los motivos por los que se eligi\u00f3 el tema para el hotel, cada una de sus habitaciones cuenta con una guitarra y un teclado, y los estudios de grabaci\u00f3n fueron \u00a0instalados\u00a0 por Music GmbH y estudios Hansa.<\/p>\n<div id=\"gallery-1\">\n<div><img decoding=\"async\" alt=\"\" src=\"http:\/\/culturacolectiva.com\/wp-content\/uploads\/2013\/10\/nhow_berlin1.jpg\" \/><\/div>\n<div><img decoding=\"async\" alt=\"\" src=\"http:\/\/culturacolectiva.com\/wp-content\/uploads\/2013\/10\/nhow_berlin1.jpg\" data-target=\"#gallery-1\" \/><img decoding=\"async\" alt=\"\" src=\"http:\/\/culturacolectiva.com\/wp-content\/uploads\/2013\/10\/nhow-berlin.jpg\" data-target=\"#gallery-1\" \/><img decoding=\"async\" alt=\"\" src=\"http:\/\/culturacolectiva.com\/wp-content\/uploads\/2013\/10\/nhowberlin3.jpg\" data-target=\"#gallery-1\" \/><img decoding=\"async\" alt=\"\" src=\"http:\/\/culturacolectiva.com\/wp-content\/uploads\/2013\/10\/estudios-de-musica.jpg\" data-target=\"#gallery-1\" \/><img decoding=\"async\" alt=\"\" src=\"http:\/\/culturacolectiva.com\/wp-content\/uploads\/2013\/10\/nhow_studio.jpg\" data-target=\"#gallery-1\" \/><img decoding=\"async\" alt=\"\" src=\"http:\/\/culturacolectiva.com\/wp-content\/uploads\/2013\/10\/guitarras.jpg\" data-target=\"#gallery-1\" \/><img decoding=\"async\" alt=\"\" src=\"http:\/\/culturacolectiva.com\/wp-content\/uploads\/2013\/10\/nhow-berlin-1.jpg\" data-target=\"#gallery-1\" \/><img decoding=\"async\" alt=\"\" src=\"http:\/\/culturacolectiva.com\/wp-content\/uploads\/2013\/10\/nhow_studio_1_day.jpg\" data-target=\"#gallery-1\" \/><\/div>\n<\/div>\n<p>Pero la atracci\u00f3n principal del hotel es su Music Sound Floor.\u00a0Supervisado por\u00a0Lautsark\u00a0, la agencia de m\u00fasica de Hansa Studios, donde artistas como David Bowie, Iggy Pop y Nick Cave han registrado; ese espacio contiene engranajes, mezclas anal\u00f3gicas y programas que m\u00fasicos visitantes pueden utilizar al grabar su EP.<\/p>\n<p>&nbsp;<\/p>\n<p><a href=\"http:\/\/culturacolectiva.com\/wp-content\/uploads\/2013\/10\/Music-Sound-Floor.jpg\"><img loading=\"lazy\" decoding=\"async\" alt=\"Music Sound Floor\" src=\"http:\/\/culturacolectiva.com\/wp-content\/uploads\/2013\/10\/Music-Sound-Floor.jpg\" width=\"608\" height=\"404\" \/><\/a><br \/>\nKarim cree que la inspiraci\u00f3n se encuentra en cualquier lugar, s\u00f3lo hay que colocar los objetos, espacios, lugares, mundos, esp\u00edritus y experiencias necesarios. \u00a0Ahora el dise\u00f1o no se trata de resolver problemas, no s\u00f3lo del embellecimiento de los entornos construidos, El dise\u00f1o debe promover el mejoramiento de la vida y la est\u00e9tica de forma experimental, sensorial y emocionalmente. \u00a0Bajo esta filosof\u00eda el dise\u00f1ador dota a los espacios de la atm\u00f3sfera necesaria para desarrollar lugares tem\u00e1ticos.<\/p>\n<p><a href=\"http:\/\/culturacolectiva.com\/wp-content\/uploads\/2013\/10\/nhow-berlin-el-hotel-musica-L-eVz-_y.jpeg\"><img loading=\"lazy\" decoding=\"async\" alt=\"nhow-berlin-el-hotel-musica-L-eVz-_y\" src=\"http:\/\/culturacolectiva.com\/wp-content\/uploads\/2013\/10\/nhow-berlin-el-hotel-musica-L-eVz-_y.jpeg\" width=\"340\" height=\"510\" \/><\/a><br \/>\n<a href=\"http:\/\/culturacolectiva.com\/wp-content\/uploads\/2013\/10\/NHow-Hotel-in-Berlin-8.jpg\"><img loading=\"lazy\" decoding=\"async\" alt=\"NHow-Hotel-in-Berlin-8\" src=\"http:\/\/culturacolectiva.com\/wp-content\/uploads\/2013\/10\/NHow-Hotel-in-Berlin-8.jpg\" width=\"600\" height=\"400\" \/><\/a><\/p>\n<p>&nbsp;<\/p>\n<p>&nbsp;<\/p>\n<\/div>\n<\/div>\n<\/div>\n<p>&#8211; See more at: http:\/\/culturacolectiva.com\/nhow-berlin-el-hotel-donde-la-musica-cobra-vida\/#sthash.i2DQliPh.dpuf<\/p>\n","protected":false},"excerpt":{"rendered":"<p>Nhow Berl\u00edn: el hotel donde la m\u00fasica cobra vida Por\u00a0Luz Espinosa\u00a0octubre 31, 2013@magdaduduls La arquitectura es como la m\u00fasica, un conjunto de bellas piezas para formar una bella sinfon\u00eda. \u201cUna forma de m\u00fasica congelada\u201d que invita a detonar la creatividad, a descubrir en cada muro, ventana y detalle que la construcci\u00f3n tiene vida. Berl\u00edn es [&hellip;]<\/p>\n","protected":false},"author":249,"featured_media":0,"comment_status":"open","ping_status":"closed","sticky":false,"template":"","format":"standard","meta":{"footnotes":""},"categories":[30,11,26,22,9],"tags":[],"class_list":["post-10695","post","type-post","status-publish","format-standard","hentry","category-arte","category-fotografia","category-mundo","category-musica","category-otros-lugares"],"_links":{"self":[{"href":"https:\/\/eloficiodehistoriar.com.mx\/index.php?rest_route=\/wp\/v2\/posts\/10695","targetHints":{"allow":["GET"]}}],"collection":[{"href":"https:\/\/eloficiodehistoriar.com.mx\/index.php?rest_route=\/wp\/v2\/posts"}],"about":[{"href":"https:\/\/eloficiodehistoriar.com.mx\/index.php?rest_route=\/wp\/v2\/types\/post"}],"author":[{"embeddable":true,"href":"https:\/\/eloficiodehistoriar.com.mx\/index.php?rest_route=\/wp\/v2\/users\/249"}],"replies":[{"embeddable":true,"href":"https:\/\/eloficiodehistoriar.com.mx\/index.php?rest_route=%2Fwp%2Fv2%2Fcomments&post=10695"}],"version-history":[{"count":1,"href":"https:\/\/eloficiodehistoriar.com.mx\/index.php?rest_route=\/wp\/v2\/posts\/10695\/revisions"}],"predecessor-version":[{"id":10696,"href":"https:\/\/eloficiodehistoriar.com.mx\/index.php?rest_route=\/wp\/v2\/posts\/10695\/revisions\/10696"}],"wp:attachment":[{"href":"https:\/\/eloficiodehistoriar.com.mx\/index.php?rest_route=%2Fwp%2Fv2%2Fmedia&parent=10695"}],"wp:term":[{"taxonomy":"category","embeddable":true,"href":"https:\/\/eloficiodehistoriar.com.mx\/index.php?rest_route=%2Fwp%2Fv2%2Fcategories&post=10695"},{"taxonomy":"post_tag","embeddable":true,"href":"https:\/\/eloficiodehistoriar.com.mx\/index.php?rest_route=%2Fwp%2Fv2%2Ftags&post=10695"}],"curies":[{"name":"wp","href":"https:\/\/api.w.org\/{rel}","templated":true}]}}