{"id":10710,"date":"2014-02-03T11:16:17","date_gmt":"2014-02-03T17:16:17","guid":{"rendered":"https:\/\/eloficiodehistoriar.com.mx\/?p=10710"},"modified":"2014-02-05T00:16:53","modified_gmt":"2014-02-05T06:16:53","slug":"simon-en-el-valiant","status":"publish","type":"post","link":"https:\/\/eloficiodehistoriar.com.mx\/?p=10710","title":{"rendered":"El Grupo Sim\u00f3n se presenta en el Valiant"},"content":{"rendered":"<p style=\"color: #333333; font-size: 15.454545021057129px; font-style: normal; line-height: 22.159090042114258px;\"><img loading=\"lazy\" decoding=\"async\" class=\"size-medium wp-image-10712 alignright\" alt=\"Rubs Puente\" src=\"https:\/\/eloficiodehistoriar.com.mx\/wp-content\/uploads\/2014\/02\/BeFunky_DSC_0054.jpg-247x300.jpg\" width=\"247\" height=\"300\" \/><\/p>\n<p style=\"text-align: justify;\"><span style=\"text-align: justify;\">El grupo de rock Sim\u00f3n se present\u00f3\u00a0con gran \u00e9xito la noche del viernes en\u00a0<\/span><span style=\"text-align: justify;\">un reconocido bar del centro de la Ciudad de M\u00e9xico.<\/span><\/p>\n<p style=\"text-align: justify;\"><span style=\"text-align: justify;\">Con un sonido en vivo que a simple vista se percibe como cuidado y poderoso, la banda integrada\u00a0por Rub\u00e9n Puente, Jorge Correa y Alonso Cort\u00e9s interpret\u00f3 temas como \u00abMata\u00bb, \u00abExtra\u00f1o\u00bb y \u00abNo Quiero Recordarte\u00bb, los cuales se desprenden de su EP hom\u00f3nimo.<\/span><\/p>\n<p style=\"text-align: justify;\"><img loading=\"lazy\" decoding=\"async\" class=\"wp-image-10714 alignright\" alt=\"Sim\u00f3n en el Valiant\" src=\"https:\/\/eloficiodehistoriar.com.mx\/wp-content\/uploads\/2014\/02\/BeFunky_DSC_00571.jpg1-300x198.jpg\" width=\"273\" height=\"181\" \/><\/p>\n<p style=\"color: #333333; font-size: 15.454545021057129px; font-style: normal; line-height: 22.159090042114258px; text-align: justify;\">Cabe mencionar que Sim\u00f3n se caracteriza por la participaci\u00f3n de todos sus integrantes tanto en la composici\u00f3n como la interpretaci\u00f3n de sus temas.<\/p>\n<p style=\"text-align: justify;\">Adem\u00e1s de sus \u00e9xitos, la banda tambi\u00e9n dio primicia de los nuevos temas que incluir\u00e1n en su pr\u00f3xima producci\u00f3n.<\/p>\n<p style=\"color: #333333; font-size: 15.454545021057129px; font-style: normal; line-height: 22.159090042114258px;\"><img loading=\"lazy\" decoding=\"async\" class=\"alignleft size-medium wp-image-10715\" style=\"color: #333333; font-size: 15.454545021057129px; font-style: normal; line-height: 22.159090042114258px;\" alt=\"Mata\" src=\"https:\/\/eloficiodehistoriar.com.mx\/wp-content\/uploads\/2014\/02\/BeFunky_DSC_0061.jpg-300x154.jpg\" width=\"300\" height=\"154\" \/><\/p>\n<p style=\"text-align: justify;\">\u00a0 \u00a0 \u00a0 \u00a0 \u00a0 \u00a0 \u00a0 \u00a0 \u00a0 \u00a0 \u00a0 \u00a0 \u00a0 \u00a0 \u00a0 \u00a0 \u00a0 \u00a0 \u00a0 \u00a0 \u00a0 \u00a0 \u00a0 \u00a0 \u00a0 \u00a0 \u00a0 \u00a0 \u00a0 \u00a0 \u00a0 \u00a0 \u00a0 \u00a0 \u00a0 \u00a0 \u00a0 \u00a0 \u00a0 \u00a0 \u00a0 \u00a0 \u00a0 \u00a0 \u00a0 \u00a0 \u00a0 \u00a0 \u00a0 \u00a0 \u00a0 \u00a0 \u00a0 \u00a0 \u00a0 Despu\u00e9s de un a\u00f1o de trabajo con presentaciones en varias partes de la rep\u00fablica, festivales de m\u00fasica, promoci\u00f3n en televisi\u00f3n, radio y medios impresos Sim\u00f3n se prepara este 2014 con todo para seguir creando.<\/p>\n<p style=\"text-align: justify;\"><a href=\"https:\/\/eloficiodehistoriar.com.mx\/wp-content\/uploads\/2014\/02\/BeFunky_DSC_0070.jpg.jpg\"><img loading=\"lazy\" decoding=\"async\" class=\"size-medium wp-image-10713 alignright\" alt=\"Jorge Correa\" src=\"https:\/\/eloficiodehistoriar.com.mx\/wp-content\/uploads\/2014\/02\/BeFunky_DSC_0070.jpg-198x300.jpg\" width=\"198\" height=\"300\" \/><\/a>Sim\u00f3n es una propuesta con un\u00a0sonido fresco pero experimentado en el que se nota la trayectoria de ya varios a\u00f1os de estos tres destacados m\u00fasicos mexicanos en\u00a0una banda honesta que sin pretensi\u00f3n alguna ha logrado proyectarse en la escena musical del rock mexicano para un prop\u00f3sito simple que ya muchas bandas han perdido: hacer m\u00fasica.<\/p>\n<p style=\"color: #333333; font-size: 15.454545021057129px; font-style: normal; line-height: 22.159090042114258px; text-align: justify;\">El grupo mexicano tambi\u00e9n se encuentra planeando su gira por varias partes de la rep\u00fablica as\u00ed como la promoci\u00f3n de un nuevo material por lanzarse.<\/p>\n<p><strong>Fotograf\u00edas: Annie Cort\u00e9s<\/strong><\/p>\n<p>Para conocer un poco m\u00e1s de la banda pueden visitarlos en:<\/p>\n<p><strong>Facebook:<\/strong><\/p>\n<p><a href=\"https:\/\/www.facebook.com\/pages\/SimonMexico\/227096664032105\">https:\/\/www.facebook.com\/SimonMexico<\/a><\/p>\n<p><strong>Twitter:<\/strong><\/p>\n<p><a href=\"https:\/\/twitter.com\/SimonMexico\"><strong>@SimonMexico <\/strong><\/a><\/p>\n<p><strong><a href=\"https:\/\/twitter.com\/Rubspuente\">@Rubspuente<\/a> \u00a0<\/strong><\/p>\n<p><a href=\"https:\/\/twitter.com\/jorgecorreatl\"><strong>@Jorgecorreatl<\/strong><\/a><\/p>\n<h2><a href=\"https:\/\/twitter.com\/alonscv\"><strong>@alonscv<\/strong><\/a><\/h2>\n<p><strong>Video Extra\u00f1o:<\/strong><\/p>\n<p><a title=\"Video Extra\u00f1o\" href=\"http:\/\/youtu.be\/FAWi00MVTy4\">http:\/\/youtu.be\/FAWi00MVTy4<\/a><\/p>\n<p><strong>Video Mata:<\/strong><\/p>\n<p><a title=\"Video Mata\" href=\"http:\/\/youtu.be\/CJq3QutK4c0\">http:\/\/youtu.be\/CJq3QutK4c0<\/a><\/p>\n","protected":false},"excerpt":{"rendered":"<p>El grupo de rock Sim\u00f3n se present\u00f3\u00a0con gran \u00e9xito la noche del viernes en\u00a0un reconocido bar del centro de la Ciudad de M\u00e9xico. Con un sonido en vivo que a simple vista se percibe como cuidado y poderoso, la banda integrada\u00a0por Rub\u00e9n Puente, Jorge Correa y Alonso Cort\u00e9s interpret\u00f3 temas como \u00abMata\u00bb, \u00abExtra\u00f1o\u00bb y \u00abNo [&hellip;]<\/p>\n","protected":false},"author":249,"featured_media":0,"comment_status":"open","ping_status":"closed","sticky":false,"template":"","format":"standard","meta":{"footnotes":""},"categories":[30,24,21,11,27,22],"tags":[36,39,32,35,38,53,34,31,33,37],"class_list":["post-10710","post","type-post","status-publish","format-standard","hentry","category-arte","category-ciudad-de-mexico","category-espectaculos","category-fotografia","category-latinoamerica","category-musica","tag-alonso-cortes","tag-extrano","tag-grupo-simon","tag-jorge-correa","tag-mata","tag-musica","tag-ruben-puente","tag-simon","tag-simon-mexico","tag-valiant"],"_links":{"self":[{"href":"https:\/\/eloficiodehistoriar.com.mx\/index.php?rest_route=\/wp\/v2\/posts\/10710","targetHints":{"allow":["GET"]}}],"collection":[{"href":"https:\/\/eloficiodehistoriar.com.mx\/index.php?rest_route=\/wp\/v2\/posts"}],"about":[{"href":"https:\/\/eloficiodehistoriar.com.mx\/index.php?rest_route=\/wp\/v2\/types\/post"}],"author":[{"embeddable":true,"href":"https:\/\/eloficiodehistoriar.com.mx\/index.php?rest_route=\/wp\/v2\/users\/249"}],"replies":[{"embeddable":true,"href":"https:\/\/eloficiodehistoriar.com.mx\/index.php?rest_route=%2Fwp%2Fv2%2Fcomments&post=10710"}],"version-history":[{"count":27,"href":"https:\/\/eloficiodehistoriar.com.mx\/index.php?rest_route=\/wp\/v2\/posts\/10710\/revisions"}],"predecessor-version":[{"id":10743,"href":"https:\/\/eloficiodehistoriar.com.mx\/index.php?rest_route=\/wp\/v2\/posts\/10710\/revisions\/10743"}],"wp:attachment":[{"href":"https:\/\/eloficiodehistoriar.com.mx\/index.php?rest_route=%2Fwp%2Fv2%2Fmedia&parent=10710"}],"wp:term":[{"taxonomy":"category","embeddable":true,"href":"https:\/\/eloficiodehistoriar.com.mx\/index.php?rest_route=%2Fwp%2Fv2%2Fcategories&post=10710"},{"taxonomy":"post_tag","embeddable":true,"href":"https:\/\/eloficiodehistoriar.com.mx\/index.php?rest_route=%2Fwp%2Fv2%2Ftags&post=10710"}],"curies":[{"name":"wp","href":"https:\/\/api.w.org\/{rel}","templated":true}]}}