{"id":10747,"date":"2014-02-10T22:36:27","date_gmt":"2014-02-11T04:36:27","guid":{"rendered":"https:\/\/eloficiodehistoriar.com.mx\/?p=10747"},"modified":"2014-02-13T22:22:59","modified_gmt":"2014-02-14T04:22:59","slug":"presenta-cecam-disco-xeew","status":"publish","type":"post","link":"https:\/\/eloficiodehistoriar.com.mx\/?p=10747","title":{"rendered":"Presenta CECAM Disco X\u00eb\u00ebw"},"content":{"rendered":"<p style=\"color: #333333; font-size: 15.454545021057129px; font-style: normal; line-height: 22.159090042114258px;\"><img loading=\"lazy\" decoding=\"async\" class=\"alignleft size-medium wp-image-10748\" alt=\"X\u00ebew\" src=\"https:\/\/eloficiodehistoriar.com.mx\/wp-content\/uploads\/2014\/02\/1907421_10203130340161704_1203650393_n-300x150.jpg\" width=\"300\" height=\"150\" srcset=\"https:\/\/eloficiodehistoriar.com.mx\/wp-content\/uploads\/2014\/02\/1907421_10203130340161704_1203650393_n-300x150.jpg 300w, https:\/\/eloficiodehistoriar.com.mx\/wp-content\/uploads\/2014\/02\/1907421_10203130340161704_1203650393_n-500x250.jpg 500w, https:\/\/eloficiodehistoriar.com.mx\/wp-content\/uploads\/2014\/02\/1907421_10203130340161704_1203650393_n.jpg 960w\" sizes=\"auto, (max-width: 300px) 100vw, 300px\" \/><\/p>\n<p>Como una fusi\u00f3n de diferentes artistas y g\u00e9neros surge el nuevo disco de la Banda Filarm\u00f3nica del CECAM (Centro de Educaci\u00f3n Centro de Capacitaci\u00f3n Musical y\u00a0Desarrollo de la Cultura Mixe), llamado \u00abX\u00cb\u00cbW\u00bb que en lengua Mixe significa \u00abFiesta\u00bb.<\/p>\n<p>El veracruzano Vladimir Medina es el actual director art\u00edstico de la banda que surge del esfuerzo y trabajo de m\u00e1s de 35 a\u00f1os de existencia del CECAM que es integrado por j\u00f3venes ind\u00edgenas de\u00a0Santa Mar\u00eda Tlahuitoltepec Mixe, Oaxaca, donde reciben una formaci\u00f3n musical de alto nivel destacando a nivel internacional.<\/p>\n<p>Es de destacar el esfuerzo y trabajo que a trav\u00e9s de tantos a\u00f1os han llevado a cabo un gran equipo de personas con gran convicci\u00f3n de crear y apoyar la educaci\u00f3n musical en M\u00e9xico en este Centro de Educaci\u00f3n Musical.<\/p>\n<p>La grabaci\u00f3n de este disco transcurri\u00f3 durante tres meses de trabajo en los que se us\u00f3 como estudio de grabaci\u00f3n una exalberca fusionando y uniendo as\u00ed la m\u00fasica tradicional Mixe con la actual escena de la m\u00fasica contempor\u00e1nea de nuestro pa\u00eds.<\/p>\n<p>X\u00cb\u00cbW es un disco doble formado por 24 sencillos en el que se destaca la participaci\u00f3n de artistas como\u00a0Natalia Lafourcade con el tema \u201cUn derecho de nacimiento\u201d,\u00a0al igual que otros artistas como Ely Guerra, el grupo de rock Troker, el Colectivo Aho, Susana Harp, Hello Seahorse, Lila Downs, Sonex, Adri\u00e1n Terrazas, entre otros.<\/p>\n<p>El disco fue producido y grabado por Jorge Carlos Atristain, mezclado por Esteban Ric\u00e1rdez,\u00a0masterizado por Juan Switalski y editado por la disquera independiente Intolerancia, pr\u00f3ximamente se encontrar\u00e1 a la venta en formato f\u00edsico en la principales tiendas de m\u00fasica y ya est\u00e1 disponible en formato digital en la tienda Itunes.<\/p>\n<p>Sin duda un deleite que no se puede dejar pasar donde encontraremos una propuesta de alta calidad musical y llena de honestidad y trabajo.<\/p>\n<p>&nbsp;<\/p>\n","protected":false},"excerpt":{"rendered":"<p>Como una fusi\u00f3n de diferentes artistas y g\u00e9neros surge el nuevo disco de la Banda Filarm\u00f3nica del CECAM (Centro de Educaci\u00f3n Centro de Capacitaci\u00f3n Musical y\u00a0Desarrollo de la Cultura Mixe), llamado \u00abX\u00cb\u00cbW\u00bb que en lengua Mixe significa \u00abFiesta\u00bb. El veracruzano Vladimir Medina es el actual director art\u00edstico de la banda que surge del esfuerzo y [&hellip;]<\/p>\n","protected":false},"author":249,"featured_media":10818,"comment_status":"open","ping_status":"closed","sticky":false,"template":"","format":"standard","meta":{"footnotes":""},"categories":[30,24,10,27,26,22,9],"tags":[40,42,43,41],"class_list":["post-10747","post","type-post","status-publish","format-standard","has-post-thumbnail","hentry","category-arte","category-ciudad-de-mexico","category-historia","category-latinoamerica","category-mundo","category-musica","category-otros-lugares","tag-cecam","tag-oaxaca","tag-santa-maria-tlahuitoltepec","tag-xeew"],"_links":{"self":[{"href":"https:\/\/eloficiodehistoriar.com.mx\/index.php?rest_route=\/wp\/v2\/posts\/10747","targetHints":{"allow":["GET"]}}],"collection":[{"href":"https:\/\/eloficiodehistoriar.com.mx\/index.php?rest_route=\/wp\/v2\/posts"}],"about":[{"href":"https:\/\/eloficiodehistoriar.com.mx\/index.php?rest_route=\/wp\/v2\/types\/post"}],"author":[{"embeddable":true,"href":"https:\/\/eloficiodehistoriar.com.mx\/index.php?rest_route=\/wp\/v2\/users\/249"}],"replies":[{"embeddable":true,"href":"https:\/\/eloficiodehistoriar.com.mx\/index.php?rest_route=%2Fwp%2Fv2%2Fcomments&post=10747"}],"version-history":[{"count":2,"href":"https:\/\/eloficiodehistoriar.com.mx\/index.php?rest_route=\/wp\/v2\/posts\/10747\/revisions"}],"predecessor-version":[{"id":10755,"href":"https:\/\/eloficiodehistoriar.com.mx\/index.php?rest_route=\/wp\/v2\/posts\/10747\/revisions\/10755"}],"wp:featuredmedia":[{"embeddable":true,"href":"https:\/\/eloficiodehistoriar.com.mx\/index.php?rest_route=\/wp\/v2\/media\/10818"}],"wp:attachment":[{"href":"https:\/\/eloficiodehistoriar.com.mx\/index.php?rest_route=%2Fwp%2Fv2%2Fmedia&parent=10747"}],"wp:term":[{"taxonomy":"category","embeddable":true,"href":"https:\/\/eloficiodehistoriar.com.mx\/index.php?rest_route=%2Fwp%2Fv2%2Fcategories&post=10747"},{"taxonomy":"post_tag","embeddable":true,"href":"https:\/\/eloficiodehistoriar.com.mx\/index.php?rest_route=%2Fwp%2Fv2%2Ftags&post=10747"}],"curies":[{"name":"wp","href":"https:\/\/api.w.org\/{rel}","templated":true}]}}