{"id":10750,"date":"2014-02-10T22:49:58","date_gmt":"2014-02-11T04:49:58","guid":{"rendered":"https:\/\/eloficiodehistoriar.com.mx\/?p=10750"},"modified":"2014-02-10T22:49:58","modified_gmt":"2014-02-11T04:49:58","slug":"una-critica-a-zona-maco-proceso","status":"publish","type":"post","link":"https:\/\/eloficiodehistoriar.com.mx\/?p=10750","title":{"rendered":"Una cr\u00edtica a Zona Maco: Proceso"},"content":{"rendered":"<h1>Arte: Retroceso en Zona Maco 2012<\/h1>\n<p>Proceso<\/p>\n<div id=\"single-columns\">\n<div id=\"single-column-left\">\n<div><a title=\"Entradas de Blanca Gonz\u00e1lez Rosas\" href=\"http:\/\/www.proceso.com.mx\/?author=24\" rel=\"author\">BLANCA GONZ\u00c1LEZ ROSAS<\/a><br \/>\n24 DE ABRIL DE 2012<br \/>\n<a title=\"Ver todas las entradas en Cultura y Espect\u00e1culos\" href=\"http:\/\/www.proceso.com.mx\/?cat=27\" rel=\"category\">CULTURA Y ESPECT\u00c1CULOS<\/a><\/div>\n<div>\n<table width=\"1\" border=\"0\" cellspacing=\"0\" cellpadding=\"0\">\n<tbody>\n<tr>\n<td><img loading=\"lazy\" decoding=\"async\" alt=\"Inauguran Zona Maco en el Centro Banamex. Foto: Benjamin Flores\" src=\"http:\/\/media.proceso.com.mx\/media\/2012\/04\/g61.jpg\" width=\"440\" height=\"293\" \/><\/td>\n<\/tr>\n<tr>\n<td>Inauguran Zona Maco en el Centro Banamex.<br \/>\nFoto: Benjamin Flores<\/td>\n<\/tr>\n<\/tbody>\n<\/table>\n<\/div>\n<div>\n<p>M\u00c9XICO, D.F. (Proceso).- Con un notorio retroceso en lo que corresponde al posicionamiento internacional y la calidad de la oferta art\u00edstica, se inaugur\u00f3 el mi\u00e9rcoles 18, en el Centro Banamex de la Ciudad de M\u00e9xico, la novena edici\u00f3n de la feria internacional Zona Maco M\u00e9xico Arte Contempor\u00e1neo.<br \/>\nA diferencia de la versi\u00f3n 2011 que cont\u00f3 con galer\u00edas tan prestigiadas y\/o interesantes en el mainstream como Hauser&amp;Wirth, David Zwirner, Alexander and Bonin, Arndt, Barbara Thumm y Joan Prats, la versi\u00f3n 2012 se redujo a s\u00f3lo dos presencias relevantes: Lisson y Continua. Una disminuci\u00f3n importante porque delata no s\u00f3lo cierta debilidad en el mercado que capta Zona Maco sino, tambi\u00e9n, la carencia de una identidad estable que le permita mantenerse, crecer y competir en el mercado ferial.<br \/>\nLa constancia que se percibi\u00f3 entre 2010 y 2011 se desequilibr\u00f3 en 2012 con la ausencia del 64% de los comercios extranjeros que estuvieron el a\u00f1o pasado. En este contexto, las galer\u00edas espa\u00f1olas son una excepci\u00f3n ya que se han mantenido en un 63%. En lo que corresponde a las galer\u00edas mexicanas, si bien las de presencia internacional contin\u00faan participando en Zona Maco y cada a\u00f1o aparecen proyectos diferentes en la secci\u00f3n de Nuevas Propuestas, la ausencia, este a\u00f1o, de Arena, Drexel, Terreno Bald\u00edo y Caja Blanca no es un factor para celebrar.<br \/>\nCon un rango de precios de 2 mil a un mill\u00f3n 200 mil d\u00f3lares aproximadamente, la oferta de productos art\u00edsticos fue muy dispareja en calidad y originalidad. Carente de propuestas diferentes, interesantes o impactantes, la apuesta de Zona Maco 2012 oscil\u00f3 entre firmas famosas \u2013Julian Opie, Deacon, Sarah Lucas, Pistoletto, Art&amp;Language\u2013, trabjos conceptuales setenteros \u2013Carlos Ginzburg y Antonio Caro en la secci\u00f3n Zona Maco Sur\u2013, algunos dibujos atractivos \u2013Theo Michael\u2013 y pinturas insignificantes o p\u00e9simas \u2013una excepci\u00f3n podr\u00eda ser Sasha Braunig.<br \/>\nEn el rubro de la pintura, la Eigen+Art se distingui\u00f3 por la pobreza de su stand. A diferencia de las obras que presenta en ferias como Art Basel o Art Cologne, la galer\u00eda alemana opt\u00f3 por una m\u00ednima selecci\u00f3n de tres peque\u00f1as pinturas de Tim Eitel y una esculturita de Neo Rauch. Entre las obras m\u00e1s atractivas, la escultura de Anish Kapoor en la Lisson sobresali\u00f3 a\u00fan por encima de la que se expuso el a\u00f1o pasado. Entre las peores, los estrujados pseudo-conceptuales de Javier Arce en la galer\u00eda T20.<br \/>\nDispareja, mal organizada \u2013el d\u00eda de la inauguraci\u00f3n no hab\u00edan suficientes pases vip\u2013, y sin un concepto que le permita sobresalir entre las diversas ferias que existen actualmente, Zona Maco 2012 confirma la necesidad de reestructurar el modelo del comercio ferial.<\/p>\n<\/div>\n<\/div>\n<\/div>\n","protected":false},"excerpt":{"rendered":"<p>Arte: Retroceso en Zona Maco 2012 Proceso BLANCA GONZ\u00c1LEZ ROSAS 24 DE ABRIL DE 2012 CULTURA Y ESPECT\u00c1CULOS Inauguran Zona Maco en el Centro Banamex. Foto: Benjamin Flores M\u00c9XICO, D.F. (Proceso).- Con un notorio retroceso en lo que corresponde al posicionamiento internacional y la calidad de la oferta art\u00edstica, se inaugur\u00f3 el mi\u00e9rcoles 18, en [&hellip;]<\/p>\n","protected":false},"author":249,"featured_media":0,"comment_status":"open","ping_status":"closed","sticky":false,"template":"","format":"standard","meta":{"footnotes":""},"categories":[30,24,10,27,26],"tags":[55,44],"class_list":["post-10750","post","type-post","status-publish","format-standard","hentry","category-arte","category-ciudad-de-mexico","category-historia","category-latinoamerica","category-mundo","tag-arte","tag-zona-maco"],"_links":{"self":[{"href":"https:\/\/eloficiodehistoriar.com.mx\/index.php?rest_route=\/wp\/v2\/posts\/10750","targetHints":{"allow":["GET"]}}],"collection":[{"href":"https:\/\/eloficiodehistoriar.com.mx\/index.php?rest_route=\/wp\/v2\/posts"}],"about":[{"href":"https:\/\/eloficiodehistoriar.com.mx\/index.php?rest_route=\/wp\/v2\/types\/post"}],"author":[{"embeddable":true,"href":"https:\/\/eloficiodehistoriar.com.mx\/index.php?rest_route=\/wp\/v2\/users\/249"}],"replies":[{"embeddable":true,"href":"https:\/\/eloficiodehistoriar.com.mx\/index.php?rest_route=%2Fwp%2Fv2%2Fcomments&post=10750"}],"version-history":[{"count":1,"href":"https:\/\/eloficiodehistoriar.com.mx\/index.php?rest_route=\/wp\/v2\/posts\/10750\/revisions"}],"predecessor-version":[{"id":10751,"href":"https:\/\/eloficiodehistoriar.com.mx\/index.php?rest_route=\/wp\/v2\/posts\/10750\/revisions\/10751"}],"wp:attachment":[{"href":"https:\/\/eloficiodehistoriar.com.mx\/index.php?rest_route=%2Fwp%2Fv2%2Fmedia&parent=10750"}],"wp:term":[{"taxonomy":"category","embeddable":true,"href":"https:\/\/eloficiodehistoriar.com.mx\/index.php?rest_route=%2Fwp%2Fv2%2Fcategories&post=10750"},{"taxonomy":"post_tag","embeddable":true,"href":"https:\/\/eloficiodehistoriar.com.mx\/index.php?rest_route=%2Fwp%2Fv2%2Ftags&post=10750"}],"curies":[{"name":"wp","href":"https:\/\/api.w.org\/{rel}","templated":true}]}}