{"id":10752,"date":"2014-02-10T22:54:06","date_gmt":"2014-02-11T04:54:06","guid":{"rendered":"https:\/\/eloficiodehistoriar.com.mx\/?p=10752"},"modified":"2014-02-10T22:54:06","modified_gmt":"2014-02-11T04:54:06","slug":"zona-maco-la-jornada","status":"publish","type":"post","link":"https:\/\/eloficiodehistoriar.com.mx\/?p=10752","title":{"rendered":"Zona Maco: La Jornada"},"content":{"rendered":"<div>\n<p>La Jornada<\/p>\n<p>Feria Zona Maco,\u00a0<em>tianguis<\/em>\u00a0donde la creaci\u00f3n art\u00edstica tiene precio<\/p>\n<\/div>\n<div>\n<p>Las 110 galer\u00edas de 25 pa\u00edses participantes afirman que es importante vender, pero es m\u00e1s trascendente promoverse e impulsar a los artistas emergentes<\/p>\n<p>Una escultura del vasco Eduardo Chillida, valuada en 2.8 millones de d\u00f3lares, la pieza m\u00e1s cara de la muestra<\/p>\n<p>Hoy se clausura<\/p>\n<\/div>\n<div id=\"article-text\">\n<div><img decoding=\"async\" title=\"\" alt=\"Foto\" src=\"http:\/\/www.jornada.unam.mx\/2013\/04\/14\/fotos\/a02n1cul-1.jpg\" \/><\/p>\n<div>Con su instalaci\u00f3n\u00a0<em>La tensi\u00f3n extendida 2013<\/em>, el artista Manuel Rocha Iturbide, de la galer\u00eda Le Laboratoire, gan\u00f3 el premio Colecci\u00f3n 1800, que por primera vez se entreg\u00f3 en la Feria de Arte Zona Maco, que despu\u00e9s de cinco d\u00edas de actividades concluye este domingoFoto Tom\u00e1s Casademunt<\/div>\n<\/div>\n<div>\n<div>\u00c1ngel Vargas<\/div>\n<div><\/div>\n<div>Peri\u00f3dico La Jornada<br \/>\nDomingo 14 de abril de 2013, p. 2<\/div>\n<p>Excepto por la ausencia de gritos a pulm\u00f3n abierto sobre las ofertas del d\u00eda, la insistente pregunta sobre\u00a0<q>\u00bfqu\u00e9 va a llevar g\u00fcerita?<\/q>\u00a0y las probaditas de \u00e9sto y de aquello, la Feria Zona Maco M\u00e9xico Arte Contempor\u00e1neo no deja de ser, en esencia, un mercado.<\/p>\n<p>Se trata de un poco convencional tianguis, eso s\u00ed, en el que la inventiva y la imaginaci\u00f3n, los sentimientos y las emociones, las ideas y las reflexiones, la prospecci\u00f3n e incluso las transgresiones, enti\u00e9ndase la creaci\u00f3n, tienen precio y se comercia con ellos.<\/p>\n<p>Y vaya que es mercanc\u00eda muy apreciada y harto cotizada la que se ofrece en este encuentro, que este a\u00f1o llega a su d\u00e9cima versi\u00f3n en el Centro Banamex, con una participaci\u00f3n de 110 galer\u00edas, provenientes de 25 pa\u00edses.<\/p>\n<p>Basta preguntar en alguna de ellas para darse cuenta de las exorbitantes transacciones que tienen lugar, cifras inimaginables, por no decir prohibitivas, para el ciudadano de a pie.<\/p>\n<p>Un dibujo de Diego Rivera, por ejemplo, alcanza el precio de 40 mil d\u00f3lares; mientras que una pintura de Francisco Toledo, 70 mil en la misma divisa. Esto, en la Galer\u00eda de Arte Mexicano, cuya obra m\u00e1s costosa, en esta ocasi\u00f3n, es una pintura de Leonora Carrington, cotizada en la friolera de 700 mil billetes verdes.<\/p>\n<p>Sin embargo, la m\u00e1s cara de las piezas de toda la feria es una escultura del vasco Eduardo Chillida, valuada en 2 millones 800 mil d\u00f3lares.<\/p>\n<p>\u00a1Por supuesto que hay obras m\u00e1s accesibles para bolsillos menos acaudalados! Como una serie de cuadros que cuesta 2 mil 200 d\u00f3lares o una fotograf\u00eda de un joven artista valuada en 18 mil pesos.<\/p>\n<p>As\u00ed como una serie de peinetas en metal, joyer\u00eda en cuero o manteles, tapetes y servilletas con dise\u00f1os de Francisco Toledo y elaborados por artesanos oaxaque\u00f1os, cuyos precios oscilan entre 900 y 7 mil pesos, en el local del Instituto de Artes Gr\u00e1ficas de Oaxaca (IAGO), que ha sido uno de los m\u00e1s concurridos de la feria desde su inauguraci\u00f3n, el pasado mi\u00e9rcoles 10 de abril.<\/p>\n<p>Hay locales en los que, como dicen las abuelitas,\u00a0<q>ni las moscas se paran<\/q>.<\/p>\n<p>Finalmente, as\u00ed es esto del capitalismo. Sin embargo, se trata de una situaci\u00f3n que, en principio, no parece preocupar mucho a quienes cuentan con poco poder de convocatoria.<\/p>\n<p>Hasta el mediod\u00eda del viernes pasado, la Galer\u00eda Il Ponte Contempor\u00e1nea, de Roma, no hab\u00eda logrado vender pieza alguna. Ello, no obstante de ser una galer\u00eda italiana muy conocida en Europa.<\/p>\n<p>Tal reconocimiento se debe al trabajo que hace con la vanguardia de aquel pa\u00eds, sobre todo el llamado arte pobre, y contar en su cartera con artistas de renombre mundial, como Gianni Piacentino, Jannis Kounellis y Maurizio Mochetti, entre otros.<\/p>\n<\/div>\n<div>\n<p><q>Esta es la primera vez que participamos en Zona Maco y, por supuesto, para nosotros es muy importante vender, pero lo es m\u00e1s traer la vanguardia italiana y europea a M\u00e9xico y, al mismo tiempo, descubrir j\u00f3venes talentos mexicanos para llevarlos a nuestro continente. De all\u00ed el nombre de nuestra galer\u00eda, que en espa\u00f1ol significa el puente contempor\u00e1neo<\/q>, se\u00f1ala Margaret Failoni, su representante en el pa\u00eds.<\/p>\n<p>Finalmente, esa es la percepci\u00f3n que prevalece entre varios de los expositores en esta feria, que la exhibici\u00f3n funciona como un inmejorable escaparate para dar a conocer y promover a las galer\u00edas y a los artistas que \u00e9stas representan o promueven.<\/p>\n<p>Lo mismo ocurre en el terreno editorial u otros materiales relacionados con las artes visuales, como lo reconoce la artista M\u00f3nica Mayer, quien participa en la feria con su galer\u00eda de autor Pinto mi raya.<\/p>\n<p>Para la tambi\u00e9n cr\u00edtica de arte, ver Zona Maco como un negocio es algo impensable, por lo menos en su caso. \u201cLo m\u00e1s importante \u2013se\u00f1ala Mayer\u2013 es que nos permite dar a conocer nuestro trabajo. Si s\u00f3lo nos interesaran las ventas, ya hubi\u00e9ramos desistido\u201d.<\/p>\n<p>Como todo buen mercado, esta feria, cuya clausura tendr\u00e1 lugar este domingo, tiene de todo para todos. Aqu\u00ed pueden encontrarse pintura, escultura, instalaciones, video, fotograf\u00eda, tanto en arte figurativo como en abstracto, as\u00ed como en todas las dimensiones.<\/p>\n<p>Esta particularidad hace de este encuentro algo excepcional y sumamente atractivo, pues tambi\u00e9n se convierte en una especie de museo temporal de arte contempor\u00e1neo, en el que pueden apreciarse obras de figuras consagradas a escala mundial, artistas emergentes tanto del pa\u00eds como de otras naciones, as\u00ed como las tendencias y las vanguardias del arte internacional.<\/p>\n<p>En los pasillos se ven lo mismo compradores, coleccionistas o representantes de \u00e9stos, tanto del pa\u00eds como extranjeros, que j\u00f3venes artistas o estudiantes de dise\u00f1o, pintura y escultura.<\/p>\n<p>Un rasgo en com\u00fan de todos ellos es que miran con detenimiento las obras, algunos con extra\u00f1eza y hay quienes hasta les toman fotograf\u00edas, sea con c\u00e1mara o celular.<\/p>\n<p>Lo que marca la diferencia es que los primeros auscultan la mercanc\u00eda, hacen preguntas y demandan datos muy precisos, no son pocos los que regatean con los expositores, en una transacci\u00f3n cuyo final se espera sea feliz para ambas partes. As\u00ed, nuevamente, uno recuerda que esto no es sino un tianguis: Eso s\u00ed, de lujo.<\/p>\n<\/div>\n<\/div>\n","protected":false},"excerpt":{"rendered":"<p>La Jornada Feria Zona Maco,\u00a0tianguis\u00a0donde la creaci\u00f3n art\u00edstica tiene precio Las 110 galer\u00edas de 25 pa\u00edses participantes afirman que es importante vender, pero es m\u00e1s trascendente promoverse e impulsar a los artistas emergentes Una escultura del vasco Eduardo Chillida, valuada en 2.8 millones de d\u00f3lares, la pieza m\u00e1s cara de la muestra Hoy se clausura [&hellip;]<\/p>\n","protected":false},"author":249,"featured_media":10816,"comment_status":"open","ping_status":"closed","sticky":false,"template":"","format":"standard","meta":{"footnotes":""},"categories":[30,24,11,27,26,9],"tags":[],"class_list":["post-10752","post","type-post","status-publish","format-standard","has-post-thumbnail","hentry","category-arte","category-ciudad-de-mexico","category-fotografia","category-latinoamerica","category-mundo","category-otros-lugares"],"_links":{"self":[{"href":"https:\/\/eloficiodehistoriar.com.mx\/index.php?rest_route=\/wp\/v2\/posts\/10752","targetHints":{"allow":["GET"]}}],"collection":[{"href":"https:\/\/eloficiodehistoriar.com.mx\/index.php?rest_route=\/wp\/v2\/posts"}],"about":[{"href":"https:\/\/eloficiodehistoriar.com.mx\/index.php?rest_route=\/wp\/v2\/types\/post"}],"author":[{"embeddable":true,"href":"https:\/\/eloficiodehistoriar.com.mx\/index.php?rest_route=\/wp\/v2\/users\/249"}],"replies":[{"embeddable":true,"href":"https:\/\/eloficiodehistoriar.com.mx\/index.php?rest_route=%2Fwp%2Fv2%2Fcomments&post=10752"}],"version-history":[{"count":1,"href":"https:\/\/eloficiodehistoriar.com.mx\/index.php?rest_route=\/wp\/v2\/posts\/10752\/revisions"}],"predecessor-version":[{"id":10753,"href":"https:\/\/eloficiodehistoriar.com.mx\/index.php?rest_route=\/wp\/v2\/posts\/10752\/revisions\/10753"}],"wp:featuredmedia":[{"embeddable":true,"href":"https:\/\/eloficiodehistoriar.com.mx\/index.php?rest_route=\/wp\/v2\/media\/10816"}],"wp:attachment":[{"href":"https:\/\/eloficiodehistoriar.com.mx\/index.php?rest_route=%2Fwp%2Fv2%2Fmedia&parent=10752"}],"wp:term":[{"taxonomy":"category","embeddable":true,"href":"https:\/\/eloficiodehistoriar.com.mx\/index.php?rest_route=%2Fwp%2Fv2%2Fcategories&post=10752"},{"taxonomy":"post_tag","embeddable":true,"href":"https:\/\/eloficiodehistoriar.com.mx\/index.php?rest_route=%2Fwp%2Fv2%2Ftags&post=10752"}],"curies":[{"name":"wp","href":"https:\/\/api.w.org\/{rel}","templated":true}]}}