{"id":10797,"date":"2014-03-02T09:25:01","date_gmt":"2014-03-02T15:25:01","guid":{"rendered":"https:\/\/eloficiodehistoriar.com.mx\/?p=10797"},"modified":"2014-03-04T11:37:51","modified_gmt":"2014-03-04T17:37:51","slug":"oro-no-es-todo-lo-que-brilla","status":"publish","type":"post","link":"https:\/\/eloficiodehistoriar.com.mx\/?p=10797","title":{"rendered":"Oro No Es Todo Lo Que Brilla"},"content":{"rendered":"<p><b><a href=\"https:\/\/eloficiodehistoriar.com.mx\/wp-content\/uploads\/2014\/03\/BeFunky_oro.jpg.jpg\"><img loading=\"lazy\" decoding=\"async\" class=\"alignleft size-medium wp-image-10798\" alt=\"Oro No Es Todo Lo Que Brilla\" src=\"https:\/\/eloficiodehistoriar.com.mx\/wp-content\/uploads\/2014\/03\/BeFunky_oro.jpg-300x156.jpg\" width=\"300\" height=\"156\" srcset=\"https:\/\/eloficiodehistoriar.com.mx\/wp-content\/uploads\/2014\/03\/BeFunky_oro.jpg-300x156.jpg 300w, https:\/\/eloficiodehistoriar.com.mx\/wp-content\/uploads\/2014\/03\/BeFunky_oro.jpg-1024x532.jpg 1024w, https:\/\/eloficiodehistoriar.com.mx\/wp-content\/uploads\/2014\/03\/BeFunky_oro.jpg-500x260.jpg 500w, https:\/\/eloficiodehistoriar.com.mx\/wp-content\/uploads\/2014\/03\/BeFunky_oro.jpg.jpg 1396w\" sizes=\"auto, (max-width: 300px) 100vw, 300px\" \/><\/a><\/b><\/p>\n<p align=\"right\">\u201cOro No Es Todo Lo Que Brilla\u201d es una serie de art\u00edculos inspirados en im\u00e1genes de momentos no contemplados, sin ning\u00fan tipo de planeaci\u00f3n previa m\u00e1s que la captura y la abstracci\u00f3n de instantes cotidianos que viven diferentes habitantes j\u00f3venes de la Ciudad de M\u00e9xico quienes desempe\u00f1an roles art\u00edsticos considerados de prestigio y que a\u00fan sin tener aparente relaci\u00f3n, viven y convergen en ambientes similiares y espacios conjuntos.<\/p>\n<p align=\"right\">En este proyecto existieron las im\u00e1genes antes que los textos.<\/p>\n<p align=\"right\">Los roles que se tienen que adoptar y el contexto social que se tiene que sostener es tan importante que lleva a ejercer un apego sobre todo aquello que representa un tipo de estatus e imagen, haciendo a un lado la ostentaci\u00f3n econ\u00f3mica que tan importante fue durante el siglo XX y arraig\u00e1ndose al significado social del individuo como miembro perteneciente a un grupo. De cierto modo TODOS vivimos de apariencias.<\/p>\n<p align=\"right\">Los id\u00edlicos estados de felicidad son un com\u00fan denominador en estos casos, caras que vemos todos los d\u00edas e imaginamos que viven en para\u00edsos existenciales, vivenciales y envidiables no son m\u00e1s que la car\u00e1tula de la superficie de una imagen en movimiento m\u00e1s profunda.<\/p>\n<p align=\"right\">A continuaci\u00f3n se presentan los tres primeros art\u00edculos de la serie inspirados en tres im\u00e1genes.<\/p>\n<p align=\"right\"><b>Fotograf\u00eda: Annie Cort\u00e9s<\/b><\/p>\n<p align=\"right\"><b>Textos: Natt F\u00e9lix y Annie Cort\u00e9s<\/b><\/p>\n","protected":false},"excerpt":{"rendered":"<p>\u201cOro No Es Todo Lo Que Brilla\u201d es una serie de art\u00edculos inspirados en im\u00e1genes de momentos no contemplados, sin ning\u00fan tipo de planeaci\u00f3n previa m\u00e1s que la captura y la abstracci\u00f3n de instantes cotidianos que viven diferentes habitantes j\u00f3venes de la Ciudad de M\u00e9xico quienes desempe\u00f1an roles art\u00edsticos considerados de prestigio y que a\u00fan [&hellip;]<\/p>\n","protected":false},"author":249,"featured_media":10798,"comment_status":"open","ping_status":"closed","sticky":false,"template":"","format":"standard","meta":{"footnotes":""},"categories":[30,24,11,27,26,22],"tags":[],"class_list":["post-10797","post","type-post","status-publish","format-standard","has-post-thumbnail","hentry","category-arte","category-ciudad-de-mexico","category-fotografia","category-latinoamerica","category-mundo","category-musica"],"_links":{"self":[{"href":"https:\/\/eloficiodehistoriar.com.mx\/index.php?rest_route=\/wp\/v2\/posts\/10797","targetHints":{"allow":["GET"]}}],"collection":[{"href":"https:\/\/eloficiodehistoriar.com.mx\/index.php?rest_route=\/wp\/v2\/posts"}],"about":[{"href":"https:\/\/eloficiodehistoriar.com.mx\/index.php?rest_route=\/wp\/v2\/types\/post"}],"author":[{"embeddable":true,"href":"https:\/\/eloficiodehistoriar.com.mx\/index.php?rest_route=\/wp\/v2\/users\/249"}],"replies":[{"embeddable":true,"href":"https:\/\/eloficiodehistoriar.com.mx\/index.php?rest_route=%2Fwp%2Fv2%2Fcomments&post=10797"}],"version-history":[{"count":1,"href":"https:\/\/eloficiodehistoriar.com.mx\/index.php?rest_route=\/wp\/v2\/posts\/10797\/revisions"}],"predecessor-version":[{"id":10799,"href":"https:\/\/eloficiodehistoriar.com.mx\/index.php?rest_route=\/wp\/v2\/posts\/10797\/revisions\/10799"}],"wp:featuredmedia":[{"embeddable":true,"href":"https:\/\/eloficiodehistoriar.com.mx\/index.php?rest_route=\/wp\/v2\/media\/10798"}],"wp:attachment":[{"href":"https:\/\/eloficiodehistoriar.com.mx\/index.php?rest_route=%2Fwp%2Fv2%2Fmedia&parent=10797"}],"wp:term":[{"taxonomy":"category","embeddable":true,"href":"https:\/\/eloficiodehistoriar.com.mx\/index.php?rest_route=%2Fwp%2Fv2%2Fcategories&post=10797"},{"taxonomy":"post_tag","embeddable":true,"href":"https:\/\/eloficiodehistoriar.com.mx\/index.php?rest_route=%2Fwp%2Fv2%2Ftags&post=10797"}],"curies":[{"name":"wp","href":"https:\/\/api.w.org\/{rel}","templated":true}]}}