{"id":10805,"date":"2014-03-04T10:44:26","date_gmt":"2014-03-04T16:44:26","guid":{"rendered":"https:\/\/eloficiodehistoriar.com.mx\/?p=10805"},"modified":"2014-03-04T11:29:03","modified_gmt":"2014-03-04T17:29:03","slug":"musica-de-viento-en-la-catedral-de-mexico","status":"publish","type":"post","link":"https:\/\/eloficiodehistoriar.com.mx\/?p=10805","title":{"rendered":"M\u00fasica de viento en la Catedral de M\u00e9xico"},"content":{"rendered":"<p>M\u00fasica de viento en la catedral de M\u00e9xico<\/p>\n<p>El templo religioso de la capital es el \u00fanico con dos \u00f3rganos en Am\u00e9rica. La reparaci\u00f3n de los isntrumentos dur\u00f3 siente a\u00f1os<\/p>\n<p><a title=\"Ver todas las noticias de Paula Chouza\" href=\"http:\/\/cultura.elpais.com\/autor\/paula_chouza\/a\/\"><b>PAULA CHOUZA<\/b><\/a><b>\u00a0<\/b><b>M\u00e9xico\u00a0<\/b><\/p>\n<p>&nbsp;<\/p>\n<div>\n<p>Ensayo para el concierto en la catedral del DF. \/\u00a0SA\u00daL RUIZ<\/p>\n<\/div>\n<p>El medio centenar de turistas que deambula por los pasillos de la catedral no sabe que escucha un concierto in\u00e9dito. Apenas un d\u00eda antes, en misa de domingo, el arzobispo de la Ciudad de M\u00e9xico, Norberto Rivera bendec\u00eda los dos \u00f3rganos erigidos sobre el coro. Con m\u00e1s de tres siglos de antig\u00fcedad, estos instrumentos acaban de terminar un proceso de restauraci\u00f3n que ha durado siete a\u00f1os. Para su reparaci\u00f3n, los \u00f3rganos viajaron hasta Barcelona, donde se encuentra uno de los talleres m\u00e1s prestigiosos del mundo, dirigido por el restaurador Gerhard Grenzing. \u201cEn M\u00e9xico no tenemos un especialista similar\u201d, explica el padre Felipe Galicia, director del Coro de la catedral. \u201c\u00bfPor qu\u00e9 nos ha llevado tanto tiempo la rehabilitaci\u00f3n? Pues porque est\u00e1 bien hecha\u201d, asegura sonriente.<\/p>\n<p>Le entrevista se realiza a primera hora de la tarde del lunes, con una sinton\u00eda sobrecogedora de fondo: El ensayo del conciero que se celebra este martes para escenificar la reinauguraci\u00f3n de ambos instrumentos. Colocados sobre dos de los grandes arcos de la nave principal del templo, cada uno de los \u00f3rganos suena diferente, explica el sacerdote, \u201cuno es brioso, el otro m\u00e1s abrazador\u201d. La historia de su \u00faltima reparaci\u00f3n comenz\u00f3 en agosto de 2007. \u201cFueron dos procesos diferentes, primero empezamos con uno de los \u00f3rganos y despu\u00e9s pasamos al otro, pero nunca nos quedamos sin los dos a la vez\u201d.<\/p>\n<p>El trabajo de afinaci\u00f3n y armonizaci\u00f3n es complejo. Desde hace tres meses un equipo de profesionales trata de acoplar los dos instrumentos. \u201cNos hubiera venido bien un mes m\u00e1s, porque el sonido est\u00e1 sujeto al ambiente: el clima, la humedad y la temperatura. Hay que tratar de mantener una temperatura y humedad promedio, encontrar un equilibrio. En la catedral tenemos unos 20 grados de media, pero el clima es cambiante y hay que afirnar 3.000 tubos por \u00f3rgano. Ya hab\u00edamos calculado estas fechas, pero un rato m\u00e1s hubiera sido mejor\u201d, se sincera.<\/p>\n<p>&nbsp;<\/p>\n<div>\n<p>SA\u00daL RUIZ<\/p>\n<\/div>\n<p>El \u00f3rgano m\u00e1s antiguo es el del lado oriente de la catedral, el de La Ep\u00edstola, y data de 1695. Fue modificado en 1736 por Jos\u00e9 Nazarre, quien tambi\u00e9n construy\u00f3 el segundo instrumento en 1735, ubicado en el lado poniente, el del Evangelio.<\/p>\n<p>Las labores de rehabilitaci\u00f3n de los instrumentos llegan despu\u00e9s de una primera \u00e9poca de reparaciones en el edificio, en los a\u00f1os noventa. \u201cLa prioridad era la correccion geom\u00e9trica del templo, alterada debido al hundimiento de la propia ciudad\u201d, explica Galicia. \u201cLos \u00f3rganos estaban da\u00f1ados porque durante las obras para rehabilitar el edificio se retiraron las ventanas de la parte superior y cay\u00f3 agua sobre ellos. Adem\u00e1s, antes, los instrumentos hab\u00edan sufrido los efectos de la contaminaci\u00f3n ambiental de los a\u00f1os ochenta, la falta de mantenimiento y tambi\u00e9n de uso. Se perdieron elementos de pieles que van en ellos y tambi\u00e9n era necesario desmontarlos\u201d.<\/p>\n<p>\u201cNo tenemos el presupuesto final\u201d, afirma el sacerdote cuando es interrogado sobre el costo de los trabajos. En octubre de 2013, cuando regres\u00f3 a la catedral el segundo de los \u00f3rganos resaturados, el CONACULTA, organismo del Gobierno encargado de la gesti\u00f3n cultural en M\u00e9xico, inform\u00f3 de una inversi\u00f3n de 16 millones de pesos. Este martes la catedral capitalina se viste de largo para la reinauguraci\u00f3n oficial de los \u00f3rganos. El concierto comienz a las ocho de la tarde y la entrada es libre.<\/p>\n","protected":false},"excerpt":{"rendered":"<p>M\u00fasica de viento en la catedral de M\u00e9xico El templo religioso de la capital es el \u00fanico con dos \u00f3rganos en Am\u00e9rica. La reparaci\u00f3n de los isntrumentos dur\u00f3 siente a\u00f1os PAULA CHOUZA\u00a0M\u00e9xico\u00a0 &nbsp; Ensayo para el concierto en la catedral del DF. \/\u00a0SA\u00daL RUIZ El medio centenar de turistas que deambula por los pasillos de [&hellip;]<\/p>\n","protected":false},"author":249,"featured_media":10813,"comment_status":"open","ping_status":"closed","sticky":false,"template":"","format":"standard","meta":{"footnotes":""},"categories":[1],"tags":[],"class_list":["post-10805","post","type-post","status-publish","format-standard","has-post-thumbnail","hentry","category-sin-categoria"],"_links":{"self":[{"href":"https:\/\/eloficiodehistoriar.com.mx\/index.php?rest_route=\/wp\/v2\/posts\/10805","targetHints":{"allow":["GET"]}}],"collection":[{"href":"https:\/\/eloficiodehistoriar.com.mx\/index.php?rest_route=\/wp\/v2\/posts"}],"about":[{"href":"https:\/\/eloficiodehistoriar.com.mx\/index.php?rest_route=\/wp\/v2\/types\/post"}],"author":[{"embeddable":true,"href":"https:\/\/eloficiodehistoriar.com.mx\/index.php?rest_route=\/wp\/v2\/users\/249"}],"replies":[{"embeddable":true,"href":"https:\/\/eloficiodehistoriar.com.mx\/index.php?rest_route=%2Fwp%2Fv2%2Fcomments&post=10805"}],"version-history":[{"count":1,"href":"https:\/\/eloficiodehistoriar.com.mx\/index.php?rest_route=\/wp\/v2\/posts\/10805\/revisions"}],"predecessor-version":[{"id":10806,"href":"https:\/\/eloficiodehistoriar.com.mx\/index.php?rest_route=\/wp\/v2\/posts\/10805\/revisions\/10806"}],"wp:featuredmedia":[{"embeddable":true,"href":"https:\/\/eloficiodehistoriar.com.mx\/index.php?rest_route=\/wp\/v2\/media\/10813"}],"wp:attachment":[{"href":"https:\/\/eloficiodehistoriar.com.mx\/index.php?rest_route=%2Fwp%2Fv2%2Fmedia&parent=10805"}],"wp:term":[{"taxonomy":"category","embeddable":true,"href":"https:\/\/eloficiodehistoriar.com.mx\/index.php?rest_route=%2Fwp%2Fv2%2Fcategories&post=10805"},{"taxonomy":"post_tag","embeddable":true,"href":"https:\/\/eloficiodehistoriar.com.mx\/index.php?rest_route=%2Fwp%2Fv2%2Ftags&post=10805"}],"curies":[{"name":"wp","href":"https:\/\/api.w.org\/{rel}","templated":true}]}}